{"id":41698,"date":"2026-09-05T09:17:11","date_gmt":"2026-09-05T09:17:11","guid":{"rendered":"https:\/\/conakrynews.org\/?p=41698"},"modified":"2026-09-05T09:17:11","modified_gmt":"2026-09-05T09:17:11","slug":"zero-sachet-plastique-dans-ladministration-des-le-21-septembre-la-mise-en-garde-du-ministre-fassou-thea","status":"publish","type":"post","link":"https:\/\/conakrynews.org\/index.php\/zero-sachet-plastique-dans-ladministration-des-le-21-septembre-la-mise-en-garde-du-ministre-fassou-thea\/","title":{"rendered":"Z\u00e9ro sachet plastique dans l\u2019administration d\u00e8s le 21 septembre : la mise en garde du ministre Fassou Th\u00e9a"},"content":{"rendered":"<h1 class=\"name post-title entry-title\"><\/h1>\n<p class=\"post-meta\">\n<div class=\"clear\"><\/div>\n<div class=\"entry\">\n<p data-path-to-node=\"17\">Lors d\u2019une visite de terrain dans les unit\u00e9s industrielles ce vendredi 4 septembre 2026, le ministre de l\u2019Environnement et du D\u00e9veloppement Durable, M. Fassou Th\u00e9a, s\u2019est montr\u00e9 ferme quant \u00e0 l\u2019application de cette\u00a0<span class=\"citation-31 citation-end-31\">mesure au sein de l\u2019\u00c9tat : d\u00e8s le 21 septembre 2026, l\u2019usage des sachets plastiques sera strictement interdit dans l\u2019ensemble des services publics, apr\u00e8s une phase pr\u00e9alable d\u2019information et de sensibilisat<\/span>ion<\/p>\n<p data-path-to-node=\"18\">Enfin, pour s\u00e9curiser le march\u00e9 et soutenir les industriels durant cette phase transitoire, un plan de contingence de six mois, coupl\u00e9 \u00e0 une campagne de communication strat\u00e9gique, sera d\u00e9ploy\u00e9 conjointement par le minist\u00e8re et les entreprises du secteur.<\/p>\n<p data-path-to-node=\"18\">\n<p data-path-to-node=\"18\"><strong>Guineequotidien<\/strong><\/p>\n<\/div>\n","protected":false},"excerpt":{"rendered":"<p>Lors d\u2019une visite de terrain dans les unit\u00e9s industrielles ce vendredi 4 septembre 2026, le ministre de l\u2019Environnement et du D\u00e9veloppement Durable, M. Fassou Th\u00e9a, s\u2019est montr\u00e9 ferme quant \u00e0 l\u2019application de cette\u00a0mesure au sein de l\u2019\u00c9tat : d\u00e8s le 21 septembre 2026, l\u2019usage des sachets plastiques sera strictement interdit dans l\u2019ensemble des services publics, [&hellip;]<\/p>\n","protected":false},"author":2,"featured_media":41699,"comment_status":"closed","ping_status":"closed","sticky":false,"template":"","format":"standard","meta":{"footnotes":""},"categories":[60],"tags":[],"class_list":["post-41698","post","type-post","status-publish","format-standard","has-post-thumbnail","category-environnement"],"_links":{"self":[{"href":"https:\/\/conakrynews.org\/index.php\/wp-json\/wp\/v2\/posts\/41698","targetHints":{"allow":["GET"]}}],"collection":[{"href":"https:\/\/conakrynews.org\/index.php\/wp-json\/wp\/v2\/posts"}],"about":[{"href":"https:\/\/conakrynews.org\/index.php\/wp-json\/wp\/v2\/types\/post"}],"author":[{"embeddable":true,"href":"https:\/\/conakrynews.org\/index.php\/wp-json\/wp\/v2\/users\/2"}],"replies":[{"embeddable":true,"href":"https:\/\/conakrynews.org\/index.php\/wp-json\/wp\/v2\/comments?post=41698"}],"version-history":[{"count":1,"href":"https:\/\/conakrynews.org\/index.php\/wp-json\/wp\/v2\/posts\/41698\/revisions"}],"predecessor-version":[{"id":41700,"href":"https:\/\/conakrynews.org\/index.php\/wp-json\/wp\/v2\/posts\/41698\/revisions\/41700"}],"wp:featuredmedia":[{"embeddable":true,"href":"https:\/\/conakrynews.org\/index.php\/wp-json\/wp\/v2\/media\/41699"}],"wp:attachment":[{"href":"https:\/\/conakrynews.org\/index.php\/wp-json\/wp\/v2\/media?parent=41698"}],"wp:term":[{"taxonomy":"category","embeddable":true,"href":"https:\/\/conakrynews.org\/index.php\/wp-json\/wp\/v2\/categories?post=41698"},{"taxonomy":"post_tag","embeddable":true,"href":"https:\/\/conakrynews.org\/index.php\/wp-json\/wp\/v2\/tags?post=41698"}],"curies":[{"name":"wp","href":"https:\/\/api.w.org\/{rel}","templated":true}]}}