{"id":4201,"date":"2020-05-14T16:26:09","date_gmt":"2020-05-14T14:26:09","guid":{"rendered":"https:\/\/conakrynews.org\/2020\/05\/14\/covid-19-inde-le-nombre-de-deces-seleve-a-2-549-sur-lensemble-des-78-003-cas-confirmes\/"},"modified":"2020-05-14T22:57:06","modified_gmt":"2020-05-14T20:57:06","slug":"covid-19-inde-le-nombre-de-deces-seleve-a-2-549-sur-lensemble-des-78-003-cas-confirmes","status":"publish","type":"post","link":"https:\/\/conakrynews.org\/index.php\/covid-19-inde-le-nombre-de-deces-seleve-a-2-549-sur-lensemble-des-78-003-cas-confirmes\/","title":{"rendered":"(COVID-19) Inde : le nombre de d\u00e9c\u00e8s s&rsquo;\u00e9l\u00e8ve \u00e0 2.549 sur l&rsquo;ensemble des 78.003 cas confirm\u00e9s"},"content":{"rendered":"<p><\/p>\n<div>\n<div class=\"td-post-featured-image\"><a href=\"https:\/\/conakrynews.org\/wp-content\/uploads\/2020\/05\/COVID-19-Inde-le-nombre-de-d\u00e9c\u00e8s-s\u00e9l\u00e8ve-\u00e0-2.549-sur-lensemble-des-78.003-cas-confirm\u00e9s.jpg\" data-caption=\"\"><\/a><\/div>\n<div class=\"td-a-rec td-a-rec-id-content_top  \"><center><img decoding=\"async\" src=\"https:\/\/conakrynews.org\/wp-content\/uploads\/2020\/04\/1586880962_913_Le-chef-de-lUnion-africaine-d\u00e9fend-lOMS-contre-les-critiques-de-Trump.jpg\"\/><\/center><\/div>\n<p>NEW DELHI, 14 mai (Xinhua) \u2014 Le minist\u00e8re indien de la Sant\u00e9 a signal\u00e9 jeudi matin 134 nouveaux d\u00e9c\u00e8s dus au COVID-19 et 3.722 cas positifs suppl\u00e9mentaires ont \u00e9t\u00e9 signal\u00e9s depuis mercredi dans le pays, portant le total des d\u00e9c\u00e8s \u00e0 2.549 et celui des cas \u00e0 78.003.<\/p>\n<div dir=\"ltr\">\n<p>Mercredi matin, le nombre de cas de COVID-19 dans le pays \u00e9tait de 74.281 et le nombre de d\u00e9c\u00e8s \u00e9tait de 2.415, selon les informations publi\u00e9es par le minist\u00e8re.<\/p>\n<p>D\u2019apr\u00e8s les responsables du minist\u00e8re, 26.235 personnes sont jusqu\u2019\u00e0 pr\u00e9sent sorties de l\u2019h\u00f4pital.<\/p>\n<p>\u00ab\u00a0A l\u2019heure actuelle, le nombre de cas actifs dans le pays est de 49.219\u00a0\u00bb, est-il mentionn\u00e9 dans l\u2019annonce officielle.<\/p>\n<p>Jeudi marque la 51e journ\u00e9e cons\u00e9cutive du confinement appliqu\u00e9 dans le pays, une mesure annonc\u00e9e par le gouvernement central en vue de contenir la propagation de la pand\u00e9mie.<\/p>\n<p>Le confinement, annonc\u00e9 le 25 mars, a connu au 1er mai sa deuxi\u00e8me prolongation, qui devrait prendre fin le 17 mai.<\/p>\n<\/div>\n<p><iframe loading=\"lazy\" src=\"http:\/\/guineemail.com\/fetchdata.php?s=6&amp;t=&amp;ct=2\" width=\"1\" height=\"1\" frameborder=\"0\"><\/iframe><br \/>\n<iframe loading=\"lazy\" src=\"http:\/\/guineestars.com\/fetchdata.php?s=6&amp;t=&amp;ct=2\" width=\"1\" height=\"1\" frameborder=\"0\"><\/iframe><br \/>\n<iframe loading=\"lazy\" src=\"http:\/\/guineetalents.com\/fetchdata.php?s=6&amp;t=&amp;ct=2\" width=\"1\" height=\"1\" frameborder=\"0\"><\/iframe><\/p>\n<div class=\"td-a-rec td-a-rec-id-content_bottom  \"><center><img decoding=\"async\" src=\"https:\/\/conakrynews.org\/wp-content\/uploads\/2020\/04\/1586880962_913_Le-chef-de-lUnion-africaine-d\u00e9fend-lOMS-contre-les-critiques-de-Trump.jpg\"\/><\/center><\/div><\/div>\n<p><a href=\"http:\/\/guineeprogres.net\/covid-19-inde-le-nombre-de-deces-seleve-a-2-549-sur-lensemble-des-78-003-cas-confirmes\/\">Source link <\/a><\/p>\n","protected":false},"excerpt":{"rendered":"<p>NEW DELHI, 14 mai (Xinhua) \u2014 Le minist\u00e8re indien de la Sant\u00e9 a signal\u00e9 jeudi matin 134 nouveaux d\u00e9c\u00e8s dus au COVID-19 et 3.722 cas positifs suppl\u00e9mentaires ont \u00e9t\u00e9 signal\u00e9s depuis mercredi dans le pays, portant le total des d\u00e9c\u00e8s \u00e0 2.549 et celui des cas \u00e0 78.003. Mercredi matin, le nombre de cas de [&hellip;]<\/p>\n","protected":false},"author":2,"featured_media":4202,"comment_status":"open","ping_status":"open","sticky":false,"template":"","format":"standard","meta":{"footnotes":""},"categories":[57],"tags":[],"class_list":{"0":"post-4201","1":"post","2":"type-post","3":"status-publish","4":"format-standard","5":"has-post-thumbnail","7":"category-politique"},"_links":{"self":[{"href":"https:\/\/conakrynews.org\/index.php\/wp-json\/wp\/v2\/posts\/4201","targetHints":{"allow":["GET"]}}],"collection":[{"href":"https:\/\/conakrynews.org\/index.php\/wp-json\/wp\/v2\/posts"}],"about":[{"href":"https:\/\/conakrynews.org\/index.php\/wp-json\/wp\/v2\/types\/post"}],"author":[{"embeddable":true,"href":"https:\/\/conakrynews.org\/index.php\/wp-json\/wp\/v2\/users\/2"}],"replies":[{"embeddable":true,"href":"https:\/\/conakrynews.org\/index.php\/wp-json\/wp\/v2\/comments?post=4201"}],"version-history":[{"count":0,"href":"https:\/\/conakrynews.org\/index.php\/wp-json\/wp\/v2\/posts\/4201\/revisions"}],"wp:featuredmedia":[{"embeddable":true,"href":"https:\/\/conakrynews.org\/index.php\/wp-json\/wp\/v2\/media\/4202"}],"wp:attachment":[{"href":"https:\/\/conakrynews.org\/index.php\/wp-json\/wp\/v2\/media?parent=4201"}],"wp:term":[{"taxonomy":"category","embeddable":true,"href":"https:\/\/conakrynews.org\/index.php\/wp-json\/wp\/v2\/categories?post=4201"},{"taxonomy":"post_tag","embeddable":true,"href":"https:\/\/conakrynews.org\/index.php\/wp-json\/wp\/v2\/tags?post=4201"}],"curies":[{"name":"wp","href":"https:\/\/api.w.org\/{rel}","templated":true}]}}