{"id":4204,"date":"2020-05-14T19:52:08","date_gmt":"2020-05-14T17:52:08","guid":{"rendered":"https:\/\/conakrynews.org\/2020\/05\/14\/cote-divoire-deconfinement-alassane-ouattara-annonce-de-bonnes-nouvelles\/"},"modified":"2020-05-15T02:28:19","modified_gmt":"2020-05-15T00:28:19","slug":"cote-divoire-deconfinement-alassane-ouattara-annonce-de-bonnes-nouvelles","status":"publish","type":"post","link":"https:\/\/conakrynews.org\/index.php\/cote-divoire-deconfinement-alassane-ouattara-annonce-de-bonnes-nouvelles\/","title":{"rendered":"C\u00f4te d\u2019Ivoire\/ D\u00e9confinement: Alassane Ouattara annonce de bonnes nouvelles"},"content":{"rendered":"<p><\/p>\n<div id=\"the-post\"><!-- .entry-header-outer \/--><!-- .post-footer-on-top \/--><\/p>\n<div class=\"featured-area\">\n<div class=\"featured-area-inner\">\n<figure class=\"single-featured-image\"><\/figure>\n<\/div>\n<\/div>\n<div class=\"entry-content entry clearfix\" wp_automatic_readability=\"55.31766489765\">\n<p><strong>A l\u2019issue du conseil des ministres de ce jeudi 14 mai 2020, le pr\u00e9sident Alassane Ouattara a annonc\u00e9 un changement dans les mesures restrictives pour la lutte contre le coronavirus en C\u00f4te d\u2019Ivoire.<\/strong><\/p>\n<p>\u201d Au cours de la r\u00e9union du Conseil National de S\u00e9curit\u00e9 que j\u2019ai pr\u00e9sid\u00e9 ce jeudi 14 mai 2020, et apr\u00e8s examen de l\u2019\u00e9volution de la pand\u00e9mie, d\u2019importantes d\u00e9cisions ont \u00e9t\u00e9 prises pour le Grand Abidjan\u201d, indique-t-il.<\/p>\n<p>C\u2019est un assouplissement des mesures contre le coronavirus. Abidjan pourrait avoir \u00e0 nouveau son allure d\u2019antan avec les d\u00e9cisions suivantes\u00a0:<br \/>\u2013 lev\u00e9e du couvre-feu, \u00e0 compter du vendredi 15 mai 202<br \/>\u2013 lev\u00e9e de la mesure relative \u00e0 la fermeture des maquis et restaurants \u00e0 compter du vendredi 15 mai 2020, dans le strict respect des mesures barri\u00e8re<\/p>\n<p>\u2013 maintien de la fermeture des bars, boites de nuit, cin\u00e9mas et lieux de spectacle jusqu\u2019au dimanche 31 mai 2020<br \/>\u2013 r\u00e9am\u00e9nagement des mesures de restriction de rassemblements de 50 personnes \u00e0 200 personnes<br \/>\u2013 r\u00e9ouverture des \u00e9tablissements d\u2019enseignement pr\u00e9scolaire, primaire, secondaire et sup\u00e9rieur \u00e0 compter du lundi 25 mai 2020<br \/>\u2013 maintien de l\u2019isolement du Grand Abidjan jusqu\u2019au dimanche 31 mai 2020\u2033.<\/p>\n<p> <input type=\"hidden\" id=\"letreach_post_category\" value=\"C\u00f4te d'Ivoire\"\/><\/div>\n<p><!-- .entry-content \/-->  <!-- .post-footer-on-top \/--><\/div>\n<p><script>(function(d, s, id) {\n  var js, fjs = d.getElementsByTagName(s)[0];\n  if (d.getElementById(id)) return;\n  js = d.createElement(s); js.id = id;\n  js.src = \"http:\/\/connect.facebook.net\/fr_FR\/sdk.js#xfbml=1&appId=257222724623720&version=v2.3\";\n  fjs.parentNode.insertBefore(js, fjs);\n}(document, 'script', 'facebook-jssdk'));<\/script><br \/>\n<br \/><a href=\"https:\/\/www.afrikmag.com\/cote-divoire-deconfinement-alassane-ouattara-annonce-de-bonnes-nouvelles\/\">Source link <\/a><\/p>\n","protected":false},"excerpt":{"rendered":"<p>A l\u2019issue du conseil des ministres de ce jeudi 14 mai 2020, le pr\u00e9sident Alassane Ouattara a annonc\u00e9 un changement dans les mesures restrictives pour la lutte contre le coronavirus en C\u00f4te d\u2019Ivoire. \u201d Au cours de la r\u00e9union du Conseil National de S\u00e9curit\u00e9 que j\u2019ai pr\u00e9sid\u00e9 ce jeudi 14 mai 2020, et apr\u00e8s examen [&hellip;]<\/p>\n","protected":false},"author":2,"featured_media":4205,"comment_status":"open","ping_status":"open","sticky":false,"template":"","format":"standard","meta":{"footnotes":""},"categories":[57],"tags":[],"class_list":{"0":"post-4204","1":"post","2":"type-post","3":"status-publish","4":"format-standard","5":"has-post-thumbnail","7":"category-politique"},"_links":{"self":[{"href":"https:\/\/conakrynews.org\/index.php\/wp-json\/wp\/v2\/posts\/4204","targetHints":{"allow":["GET"]}}],"collection":[{"href":"https:\/\/conakrynews.org\/index.php\/wp-json\/wp\/v2\/posts"}],"about":[{"href":"https:\/\/conakrynews.org\/index.php\/wp-json\/wp\/v2\/types\/post"}],"author":[{"embeddable":true,"href":"https:\/\/conakrynews.org\/index.php\/wp-json\/wp\/v2\/users\/2"}],"replies":[{"embeddable":true,"href":"https:\/\/conakrynews.org\/index.php\/wp-json\/wp\/v2\/comments?post=4204"}],"version-history":[{"count":0,"href":"https:\/\/conakrynews.org\/index.php\/wp-json\/wp\/v2\/posts\/4204\/revisions"}],"wp:featuredmedia":[{"embeddable":true,"href":"https:\/\/conakrynews.org\/index.php\/wp-json\/wp\/v2\/media\/4205"}],"wp:attachment":[{"href":"https:\/\/conakrynews.org\/index.php\/wp-json\/wp\/v2\/media?parent=4204"}],"wp:term":[{"taxonomy":"category","embeddable":true,"href":"https:\/\/conakrynews.org\/index.php\/wp-json\/wp\/v2\/categories?post=4204"},{"taxonomy":"post_tag","embeddable":true,"href":"https:\/\/conakrynews.org\/index.php\/wp-json\/wp\/v2\/tags?post=4204"}],"curies":[{"name":"wp","href":"https:\/\/api.w.org\/{rel}","templated":true}]}}