{"id":4224,"date":"2020-05-21T13:50:55","date_gmt":"2020-05-21T11:50:55","guid":{"rendered":"https:\/\/conakrynews.org\/?p=4224"},"modified":"2020-05-21T22:29:50","modified_gmt":"2020-05-21T20:29:50","slug":"conakry-journaliste-arrete-ecrit-cheffe-de-cabinet-ministere-de-jeunesse","status":"publish","type":"post","link":"https:\/\/conakrynews.org\/index.php\/conakry-journaliste-arrete-ecrit-cheffe-de-cabinet-ministere-de-jeunesse\/","title":{"rendered":"Conakry : Un  journaliste arbitrairement  arr\u00eat\u00e9  \u00e0 cause d&rsquo;un \u00e9crit  sur la cheffe de Cabinet du minist\u00e8re de la jeunesse"},"content":{"rendered":"<ol>\n<li>Ibrahima Sory Camara dit \u2019\u2019Sans TABOU\u2019\u2019,c\u2019est son nom ,\u00a0 jeune reporter \u00a0du site d\u2019informations <em>Avenirguinee<\/em>\u00a0 a \u00e9t\u00e9 \u00a0arr\u00eat\u00e9 \u00a0la nuit d\u2019hier \u00a0par \u00a0un groupe de \u00a0policiers \u00e0 son domicile \u00e0 Yimbaya,\u00a0 dans la commune de Matoto.<\/li>\n<\/ol>\n<p>Notre confr\u00e8re arr\u00eat\u00e9 est\u00a0 accus\u00e9 d\u2019avoir \u00e9crit un article \u00a0sur \u00a0la cheffe de cabinet du Minist\u00e8re de la Jeunesse Mme \u00a0Ramatoulaye Camara.<\/p>\n<p>Apr\u00e8s cette arrestation nocturne, le journaliste\u00a0\u00a0 Ibahima Sory CAMARA \u00a0\u00a0a \u00e9t\u00e9 conduit \u00e0 la DPJ (Direction Centrale de la police Judiciaire), \u00a0\u00a0o\u00f9 il a \u00e9t\u00e9 mis en d\u00e9tention .<\/p>\n<p><strong>Sylla Ibrahima Kalil pour <a href=\"https:\/\/conakrynews.org\">www.conakrynews.org<\/a> 625444534<\/strong><img loading=\"lazy\" decoding=\"async\" class=\"alignright size-medium wp-image-4225\" src=\"https:\/\/conakrynews.org\/wp-content\/uploads\/2020\/05\/ibrahima-515x292.jpg\" alt=\"\" width=\"515\" height=\"292\" srcset=\"https:\/\/conakrynews.org\/wp-content\/uploads\/2020\/05\/ibrahima-515x292.jpg 515w, https:\/\/conakrynews.org\/wp-content\/uploads\/2020\/05\/ibrahima-768x435.jpg 768w, https:\/\/conakrynews.org\/wp-content\/uploads\/2020\/05\/ibrahima.jpg 800w\" sizes=\"auto, (max-width: 515px) 100vw, 515px\" \/><\/p>\n","protected":false},"excerpt":{"rendered":"<p>Ibrahima Sory Camara dit \u2019\u2019Sans TABOU\u2019\u2019,c\u2019est son nom ,\u00a0 jeune reporter \u00a0du site d\u2019informations Avenirguinee\u00a0 a \u00e9t\u00e9 \u00a0arr\u00eat\u00e9 \u00a0la nuit d\u2019hier \u00a0par \u00a0un groupe de \u00a0policiers \u00e0 son domicile \u00e0 Yimbaya,\u00a0 dans la commune de Matoto. Notre confr\u00e8re arr\u00eat\u00e9 est\u00a0 accus\u00e9 d\u2019avoir \u00e9crit un article \u00a0sur \u00a0la cheffe de cabinet du Minist\u00e8re de la Jeunesse [&hellip;]<\/p>\n","protected":false},"author":2,"featured_media":4225,"comment_status":"open","ping_status":"open","sticky":false,"template":"","format":"standard","meta":{"footnotes":""},"categories":[1],"tags":[],"class_list":{"0":"post-4224","1":"post","2":"type-post","3":"status-publish","4":"format-standard","5":"has-post-thumbnail","7":"category-non-classe"},"_links":{"self":[{"href":"https:\/\/conakrynews.org\/index.php\/wp-json\/wp\/v2\/posts\/4224","targetHints":{"allow":["GET"]}}],"collection":[{"href":"https:\/\/conakrynews.org\/index.php\/wp-json\/wp\/v2\/posts"}],"about":[{"href":"https:\/\/conakrynews.org\/index.php\/wp-json\/wp\/v2\/types\/post"}],"author":[{"embeddable":true,"href":"https:\/\/conakrynews.org\/index.php\/wp-json\/wp\/v2\/users\/2"}],"replies":[{"embeddable":true,"href":"https:\/\/conakrynews.org\/index.php\/wp-json\/wp\/v2\/comments?post=4224"}],"version-history":[{"count":0,"href":"https:\/\/conakrynews.org\/index.php\/wp-json\/wp\/v2\/posts\/4224\/revisions"}],"wp:featuredmedia":[{"embeddable":true,"href":"https:\/\/conakrynews.org\/index.php\/wp-json\/wp\/v2\/media\/4225"}],"wp:attachment":[{"href":"https:\/\/conakrynews.org\/index.php\/wp-json\/wp\/v2\/media?parent=4224"}],"wp:term":[{"taxonomy":"category","embeddable":true,"href":"https:\/\/conakrynews.org\/index.php\/wp-json\/wp\/v2\/categories?post=4224"},{"taxonomy":"post_tag","embeddable":true,"href":"https:\/\/conakrynews.org\/index.php\/wp-json\/wp\/v2\/tags?post=4224"}],"curies":[{"name":"wp","href":"https:\/\/api.w.org\/{rel}","templated":true}]}}