{"id":4250,"date":"2020-05-28T13:05:25","date_gmt":"2020-05-28T11:05:25","guid":{"rendered":"https:\/\/conakrynews.org\/?p=4250"},"modified":"2020-05-28T13:40:52","modified_gmt":"2020-05-28T11:40:52","slug":"ministere-de-jeunesse-bras-de-fer-entre-ramatoulaye-camara-secretaire-general-silence-coupable-ministre","status":"publish","type":"post","link":"https:\/\/conakrynews.org\/index.php\/ministere-de-jeunesse-bras-de-fer-entre-ramatoulaye-camara-secretaire-general-silence-coupable-ministre\/","title":{"rendered":"Minist\u00e8re de la jeunesse : Bras de fer entre Ramatoulaye Camara et son  secr\u00e9taire g\u00e9n\u00e9ral, le silence coupable du ministre!"},"content":{"rendered":"<p>R\u00e9cemment, le minist\u00e8re de la Jeunesse et de<\/p>\n<p>l\u2019emploi jeunes \u00a0a fait l\u2019objet d\u2019un th\u00e9\u00e2tre \u00e0 cause du<\/p>\n<p>fait de limoger \u00a0un Daf pour des raisons qui seraient<\/p>\n<p>li\u00e9es \u00e0 une malversation financi\u00e8re. Ce fait se passe<\/p>\n<p>dans le D\u00e9partement strat\u00e9gique dirig\u00e9 par Mouctar<\/p>\n<p>Diallo, pr\u00e9sident du NFD, hier opposant au r\u00e9gime<\/p>\n<p>Alpha Cond\u00e9.<\/p>\n<p>A en croire aux informations qui circulent sur la<\/p>\n<p>toile, c\u2019est le ministre Mouctar Diallo, qui aurait<\/p>\n<p>instruit sa cheffe de cabinet, Ramatoulaye<\/p>\n<p>Camara,de\u00a0 proc\u00e9der au remplacement du DAF<\/p>\n<p>sortant de son d\u00e9partement pour fautes<\/p>\n<p>administratives. C\u2019est donc dans ce contexte que la<\/p>\n<p>cheffe de cabinet, tr\u00e8s respectueuse de l\u2019ex\u00e9cution<\/p>\n<p>des d\u00e9cisions venant de sa hi\u00e9rarchie, a bien voulu<\/p>\n<p>ex\u00e9cuter. C\u2019est ainsi qu\u2019elle aurait alors proc\u00e9d\u00e9 au<\/p>\n<p>limogeage du DAF, d\u00e9cri\u00e9.\u00a0 Mais, contre toute<\/p>\n<p>attente, le secr\u00e9taire dudit minist\u00e8re de la Jeunesse,<\/p>\n<p>en la personne de Sidiki Tour\u00e9, RPGISTE de son<\/p>\n<p>\u00e9tat, se serait cat\u00e9goriquement oppos\u00e9 \u00e0<\/p>\n<p>l\u2019application de ladite d\u00e9cision. Toute chose qui<\/p>\n<p>aurait fait d\u00e9border le vase. Un bras de fer est donc<\/p>\n<p>engag\u00e9 entre ces deux responsables (Ramatoulaye<\/p>\n<p>Camara et Sidiki Tour\u00e9) du dudit d\u00e9partement. Mais<\/p>\n<ul>\n<li>le paradoxe dans cette affaire, c\u2019est que malgr\u00e9 ce bras de<\/li>\n<\/ul>\n<p>fer entre la cheffe de cabinet et son secr\u00e9taire<\/p>\n<p>g\u00e9n\u00e9ral, le ministre Mouctar Diallo, en tant que<\/p>\n<p>premier responsable du minist\u00e8re de la jeunesse et<\/p>\n<p>de l\u2019emploi jeunes est rest\u00e9 de marbre face \u00e0 une<\/p>\n<p>telle situation.\u00a0 Cependant,\u00a0 ce silencieux coupable du<\/p>\n<p>ministre d\u2019\u00e9normes questions au sein de l\u2019opinion<\/p>\n<p>publique. Mouctar Diallo a donc obligation<\/p>\n<p>d\u2019\u00e9clairer la lanterne des populations concernant<\/p>\n<p>cette affaire qui mine son minist\u00e8re. Surtout, lorsque<\/p>\n<p>l\u2019immixtion d\u2019un inconnu se m\u00eale subitement dans la<\/p>\n<p>dance. Un inconnu qui se permet de s\u2019attaquer<\/p>\n<p>injustement \u00e0 la pauvre Cheffe de cabinet touchant<\/p>\n<p>m\u00eame \u00e0 la vie priv\u00e9e de cette pauvre femme avec des<\/p>\n<p>propos malveillants et irresponsables. Alors, une<\/p>\n<p>question cependant: Qui est derri\u00e8re cette personne<\/p>\n<p>inconnue qui s\u2019acharne contre cette dame avec des<\/p>\n<p>publications\u00a0 sur les r\u00e9seaux sociaux ? Des personnes<\/p>\n<p>tr\u00e8s proches du minist\u00e8re de la jeunesse auraient t-il<\/p>\n<p>commandit\u00e9s cette publication sur la dame? En tout<\/p>\n<p>cas,\u00a0 voir d\u2019un autre \u0153il\u00a0 l\u2019analyse de la situation,<\/p>\n<p>nombreux sont les observateurs qui pensent et qui<\/p>\n<p>croient comme fer, que les commanditaires blottis<\/p>\n<p>dans ce d\u00e9partement en savent quelque chose. C\u2019est<\/p>\n<p>donc dans cette perspective de r\u00e9tablir la v\u00e9rit\u00e9, que<\/p>\n<p>les agents de la DPJ en charge de l\u2019enqu\u00eate, se sont<\/p>\n<p>tromp\u00e9s \u00a0de cible. Le pr\u00e9sum\u00e9<\/p>\n<p>coupable ayant le m\u00eame nom et\u00a0 pr\u00e9nom que notre<\/p>\n<p>confr\u00e8re en la personne de\u00a0\u00a0 Ibrahima Sory Camara,<\/p>\n<p>en a fait les frais. Et comme l\u2019erreur est humaine et<\/p>\n<ul>\n<li>que cela peut arriver un jour m\u00eame au plus malin,<\/li>\n<\/ul>\n<p>notre confr\u00e8re a aussit\u00f4t recouvr\u00e9 sa libert\u00e9.<\/p>\n<p><strong>Affaire \u00e0 suivre <\/strong><\/p>\n<p><strong>Sylla Ibrahima Kalil <\/strong><\/p>\n<p><img loading=\"lazy\" decoding=\"async\" class=\"alignright size-full wp-image-4251\" src=\"https:\/\/conakrynews.org\/wp-content\/uploads\/2020\/05\/conakrynews.org-photos.jpg\" alt=\"\" width=\"479\" height=\"220\" \/><\/p>\n","protected":false},"excerpt":{"rendered":"<p>R\u00e9cemment, le minist\u00e8re de la Jeunesse et de l\u2019emploi jeunes \u00a0a fait l\u2019objet d\u2019un th\u00e9\u00e2tre \u00e0 cause du fait de limoger \u00a0un Daf pour des raisons qui seraient li\u00e9es \u00e0 une malversation financi\u00e8re. Ce fait se passe dans le D\u00e9partement strat\u00e9gique dirig\u00e9 par Mouctar Diallo, pr\u00e9sident du NFD, hier opposant au r\u00e9gime Alpha Cond\u00e9. A [&hellip;]<\/p>\n","protected":false},"author":2,"featured_media":4251,"comment_status":"open","ping_status":"open","sticky":false,"template":"","format":"standard","meta":{"footnotes":""},"categories":[1],"tags":[],"class_list":{"0":"post-4250","1":"post","2":"type-post","3":"status-publish","4":"format-standard","5":"has-post-thumbnail","7":"category-non-classe"},"_links":{"self":[{"href":"https:\/\/conakrynews.org\/index.php\/wp-json\/wp\/v2\/posts\/4250","targetHints":{"allow":["GET"]}}],"collection":[{"href":"https:\/\/conakrynews.org\/index.php\/wp-json\/wp\/v2\/posts"}],"about":[{"href":"https:\/\/conakrynews.org\/index.php\/wp-json\/wp\/v2\/types\/post"}],"author":[{"embeddable":true,"href":"https:\/\/conakrynews.org\/index.php\/wp-json\/wp\/v2\/users\/2"}],"replies":[{"embeddable":true,"href":"https:\/\/conakrynews.org\/index.php\/wp-json\/wp\/v2\/comments?post=4250"}],"version-history":[{"count":0,"href":"https:\/\/conakrynews.org\/index.php\/wp-json\/wp\/v2\/posts\/4250\/revisions"}],"wp:featuredmedia":[{"embeddable":true,"href":"https:\/\/conakrynews.org\/index.php\/wp-json\/wp\/v2\/media\/4251"}],"wp:attachment":[{"href":"https:\/\/conakrynews.org\/index.php\/wp-json\/wp\/v2\/media?parent=4250"}],"wp:term":[{"taxonomy":"category","embeddable":true,"href":"https:\/\/conakrynews.org\/index.php\/wp-json\/wp\/v2\/categories?post=4250"},{"taxonomy":"post_tag","embeddable":true,"href":"https:\/\/conakrynews.org\/index.php\/wp-json\/wp\/v2\/tags?post=4250"}],"curies":[{"name":"wp","href":"https:\/\/api.w.org\/{rel}","templated":true}]}}