{"id":4325,"date":"2020-06-23T16:23:27","date_gmt":"2020-06-23T14:23:27","guid":{"rendered":"https:\/\/conakrynews.org\/?p=4325"},"modified":"2020-06-23T16:23:27","modified_gmt":"2020-06-23T14:23:27","slug":"page-noire-celebre-styliste-guineen-sera-inhume-mardi-apres-priere-de-14h-a-conakry","status":"publish","type":"post","link":"https:\/\/conakrynews.org\/index.php\/page-noire-celebre-styliste-guineen-sera-inhume-mardi-apres-priere-de-14h-a-conakry\/","title":{"rendered":"Page noire: le c\u00e9l\u00e9bre styliste guin\u00e9en sera inhum\u00e9 ce mardi, apr\u00e8s la pri\u00e9re de 14h \u00e0 conakry"},"content":{"rendered":"<p>La culture guin\u00e9enne est encore en deuil, le c\u00e9l\u00e9bre styliste Alpha O\u2019 Bah n\u2019 est plus, longtemps hospitalis\u00e9 \u00e0 Ignace Deen, ce jeune cr\u00e9ateur et modeliste\u00a0 a rendu l\u2019\u00e2me hier lundi 22 juin 2020 \u00e0 conakry.<\/p>\n<p>Son enterrement est pr\u00e9vu ce mardi 23 juin 2020 au cimiti\u00e8re de Hamdallaye apr\u00e8s la pri\u00e8re de 14H.<\/p>\n<p>A noter qu\u2019Alpha 0\u2032 a marqu\u00e9 le monde artistique \u00e0 travers ces coutures stylistique.il a mets fois habill\u00e9 les manequins guin\u00e9ens a l\u2019 \u00e9l\u00e8ction mise Guin\u00e9e et d\u2019ailleurs.<\/p>\n","protected":false},"excerpt":{"rendered":"<p>La culture guin\u00e9enne est encore en deuil, le c\u00e9l\u00e9bre styliste Alpha O\u2019 Bah n\u2019 est plus, longtemps hospitalis\u00e9 \u00e0 Ignace Deen, ce jeune cr\u00e9ateur et modeliste\u00a0 a rendu l\u2019\u00e2me hier lundi 22 juin 2020 \u00e0 conakry. Son enterrement est pr\u00e9vu ce mardi 23 juin 2020 au cimiti\u00e8re de Hamdallaye apr\u00e8s la pri\u00e8re de 14H. A [&hellip;]<\/p>\n","protected":false},"author":2,"featured_media":4326,"comment_status":"open","ping_status":"open","sticky":false,"template":"","format":"standard","meta":{"footnotes":""},"categories":[59],"tags":[],"class_list":{"0":"post-4325","1":"post","2":"type-post","3":"status-publish","4":"format-standard","5":"has-post-thumbnail","7":"category-sante"},"_links":{"self":[{"href":"https:\/\/conakrynews.org\/index.php\/wp-json\/wp\/v2\/posts\/4325","targetHints":{"allow":["GET"]}}],"collection":[{"href":"https:\/\/conakrynews.org\/index.php\/wp-json\/wp\/v2\/posts"}],"about":[{"href":"https:\/\/conakrynews.org\/index.php\/wp-json\/wp\/v2\/types\/post"}],"author":[{"embeddable":true,"href":"https:\/\/conakrynews.org\/index.php\/wp-json\/wp\/v2\/users\/2"}],"replies":[{"embeddable":true,"href":"https:\/\/conakrynews.org\/index.php\/wp-json\/wp\/v2\/comments?post=4325"}],"version-history":[{"count":0,"href":"https:\/\/conakrynews.org\/index.php\/wp-json\/wp\/v2\/posts\/4325\/revisions"}],"wp:featuredmedia":[{"embeddable":true,"href":"https:\/\/conakrynews.org\/index.php\/wp-json\/wp\/v2\/media\/4326"}],"wp:attachment":[{"href":"https:\/\/conakrynews.org\/index.php\/wp-json\/wp\/v2\/media?parent=4325"}],"wp:term":[{"taxonomy":"category","embeddable":true,"href":"https:\/\/conakrynews.org\/index.php\/wp-json\/wp\/v2\/categories?post=4325"},{"taxonomy":"post_tag","embeddable":true,"href":"https:\/\/conakrynews.org\/index.php\/wp-json\/wp\/v2\/tags?post=4325"}],"curies":[{"name":"wp","href":"https:\/\/api.w.org\/{rel}","templated":true}]}}