{"id":4332,"date":"2020-06-24T13:42:28","date_gmt":"2020-06-24T11:42:28","guid":{"rendered":"https:\/\/conakrynews.org\/?p=4332"},"modified":"2020-06-24T13:44:11","modified_gmt":"2020-06-24T11:44:11","slug":"enseignement-technique-nouvelle-ministre-invite-etudiants-dorienter-vers-ecoles-professionnelles","status":"publish","type":"post","link":"https:\/\/conakrynews.org\/index.php\/enseignement-technique-nouvelle-ministre-invite-etudiants-dorienter-vers-ecoles-professionnelles\/","title":{"rendered":"Enseignement Technique : La nouvelle ministre invite les \u00e9tudiants d\u2019orienter vers les \u00e9coles professionnelles"},"content":{"rendered":"<p>En attendant sa feuille de route, la nouvelle ministre de l\u2019Enseignement Technique et de la Formation Professionnelle s\u2019est exprim\u00e9e au micro de notre reporter. Au cours de ce court entretien, Mme Dian\u00e9 Zenab\u00a0 Dram\u00e9 a profit\u00e9 de l\u2019occasion pour remercier le Pr\u00e9sident de la R\u00e9publique, Pr Alpha Cond\u00e9, pour la confiance que celui-ci a port\u00e9e sur sa modeste personne, en l\u2019a confiant la responsabilit\u00e9 de diriger d\u00e9sormais le d\u00e9partement en charge de l\u2019Enseignement Technique, en remplacement de Lansana Komara, actuel secr\u00e9taire g\u00e9n\u00e9ral du gouvernement, avec le rang de ministre.<\/p>\n<p>Il n\u2019est secret pour personne que, Mme Dian\u00e9 Zenab Dram\u00e9 vient \u00e0 la t\u00eate de ce d\u00e9partement, quand on sait que les \u00e9coles professionnelles sont laiss\u00e9es pour compte par les autorit\u00e9s guin\u00e9ennes, avec une faible subvention qu\u2019on accorde au minist\u00e8re de l\u2019Enseignement Technique et de la Formation Professionnelle. Pour la nouvelle ministre, l\u2019Etat joue sa partition et les partenaires aussi, jouent leur partition. Voil\u00e0 pourquoi, dit-elle, son premier travail, sera d\u2019essay\u00e9 d\u2019abord de sensibiliser des \u00e9tudiants d\u2019orienter vers des \u00e9coles professionnelles.<\/p>\n<p>\u00ab\u00a0<em>\u2026Non, moi je ne dis pas que des \u00e9coles professionnelles sont d\u00e9laiss\u00e9es. Je pense que, l\u2019Etat joue sa partition et les partenaires aussi, jouent leur partition. Mais, le vrai boulot,\u00a0 c\u2019est d\u2019essay\u00e9 de sensibiliser nos fr\u00e8res et soeurs, qui pensent que c\u2019est sauf \u00e0 l\u2019universit\u00e9 ou \u00eatre bureaucrate, qui paie de s\u2019orienter vers les \u00e9coles professionnelles. Il faut essayer de corriger cela. Dans les autres pays, quand on prend la Chine, ce pays est d\u00e9velopp\u00e9 \u00e0 travers la technologie et, on apprend la technologie dans les \u00e9coles professionnelles. Quand on dit l\u2019industrialisation d\u2019un pays, on a besoin des mains d\u2019\u0153uvre, qui sont form\u00e9s dans \u00a0ces \u00e9coles professionnelles. Moi je crois qu\u2019\u00e0 travers la presse, il faut essayer \u00e0 chaque occasion, de sensibiliser nos fr\u00e8res et s\u0153urs, qui pensent \u00a0que c\u2019est l\u2019universit\u00e9 qui fait la vie, de s\u2019orienter vers les \u00e9coles professionnelles\u2026\u00a0<\/em>\u00bb, a indiqu\u00e9 la nouvelle ministre de l\u2019Enseignement technique et de la Formation Professionnelle, Mme Dian\u00e9 Zenab Dram\u00e9.<\/p>\n<p><strong>Flammeguinee.com<\/strong><img loading=\"lazy\" decoding=\"async\" class=\"alignright size-medium wp-image-4333\" src=\"https:\/\/conakrynews.org\/wp-content\/uploads\/2020\/06\/zenab-620x300-515x249.jpeg\" alt=\"\" width=\"515\" height=\"249\" srcset=\"https:\/\/conakrynews.org\/wp-content\/uploads\/2020\/06\/zenab-620x300-515x249.jpeg 515w, https:\/\/conakrynews.org\/wp-content\/uploads\/2020\/06\/zenab-620x300.jpeg 620w\" sizes=\"auto, (max-width: 515px) 100vw, 515px\" \/><\/p>\n","protected":false},"excerpt":{"rendered":"<p>En attendant sa feuille de route, la nouvelle ministre de l\u2019Enseignement Technique et de la Formation Professionnelle s\u2019est exprim\u00e9e au micro de notre reporter. Au cours de ce court entretien, Mme Dian\u00e9 Zenab\u00a0 Dram\u00e9 a profit\u00e9 de l\u2019occasion pour remercier le Pr\u00e9sident de la R\u00e9publique, Pr Alpha Cond\u00e9, pour la confiance que celui-ci a port\u00e9e [&hellip;]<\/p>\n","protected":false},"author":2,"featured_media":4333,"comment_status":"open","ping_status":"open","sticky":false,"template":"","format":"standard","meta":{"footnotes":""},"categories":[1],"tags":[],"class_list":{"0":"post-4332","1":"post","2":"type-post","3":"status-publish","4":"format-standard","5":"has-post-thumbnail","7":"category-non-classe"},"_links":{"self":[{"href":"https:\/\/conakrynews.org\/index.php\/wp-json\/wp\/v2\/posts\/4332","targetHints":{"allow":["GET"]}}],"collection":[{"href":"https:\/\/conakrynews.org\/index.php\/wp-json\/wp\/v2\/posts"}],"about":[{"href":"https:\/\/conakrynews.org\/index.php\/wp-json\/wp\/v2\/types\/post"}],"author":[{"embeddable":true,"href":"https:\/\/conakrynews.org\/index.php\/wp-json\/wp\/v2\/users\/2"}],"replies":[{"embeddable":true,"href":"https:\/\/conakrynews.org\/index.php\/wp-json\/wp\/v2\/comments?post=4332"}],"version-history":[{"count":0,"href":"https:\/\/conakrynews.org\/index.php\/wp-json\/wp\/v2\/posts\/4332\/revisions"}],"wp:featuredmedia":[{"embeddable":true,"href":"https:\/\/conakrynews.org\/index.php\/wp-json\/wp\/v2\/media\/4333"}],"wp:attachment":[{"href":"https:\/\/conakrynews.org\/index.php\/wp-json\/wp\/v2\/media?parent=4332"}],"wp:term":[{"taxonomy":"category","embeddable":true,"href":"https:\/\/conakrynews.org\/index.php\/wp-json\/wp\/v2\/categories?post=4332"},{"taxonomy":"post_tag","embeddable":true,"href":"https:\/\/conakrynews.org\/index.php\/wp-json\/wp\/v2\/tags?post=4332"}],"curies":[{"name":"wp","href":"https:\/\/api.w.org\/{rel}","templated":true}]}}