{"id":4339,"date":"2020-06-24T16:19:09","date_gmt":"2020-06-24T14:19:09","guid":{"rendered":"https:\/\/conakrynews.org\/?p=4339"},"modified":"2020-06-24T16:19:09","modified_gmt":"2020-06-24T14:19:09","slug":"frontieres-lunion-europeenne-songe-a-interdire-lentree-aux-americains","status":"publish","type":"post","link":"https:\/\/conakrynews.org\/index.php\/frontieres-lunion-europeenne-songe-a-interdire-lentree-aux-americains\/","title":{"rendered":"Fronti\u00e8res : l\u2019Union europ\u00e9enne songe \u00e0 interdire l\u2019entr\u00e9e aux Am\u00e9ricains"},"content":{"rendered":"<h3>Face \u00e0 la pand\u00e9mie toujours vive aux \u00c9tats-Unis, l\u2019Union europ\u00e9enne souhaiterait restreindre les entr\u00e9es am\u00e9ricaines lors de la r\u00e9ouverture des fronti\u00e8res.<\/h3>\n<p>L\u2019Union europ\u00e9enne envisage d\u2019interdire son territoire aux Am\u00e9ricains une fois qu\u2019elle aura rouvert ses fronti\u00e8res aux pays tiers, en raison de la pand\u00e9mie de coronavirus toujours vivace aux \u00c9tats-Unis, indique mardi le\u00a0<a href=\"https:\/\/www.nytimes.com\/2020\/06\/23\/world\/europe\/coronavirus-EU-American-travel-ban.html\" target=\"_blank\" rel=\"noreferrer noopener\"><em>New York Times<\/em><\/a>.<\/p>\n<p>Le quotidien cite deux listes de pays dont les ressortissants seraient autoris\u00e9s \u00e0 se rendre en Europe, et qui font l\u2019objet de n\u00e9gociations au sein de l\u2019UE.<\/p>\n<p>Les Am\u00e9ricains sont pour l\u2019instant exclus des deux listes, selon le\u00a0<em>New York Times<\/em>. Une fois que les repr\u00e9sentants de chaque pays se seront mis d\u2019accord sur une liste d\u00e9finitive, elle sera pr\u00e9sent\u00e9e,\u00a0<a href=\"https:\/\/www.lexpress.fr\/actualite\/monde\/europe\/la-commission-europeenne-veut-l-ouverture-partielle-des-frontieres-de-l-ue-au-1er-juillet_2127893.html\">comme recommandation, avant le 1er juillet<\/a>, explique le journal.<\/p>\n<h3>Flamb\u00e9e dans le Sud et l\u2019Ouest du pays<\/h3>\n<p>L\u2019Union europ\u00e9enne pr\u00e9voit de rouvrir ses fronti\u00e8res ext\u00e9rieures avec des pays tiers \u00e0 cette date, \u00e0 condition qu\u2019ils remplissent certains crit\u00e8res sanitaires, que la situation \u00e9pid\u00e9miologique y soit bonne et que la mesure soit r\u00e9ciproque. Alors que de nombreux pays d\u2019Europe vivent un r\u00e9pit, les \u00c9tats-Unis affichent le pire bilan du monde en valeur absolue,\u00a0<a href=\"https:\/\/www.lexpress.fr\/actualite\/monde\/amerique-nord\/le-coronavirus-a-tue-plus-d-americains-que-durant-la-premiere-guerre-mondiale_2128469.html\">avec plus de 120 000 morts et plus de 2,3 millions de cas d\u00e9tect\u00e9s<\/a>.<\/p>\n<p>Les diff\u00e9rents \u00c9tats am\u00e9ricains ont pour beaucoup lev\u00e9 les mesures de confinement, et New York \u2013 de loin la ville la plus touch\u00e9e \u2013 a fait un nouveau pas dans cette direction lundi avec la r\u00e9ouverture au public des commerces non essentiels. Mais plusieurs \u00c9tats du sud et de l\u2019ouest du pays enregistrent une flamb\u00e9e du nombre de cas positifs. En mars, le pr\u00e9sident Donald Trump a annonc\u00e9 l\u2019interdiction d\u2019entr\u00e9e aux \u00c9tats-Unis \u2013 toujours en cours \u2013 des voyageurs en provenance de 26 pays europ\u00e9ens.<\/p>\n<p><strong>AFP-L\u2019Express<\/strong><\/p>\n","protected":false},"excerpt":{"rendered":"<p>Face \u00e0 la pand\u00e9mie toujours vive aux \u00c9tats-Unis, l\u2019Union europ\u00e9enne souhaiterait restreindre les entr\u00e9es am\u00e9ricaines lors de la r\u00e9ouverture des fronti\u00e8res. L\u2019Union europ\u00e9enne envisage d\u2019interdire son territoire aux Am\u00e9ricains une fois qu\u2019elle aura rouvert ses fronti\u00e8res aux pays tiers, en raison de la pand\u00e9mie de coronavirus toujours vivace aux \u00c9tats-Unis, indique mardi le\u00a0New York Times. [&hellip;]<\/p>\n","protected":false},"author":2,"featured_media":4340,"comment_status":"open","ping_status":"open","sticky":false,"template":"","format":"standard","meta":{"footnotes":""},"categories":[57],"tags":[],"class_list":{"0":"post-4339","1":"post","2":"type-post","3":"status-publish","4":"format-standard","5":"has-post-thumbnail","7":"category-politique"},"_links":{"self":[{"href":"https:\/\/conakrynews.org\/index.php\/wp-json\/wp\/v2\/posts\/4339","targetHints":{"allow":["GET"]}}],"collection":[{"href":"https:\/\/conakrynews.org\/index.php\/wp-json\/wp\/v2\/posts"}],"about":[{"href":"https:\/\/conakrynews.org\/index.php\/wp-json\/wp\/v2\/types\/post"}],"author":[{"embeddable":true,"href":"https:\/\/conakrynews.org\/index.php\/wp-json\/wp\/v2\/users\/2"}],"replies":[{"embeddable":true,"href":"https:\/\/conakrynews.org\/index.php\/wp-json\/wp\/v2\/comments?post=4339"}],"version-history":[{"count":0,"href":"https:\/\/conakrynews.org\/index.php\/wp-json\/wp\/v2\/posts\/4339\/revisions"}],"wp:featuredmedia":[{"embeddable":true,"href":"https:\/\/conakrynews.org\/index.php\/wp-json\/wp\/v2\/media\/4340"}],"wp:attachment":[{"href":"https:\/\/conakrynews.org\/index.php\/wp-json\/wp\/v2\/media?parent=4339"}],"wp:term":[{"taxonomy":"category","embeddable":true,"href":"https:\/\/conakrynews.org\/index.php\/wp-json\/wp\/v2\/categories?post=4339"},{"taxonomy":"post_tag","embeddable":true,"href":"https:\/\/conakrynews.org\/index.php\/wp-json\/wp\/v2\/tags?post=4339"}],"curies":[{"name":"wp","href":"https:\/\/api.w.org\/{rel}","templated":true}]}}