{"id":4379,"date":"2020-06-26T16:09:48","date_gmt":"2020-06-26T14:09:48","guid":{"rendered":"https:\/\/conakrynews.org\/?p=4379"},"modified":"2020-06-26T19:11:47","modified_gmt":"2020-06-26T17:11:47","slug":"ministere-de-lenseignement-technique-madame-djenab-drame-a-pris-fonction","status":"publish","type":"post","link":"https:\/\/conakrynews.org\/index.php\/ministere-de-lenseignement-technique-madame-djenab-drame-a-pris-fonction\/","title":{"rendered":"Minist\u00e8re de l\u2019Enseignement TEchnique : Madame  Djenabou Dram\u00e9 a pris fonction"},"content":{"rendered":"<p><strong>Ce vendredi ,26 juin 2020, les locaux du minist\u00e8re de l\u2019enseignement technique, de la formation professionnelle et de d\u2019emploi ont abrit\u00e9 \u00e0 la c\u00e9r\u00e9monie de passation de service entre Madame la ministre entrante, Djenab Dram\u00e9 \u00a0et le ministre sortant dudit d\u00e9partement, lansana Komara. C\u2019est devant\u00a0 plusieurs ministres \u00a0du gouvernement\u00a0\u00a0 conduit\u00a0 par Dr Kassory Fofana\u00a0 et de\u00a0 nombreux\u00a0 cadres\u00a0\u00a0 dudit d\u00e9partement que cette activit\u00e9 solennelle s\u2019est d\u00e9roul\u00e9e.<\/strong><\/p>\n<p>&nbsp;<\/p>\n<p>Dans son discours introductif, Madame Djenab Dram\u00e9, ministre\u00a0 entrante\u00a0 du minist\u00e8re de l\u2019enseignement technique , de la formation professionnelle et de l\u2019emploi \u00a0et ancienne DAF du minist\u00e8re de la Sant\u00e9,\u00a0 a tout \u00a0d\u2019abord exprim\u00e9 sa gratitude \u00e0 M. le pr\u00e9sident de la R\u00e9publique le prof Alpha Cond\u00e9\u00a0 qui fait ainsi l\u2019honneur de lui nommer\u00a0 \u00e0 son nouveau\u00a0 poste de responsabilit\u00e9.<\/p>\n<p>\u00ab\u00a0Je suis honor\u00e9e d\u2019appartenir \u00e0 ce gouvernement\u00a0 dirig\u00e9 par Monsieur le premier ministre, chef du gouvernement, Dr Ibrahima Kassory Fofana\u00a0\u00bb, a- telle d\u00e9clar\u00e9.<\/p>\n<p>&nbsp;<\/p>\n<p>.<\/p>\n<p>\u00ab\u00a0A cet instant solennel vous me permettez d\u2019avoir une pens\u00e9e particuli\u00e8re pour les militants et responsables de notre Grand Parti, le RPG\u00a0 Arc -En \u2013Ciel, auxquel je voudrais exprimer toute ma\u00a0 reconnaissance et renouveler ma loyaut\u00e9 \u00e0 l\u2019endroit de notre leader historique, le prof Alpha Cond\u00e9\u00a0\u00bb, ajoutera telle.<\/p>\n<p>Poursuivant son intervention, elle a fait savoir que sa nomination au d\u00e9partement de l\u2019Enseignement Technique, de la formation et de l\u2019Emploi\u00a0 rappelle une nouvelle fois l\u2019attachement du pr\u00e9sident de la R\u00e9publique, prof Alpha Cond\u00e9 aux jeunes et aux femmes de Guin\u00e9e auxquels il d\u00e9die son mandat.<\/p>\n<p>\u00ab\u00a0Oui c\u2019est avec les jeunes et les femmes de Guin\u00e9e\u00a0 que le pr\u00e9sident Alpha Cond\u00e9 a choisi\u00a0 de faire le bonheur de la Guin\u00e9e et la prosp\u00e9rit\u00e9\u00a0 des Guin\u00e9ens .Il peut d\u00e9sormais compter sur nous \u00bb, affirme telle.<\/p>\n<p>Avant de f\u00e9liciter son pr\u00e9d\u00e9cesseur pour les brillants \u00a0r\u00e9sultats obtenus\u00a0 durant sa gestion.<\/p>\n<p>\u00ab\u00a0 Dans ce nouveau minist\u00e8re, je viens Mon souhait est de travailler et disponibilit\u00e9 d\u2019\u00e9couter chacun\u00a0 et de tous pour m\u2019impr\u00e9gner de tous les dossiers, connaitre les pr\u00e9occupations et identifier les priorit\u00e9s\u00a0\u00bb, a\u00a0 fait savoir la ministre de l\u2019Enseignement Technique, de la formation et de l\u2019emploi,\u00a0 Zenab Dram\u00e9.<\/p>\n<p>Au terme de son \u00a0discours, elle a dit\u00a0:\u00a0\u00ab\u00a0je pense notamment \u00e0 la promotion de l\u2019emploi, car\u00a0 j\u2019ai la ferme conviction que l\u2019acquisition de comp\u00e9tences professionnelles par notre jeunesse qui en a besoin, est le meilleur moyen de cr\u00e9ation de richesses nationales et donc un appui essentiel dans la mise en ouvre de la strat\u00e9gie gouvernementale du D\u00e9veloppement Durable\u00a0\u00bb, a &#8211; telle expliqu\u00e9.<\/p>\n<p>Avant\u00a0 d\u2019inviter\u00a0 ses chers (e) collaborateurs au travail dans la loyaut\u00e9, la solidarit\u00e9, la transparence et la rigueur pour accomplir leurs missions afin d\u2019atteindre <img loading=\"lazy\" decoding=\"async\" class=\"alignright size-medium wp-image-4380\" src=\"https:\/\/conakrynews.org\/wp-content\/uploads\/2020\/06\/photo-zenab-500x375.jpg\" alt=\"\" width=\"500\" height=\"375\" srcset=\"https:\/\/conakrynews.org\/wp-content\/uploads\/2020\/06\/photo-zenab-500x375.jpg 500w, https:\/\/conakrynews.org\/wp-content\/uploads\/2020\/06\/photo-zenab-768x576.jpg 768w, https:\/\/conakrynews.org\/wp-content\/uploads\/2020\/06\/photo-zenab.jpg 1440w\" sizes=\"auto, (max-width: 500px) 100vw, 500px\" \/>les\u00a0 objectifs assign\u00e9s \u00e0 son\u00a0 d\u00e9partement.<\/p>\n<p><strong>Sylla Ibrahima Kalil pour <a href=\"https:\/\/conakrynews.org\/\">www.conakrynews.org<\/a> 625444534\u00a0 <\/strong><\/p>\n<p><strong>\u00a0<\/strong><\/p>\n","protected":false},"excerpt":{"rendered":"<p>Ce vendredi ,26 juin 2020, les locaux du minist\u00e8re de l\u2019enseignement technique, de la formation professionnelle et de d\u2019emploi ont abrit\u00e9 \u00e0 la c\u00e9r\u00e9monie de passation de service entre Madame la ministre entrante, Djenab Dram\u00e9 \u00a0et le ministre sortant dudit d\u00e9partement, lansana Komara. C\u2019est devant\u00a0 plusieurs ministres \u00a0du gouvernement\u00a0\u00a0 conduit\u00a0 par Dr Kassory Fofana\u00a0 et [&hellip;]<\/p>\n","protected":false},"author":2,"featured_media":4380,"comment_status":"open","ping_status":"open","sticky":false,"template":"","format":"standard","meta":{"footnotes":""},"categories":[1],"tags":[],"class_list":{"0":"post-4379","1":"post","2":"type-post","3":"status-publish","4":"format-standard","5":"has-post-thumbnail","7":"category-non-classe"},"_links":{"self":[{"href":"https:\/\/conakrynews.org\/index.php\/wp-json\/wp\/v2\/posts\/4379","targetHints":{"allow":["GET"]}}],"collection":[{"href":"https:\/\/conakrynews.org\/index.php\/wp-json\/wp\/v2\/posts"}],"about":[{"href":"https:\/\/conakrynews.org\/index.php\/wp-json\/wp\/v2\/types\/post"}],"author":[{"embeddable":true,"href":"https:\/\/conakrynews.org\/index.php\/wp-json\/wp\/v2\/users\/2"}],"replies":[{"embeddable":true,"href":"https:\/\/conakrynews.org\/index.php\/wp-json\/wp\/v2\/comments?post=4379"}],"version-history":[{"count":0,"href":"https:\/\/conakrynews.org\/index.php\/wp-json\/wp\/v2\/posts\/4379\/revisions"}],"wp:featuredmedia":[{"embeddable":true,"href":"https:\/\/conakrynews.org\/index.php\/wp-json\/wp\/v2\/media\/4380"}],"wp:attachment":[{"href":"https:\/\/conakrynews.org\/index.php\/wp-json\/wp\/v2\/media?parent=4379"}],"wp:term":[{"taxonomy":"category","embeddable":true,"href":"https:\/\/conakrynews.org\/index.php\/wp-json\/wp\/v2\/categories?post=4379"},{"taxonomy":"post_tag","embeddable":true,"href":"https:\/\/conakrynews.org\/index.php\/wp-json\/wp\/v2\/tags?post=4379"}],"curies":[{"name":"wp","href":"https:\/\/api.w.org\/{rel}","templated":true}]}}