{"id":4446,"date":"2020-07-08T20:55:28","date_gmt":"2020-07-08T18:55:28","guid":{"rendered":"https:\/\/conakrynews.org\/?p=4446"},"modified":"2020-07-09T19:34:36","modified_gmt":"2020-07-09T17:34:36","slug":"guinee-covid-19-gouvernement-japonais-accorde-don-de-25-milliards-de-fg-renforcer-systeme-de-sante-communique","status":"publish","type":"post","link":"https:\/\/conakrynews.org\/index.php\/guinee-covid-19-gouvernement-japonais-accorde-don-de-25-milliards-de-fg-renforcer-systeme-de-sante-communique\/","title":{"rendered":"Guin\u00e9e-Covid-19 :Le gouvernement Japonais accorde un don de 25 milliards de fg pour renforcer le syst\u00e8me de sant\u00e9 (Communiqu\u00e9)"},"content":{"rendered":"<p>Le 07 juillet 2020, Son Excellence Monsieur Matsubara Hideo, Ambassadeur du Japon en R\u00e9publique de Guin\u00e9e et Son Excellence Madame Diene Keita, Ministre de la Coop\u00e9ration et de l\u2019Int\u00e9gration Africaine, ont proc\u00e9d\u00e9 \u00e0 la signature d\u2019un Echange de Notes portant sur le financement du secteur de la sant\u00e9  en Guin\u00e9e.<\/p>\n<p>De nos jours, le COVID-19 s\u2019\u00e9tendant rapidement dans le monde entier, il menace non seulement la vie humaine, mais aussi les activit\u00e9s \u00e9conomiques et sociales, et le respect de l\u2019individu. Par rapport \u00e0 d\u2019autres pand\u00e9mies pr\u00e9c\u00e9dentes, l\u2019impact sur la soci\u00e9t\u00e9 et l\u2019\u00e9conomie est immense. Il s\u2019agit d\u2019une situation que l\u2019on peut appeler une crise de la s\u00e9curit\u00e9 humaine.<\/p>\n<p>Aussi, nombre de pays en voie de d\u00e9veloppement d\u00e9ploient leurs initiatives, m\u00eames dans ces conditions difficiles, en se r\u00e9f\u00e9rant aux le\u00e7ons du pass\u00e9 et aux exemples d\u2019autres pays, et ils essaient de r\u00e9soudre cette pand\u00e9mie avec leurs dispositions ing\u00e9nieuses.<\/p>\n<p>En revanche, dans le m\u00eame temps, leurs services sanitaires sont insuffisants et s\u2019ajoutent \u00e0 cette situation les dispositions strictes de limitation des activit\u00e9s \u00e9conomiques et sociales, qui affectent \u00e9norm\u00e9ment la vie quotidienne et l\u2019\u00e9conomie.<\/p>\n<p>A cet \u00e9gard, le Japon consid\u00e8re qu\u2019il est indispensable de renforcer le syst\u00e8me sanitaire de chaque pays, afin de lutter contre l\u2019\u00e9pid\u00e9mie \u00e0 moyen et long terme, ajoutant \u00e0 la protection de la vie les dispositions d\u2019urgence visant \u00e0 minimiser l\u2019impact sur la soci\u00e9t\u00e9 et sur l\u2019\u00e9conomie.<\/p>\n<p>En particulier, pour ne pas abandonner les personnes les plus vuln\u00e9rables, le Japon pense qu\u2019il est important de prendre des mesures inclusives bas\u00e9es sur la s\u00e9curit\u00e9 humaine, qui insistent surtout au niveau individuel, notamment la protection de chacun et le renforcement des capacit\u00e9s de chacun.<\/p>\n<p>Le Japon pousse \u00e0 la mise en place de la couverture sanitaire universelle depuis longtemps. A la suite de cette crise, et en tenant compte d\u2019une situation durant laquelle de nombreux pays, dont les syst\u00e8mes de sant\u00e9 sont vuln\u00e9rables, ont d\u00fb souffrir de son impact, le Japon souhaite souligner une fois encore, non seulement les dispositions \u00e0 prendre pour y rem\u00e9dier, mais aussi le caract\u00e8re primordial du renforcement du syst\u00e8me de sant\u00e9 de chaque pays.<\/p>\n<p>C\u2019est donc en vue de la r\u00e9alisation de cet objectif et de r\u00e9pondre \u00e0 la demande de la R\u00e9publique de Guin\u00e9e, que le Gouvernement du Japon a d\u00e9cid\u00e9 de ce don de trois cent millions de yens, soit environ vingt-cinq milliards de Francs Guin\u00e9ens, qui permettra la livraison d\u2019ambulances, d\u2019oxyg\u00e9nateurs, nettoyeurs \u00e0 ultrasons, des groupes \u00e9lectrog\u00e8nes, afin de renforcer le syst\u00e8me de sant\u00e9 et d\u2019am\u00e9liorer les conditions de soins des patients.<\/p>\n<p>Etant donn\u00e9 que la mobilit\u00e9 humaine et la circulation mondiale sont en progr\u00e8s mondial, la lutte contre le COVID-19 est une t\u00e2che globale, qui est indispensable pour r\u00e9soudre ensemble cette crise.<\/p>\n<p>Se joignant \u00e0 ce projet, le Japon envisage de coop\u00e9rer avec la communaut\u00e9 internationale et de prendre l\u2019initiative afin de surmonter activement cette crise mondiale.<\/p>\n<p>Ambassade du japon<\/p>\n","protected":false},"excerpt":{"rendered":"<p>Le 07 juillet 2020, Son Excellence Monsieur Matsubara Hideo, Ambassadeur du Japon en R\u00e9publique de Guin\u00e9e et Son Excellence Madame Diene Keita, Ministre de la Coop\u00e9ration et de l\u2019Int\u00e9gration Africaine, ont proc\u00e9d\u00e9 \u00e0 la signature d\u2019un Echange de Notes portant sur le financement du secteur de la sant\u00e9 en Guin\u00e9e. De nos jours, le COVID-19 [&hellip;]<\/p>\n","protected":false},"author":2,"featured_media":4456,"comment_status":"open","ping_status":"open","sticky":false,"template":"","format":"standard","meta":{"footnotes":""},"categories":[58],"tags":[],"class_list":{"0":"post-4446","1":"post","2":"type-post","3":"status-publish","4":"format-standard","5":"has-post-thumbnail","7":"category-societe"},"_links":{"self":[{"href":"https:\/\/conakrynews.org\/index.php\/wp-json\/wp\/v2\/posts\/4446","targetHints":{"allow":["GET"]}}],"collection":[{"href":"https:\/\/conakrynews.org\/index.php\/wp-json\/wp\/v2\/posts"}],"about":[{"href":"https:\/\/conakrynews.org\/index.php\/wp-json\/wp\/v2\/types\/post"}],"author":[{"embeddable":true,"href":"https:\/\/conakrynews.org\/index.php\/wp-json\/wp\/v2\/users\/2"}],"replies":[{"embeddable":true,"href":"https:\/\/conakrynews.org\/index.php\/wp-json\/wp\/v2\/comments?post=4446"}],"version-history":[{"count":0,"href":"https:\/\/conakrynews.org\/index.php\/wp-json\/wp\/v2\/posts\/4446\/revisions"}],"wp:featuredmedia":[{"embeddable":true,"href":"https:\/\/conakrynews.org\/index.php\/wp-json\/wp\/v2\/media\/4456"}],"wp:attachment":[{"href":"https:\/\/conakrynews.org\/index.php\/wp-json\/wp\/v2\/media?parent=4446"}],"wp:term":[{"taxonomy":"category","embeddable":true,"href":"https:\/\/conakrynews.org\/index.php\/wp-json\/wp\/v2\/categories?post=4446"},{"taxonomy":"post_tag","embeddable":true,"href":"https:\/\/conakrynews.org\/index.php\/wp-json\/wp\/v2\/tags?post=4446"}],"curies":[{"name":"wp","href":"https:\/\/api.w.org\/{rel}","templated":true}]}}