{"id":4559,"date":"2020-07-13T18:25:13","date_gmt":"2020-07-13T16:25:13","guid":{"rendered":"https:\/\/conakrynews.org\/?p=4559"},"modified":"2020-07-15T18:01:16","modified_gmt":"2020-07-15T16:01:16","slug":"plainte-contre-albe-bangoura-confrere-beneficie-soutien-de-taille","status":"publish","type":"post","link":"https:\/\/conakrynews.org\/index.php\/plainte-contre-albe-bangoura-confrere-beneficie-soutien-de-taille\/","title":{"rendered":"Plainte contre le journaliste Alb\u00e9 Bangoura : Notre confr\u00e8re b\u00e9n\u00e9ficie d&rsquo;un soutien de taille"},"content":{"rendered":"<hr \/>\n<p><img loading=\"lazy\" decoding=\"async\" class=\"alignright size-medium wp-image-4564\" src=\"https:\/\/conakrynews.org\/wp-content\/uploads\/2020\/07\/FB_IMG_1594658142492-500x375.jpg\" alt=\"\" width=\"500\" height=\"375\" srcset=\"https:\/\/conakrynews.org\/wp-content\/uploads\/2020\/07\/FB_IMG_1594658142492-500x375.jpg 500w, https:\/\/conakrynews.org\/wp-content\/uploads\/2020\/07\/FB_IMG_1594658142492.jpg 720w\" sizes=\"auto, (max-width: 500px) 100vw, 500px\" \/>Tr\u00e8s t\u00f4t ce lundi, 13 juillet 2020 \u00e0 Conakry, des journalistes et agents culturels se sont fortement mobilis\u00e9s devant la Direction Centrale de la Politique Judiciaire pour apporter un soutien de taille \u00e0 leur conf\u00e8re, Alb\u00e9 Bangoura, mis en cause pour d\u00e9lit de \u00ab diffamations publiques sur le r\u00e9seau social Facebook et injures \u00bb par Fatoumata Kandet Miss Guin\u00e9e 2010.<\/p>\n<p>Il y a de cela plusieurs jours,que ce jeune journaliste culturel, administrateur du site d\u2019informations v\u00e9racitecachee.com est vis\u00e9 par cette plainte de Fatoumata Kandet.Pour manifester donc leur solidarit\u00e9 \u00e0 notre Alb\u00e9 bangoura, les journalistes culturels, artistes et autres acteurs culturels guin\u00e9ens se sont massivement moblis\u00e9s aujourd&rsquo;hui \u00e0 la DPJ.<\/p>\n<p>Affaire \u00e0 suivre\u2026<br \/>\nSylla Ibrahima Kalil pour www.conakrynews.org 625444534<\/p>\n","protected":false},"excerpt":{"rendered":"<p>Tr\u00e8s t\u00f4t ce lundi, 13 juillet 2020 \u00e0 Conakry, des journalistes et agents culturels se sont fortement mobilis\u00e9s devant la Direction Centrale de la Politique Judiciaire pour apporter un soutien de taille \u00e0 leur conf\u00e8re, Alb\u00e9 Bangoura, mis en cause pour d\u00e9lit de \u00ab diffamations publiques sur le r\u00e9seau social Facebook et injures \u00bb par [&hellip;]<\/p>\n","protected":false},"author":2,"featured_media":4564,"comment_status":"open","ping_status":"open","sticky":false,"template":"","format":"standard","meta":{"footnotes":""},"categories":[62],"tags":[],"class_list":{"0":"post-4559","1":"post","2":"type-post","3":"status-publish","4":"format-standard","5":"has-post-thumbnail","7":"category-culture"},"_links":{"self":[{"href":"https:\/\/conakrynews.org\/index.php\/wp-json\/wp\/v2\/posts\/4559","targetHints":{"allow":["GET"]}}],"collection":[{"href":"https:\/\/conakrynews.org\/index.php\/wp-json\/wp\/v2\/posts"}],"about":[{"href":"https:\/\/conakrynews.org\/index.php\/wp-json\/wp\/v2\/types\/post"}],"author":[{"embeddable":true,"href":"https:\/\/conakrynews.org\/index.php\/wp-json\/wp\/v2\/users\/2"}],"replies":[{"embeddable":true,"href":"https:\/\/conakrynews.org\/index.php\/wp-json\/wp\/v2\/comments?post=4559"}],"version-history":[{"count":0,"href":"https:\/\/conakrynews.org\/index.php\/wp-json\/wp\/v2\/posts\/4559\/revisions"}],"wp:featuredmedia":[{"embeddable":true,"href":"https:\/\/conakrynews.org\/index.php\/wp-json\/wp\/v2\/media\/4564"}],"wp:attachment":[{"href":"https:\/\/conakrynews.org\/index.php\/wp-json\/wp\/v2\/media?parent=4559"}],"wp:term":[{"taxonomy":"category","embeddable":true,"href":"https:\/\/conakrynews.org\/index.php\/wp-json\/wp\/v2\/categories?post=4559"},{"taxonomy":"post_tag","embeddable":true,"href":"https:\/\/conakrynews.org\/index.php\/wp-json\/wp\/v2\/tags?post=4559"}],"curies":[{"name":"wp","href":"https:\/\/api.w.org\/{rel}","templated":true}]}}