{"id":4610,"date":"2020-07-15T10:51:53","date_gmt":"2020-07-15T08:51:53","guid":{"rendered":"https:\/\/conakrynews.org\/?p=4610"},"modified":"2020-07-16T10:08:51","modified_gmt":"2020-07-16T08:08:51","slug":"emploi-jeunes-ministre-mouctar-diallo-preside-lancement-dun-atelier-de-renforcement-de-capacites-de-1-200-jeunes","status":"publish","type":"post","link":"https:\/\/conakrynews.org\/index.php\/emploi-jeunes-ministre-mouctar-diallo-preside-lancement-dun-atelier-de-renforcement-de-capacites-de-1-200-jeunes\/","title":{"rendered":"Emploi-Jeunes : Le ministre Mouctar Diallo pr\u00e9side le  lancement d\u2019un atelier de renforcement de  capacit\u00e9s de 1200 Jeunes"},"content":{"rendered":"<p>Ce Lundi, 13 juillet 2020 \u00e0 Conakry, le consortium Jeunesse \u2013Ecole \u2013Avenir(JEA), a organis\u00e9 un atelier de formation de trois jours au centre IFORD \u00e0 Kip\u00e9.Objectif ? Proc\u00e9der au renforcement de capacit\u00e9s de 1200 jeunes afin de leur ouvrir la voie \u00e0 l&#8217;emploi et \u00e0 l&rsquo;entrepreneuriat au sein de la Guin\u00e9e.<\/p>\n<p>C\u2019est dans ce souci d\u2019apporter des solutions idoines \u00e0 la probl\u00e9matique de l&#8217;emploi des jeunes, que le Ministre de la Jeunesse et de l&rsquo;Emploi\u00a0 Jeunes, Mouctar Diallo, a pr\u00e9sid\u00e9 la c\u00e9r\u00e9monie de lancement officiel dudit atelier de formation.<br \/>\n.<br \/>\nDans son discours de lancement officiel de cet atelier de formation de jeunes, le ministre Mouctar Diallo de la jeunesse et parrain du projet, a r\u00e9it\u00e9r\u00e9 la disponibilit\u00e9 de son d\u00e9partement \u00e0 accompagner cette belle initiative qui contribuera \u00e0 la r\u00e9duction du taux de ch\u00f4mage des jeunes en R\u00e9publique de Guin\u00e9e.<br \/>\nAvant de mettre un accent particulier sur une bonne formation seule qui pourrait accorder un emploi descend aux futurs candidats sur le march\u00e9 de l\u2019emploi.<br \/>\n\u00ab C&rsquo;est une question de volont\u00e9 et d&rsquo;ambition \u00bb, a conclu le ministre Mouctar Diallo.<\/p>\n<p>Sylla Ibrahima Kalil pour www.conakrynews.org 625444534<\/p>\n<p><img loading=\"lazy\" decoding=\"async\" class=\"alignright size-medium wp-image-4611\" src=\"https:\/\/conakrynews.org\/wp-content\/uploads\/2020\/07\/photo-mouctar-1-515x244.jpg\" alt=\"\" width=\"515\" height=\"244\" srcset=\"https:\/\/conakrynews.org\/wp-content\/uploads\/2020\/07\/photo-mouctar-1-515x244.jpg 515w, https:\/\/conakrynews.org\/wp-content\/uploads\/2020\/07\/photo-mouctar-1-768x364.jpg 768w, https:\/\/conakrynews.org\/wp-content\/uploads\/2020\/07\/photo-mouctar-1.jpg 960w\" sizes=\"auto, (max-width: 515px) 100vw, 515px\" \/><img loading=\"lazy\" decoding=\"async\" class=\"alignright size-medium wp-image-4612\" src=\"https:\/\/conakrynews.org\/wp-content\/uploads\/2020\/07\/mouctar-2-515x244.jpg\" alt=\"\" width=\"515\" height=\"244\" srcset=\"https:\/\/conakrynews.org\/wp-content\/uploads\/2020\/07\/mouctar-2-515x244.jpg 515w, https:\/\/conakrynews.org\/wp-content\/uploads\/2020\/07\/mouctar-2-768x364.jpg 768w, https:\/\/conakrynews.org\/wp-content\/uploads\/2020\/07\/mouctar-2.jpg 1350w\" sizes=\"auto, (max-width: 515px) 100vw, 515px\" \/><\/p>\n","protected":false},"excerpt":{"rendered":"<p>Ce Lundi, 13 juillet 2020 \u00e0 Conakry, le consortium Jeunesse \u2013Ecole \u2013Avenir(JEA), a organis\u00e9 un atelier de formation de trois jours au centre IFORD \u00e0 Kip\u00e9.Objectif ? Proc\u00e9der au renforcement de capacit\u00e9s de 1200 jeunes afin de leur ouvrir la voie \u00e0 l&#8217;emploi et \u00e0 l&rsquo;entrepreneuriat au sein de la Guin\u00e9e. C\u2019est dans ce souci [&hellip;]<\/p>\n","protected":false},"author":2,"featured_media":4611,"comment_status":"open","ping_status":"open","sticky":false,"template":"","format":"standard","meta":{"footnotes":""},"categories":[1],"tags":[],"class_list":{"0":"post-4610","1":"post","2":"type-post","3":"status-publish","4":"format-standard","5":"has-post-thumbnail","7":"category-non-classe"},"_links":{"self":[{"href":"https:\/\/conakrynews.org\/index.php\/wp-json\/wp\/v2\/posts\/4610","targetHints":{"allow":["GET"]}}],"collection":[{"href":"https:\/\/conakrynews.org\/index.php\/wp-json\/wp\/v2\/posts"}],"about":[{"href":"https:\/\/conakrynews.org\/index.php\/wp-json\/wp\/v2\/types\/post"}],"author":[{"embeddable":true,"href":"https:\/\/conakrynews.org\/index.php\/wp-json\/wp\/v2\/users\/2"}],"replies":[{"embeddable":true,"href":"https:\/\/conakrynews.org\/index.php\/wp-json\/wp\/v2\/comments?post=4610"}],"version-history":[{"count":0,"href":"https:\/\/conakrynews.org\/index.php\/wp-json\/wp\/v2\/posts\/4610\/revisions"}],"wp:featuredmedia":[{"embeddable":true,"href":"https:\/\/conakrynews.org\/index.php\/wp-json\/wp\/v2\/media\/4611"}],"wp:attachment":[{"href":"https:\/\/conakrynews.org\/index.php\/wp-json\/wp\/v2\/media?parent=4610"}],"wp:term":[{"taxonomy":"category","embeddable":true,"href":"https:\/\/conakrynews.org\/index.php\/wp-json\/wp\/v2\/categories?post=4610"},{"taxonomy":"post_tag","embeddable":true,"href":"https:\/\/conakrynews.org\/index.php\/wp-json\/wp\/v2\/tags?post=4610"}],"curies":[{"name":"wp","href":"https:\/\/api.w.org\/{rel}","templated":true}]}}