{"id":4675,"date":"2020-07-19T00:32:12","date_gmt":"2020-07-18T22:32:12","guid":{"rendered":"https:\/\/conakrynews.org\/?p=4675"},"modified":"2020-07-19T00:32:12","modified_gmt":"2020-07-18T22:32:12","slug":"medias-directeur-general-de-seg-porte-plainte-contre-journaliste-alseny-fadiga-a-dpj","status":"publish","type":"post","link":"https:\/\/conakrynews.org\/index.php\/medias-directeur-general-de-seg-porte-plainte-contre-journaliste-alseny-fadiga-a-dpj\/","title":{"rendered":"M\u00e9dias : le Directeur G\u00e9n\u00e9ral de la SEG porte plainte contre le Journaliste Alseny Fadiga \u00e0 la DPJ"},"content":{"rendered":"<div class=\"td-post-header td-pb-padding-side\">\n<header>&nbsp;<\/p>\n<div class=\"meta-info\">\n<div class=\"td-post-author-name\"><\/div>\n<div class=\"td-post-comments\"><\/div>\n<\/div>\n<\/header>\n<\/div>\n<div class=\"td-post-sharing td-post-sharing-top td-pb-padding-side\"><img loading=\"lazy\" decoding=\"async\" class=\"alignright size-medium wp-image-4676\" src=\"https:\/\/conakrynews.org\/wp-content\/uploads\/2020\/07\/FAA4DB85-E07B-4C60-83B4-9D0500FEFFA3-449x375.jpeg\" alt=\"\" width=\"449\" height=\"375\" srcset=\"https:\/\/conakrynews.org\/wp-content\/uploads\/2020\/07\/FAA4DB85-E07B-4C60-83B4-9D0500FEFFA3-449x375.jpeg 449w, https:\/\/conakrynews.org\/wp-content\/uploads\/2020\/07\/FAA4DB85-E07B-4C60-83B4-9D0500FEFFA3.jpeg 719w\" sizes=\"auto, (max-width: 449px) 100vw, 449px\" \/>Selon la plainte, suite \u00e0 un article de presse publi\u00e9, Alseny Fadiga, le R\u00e9dacteur en Chef du site Leprojecteurguinee.com devrait se pr\u00e9senter \u00e0 la Direction G\u00e9n\u00e9rale de la Police Judiciaire, sise au quartier Manquepas \u00e0 Kaloum, le mardi 21 Juillet 2020 \u00e0 partir 10 heures.<\/div>\n<div class=\"td-post-content td-pb-padding-side\">\n<p>Le rendez-vous est donc pris pour ce jour. La r\u00e9daction appelle \u00e0 une forte mobilisation pour soutenir son R\u00e9dacteur en Chef.<\/p>\n<p><b>Nous y reviendrons.<\/b><\/p>\n<\/div>\n","protected":false},"excerpt":{"rendered":"<p>&nbsp; Selon la plainte, suite \u00e0 un article de presse publi\u00e9, Alseny Fadiga, le R\u00e9dacteur en Chef du site Leprojecteurguinee.com devrait se pr\u00e9senter \u00e0 la Direction G\u00e9n\u00e9rale de la Police Judiciaire, sise au quartier Manquepas \u00e0 Kaloum, le mardi 21 Juillet 2020 \u00e0 partir 10 heures. Le rendez-vous est donc pris pour ce jour. La [&hellip;]<\/p>\n","protected":false},"author":2,"featured_media":4676,"comment_status":"open","ping_status":"open","sticky":false,"template":"","format":"standard","meta":{"footnotes":""},"categories":[58],"tags":[],"class_list":{"0":"post-4675","1":"post","2":"type-post","3":"status-publish","4":"format-standard","5":"has-post-thumbnail","7":"category-societe"},"_links":{"self":[{"href":"https:\/\/conakrynews.org\/index.php\/wp-json\/wp\/v2\/posts\/4675","targetHints":{"allow":["GET"]}}],"collection":[{"href":"https:\/\/conakrynews.org\/index.php\/wp-json\/wp\/v2\/posts"}],"about":[{"href":"https:\/\/conakrynews.org\/index.php\/wp-json\/wp\/v2\/types\/post"}],"author":[{"embeddable":true,"href":"https:\/\/conakrynews.org\/index.php\/wp-json\/wp\/v2\/users\/2"}],"replies":[{"embeddable":true,"href":"https:\/\/conakrynews.org\/index.php\/wp-json\/wp\/v2\/comments?post=4675"}],"version-history":[{"count":0,"href":"https:\/\/conakrynews.org\/index.php\/wp-json\/wp\/v2\/posts\/4675\/revisions"}],"wp:featuredmedia":[{"embeddable":true,"href":"https:\/\/conakrynews.org\/index.php\/wp-json\/wp\/v2\/media\/4676"}],"wp:attachment":[{"href":"https:\/\/conakrynews.org\/index.php\/wp-json\/wp\/v2\/media?parent=4675"}],"wp:term":[{"taxonomy":"category","embeddable":true,"href":"https:\/\/conakrynews.org\/index.php\/wp-json\/wp\/v2\/categories?post=4675"},{"taxonomy":"post_tag","embeddable":true,"href":"https:\/\/conakrynews.org\/index.php\/wp-json\/wp\/v2\/tags?post=4675"}],"curies":[{"name":"wp","href":"https:\/\/api.w.org\/{rel}","templated":true}]}}