{"id":4697,"date":"2020-07-20T17:53:19","date_gmt":"2020-07-20T15:53:19","guid":{"rendered":"https:\/\/conakrynews.org\/?p=4697"},"modified":"2020-07-20T17:53:19","modified_gmt":"2020-07-20T15:53:19","slug":"marche-fndc-jeune-manifestant-blesse-balle-a-conakry","status":"publish","type":"post","link":"https:\/\/conakrynews.org\/index.php\/marche-fndc-jeune-manifestant-blesse-balle-a-conakry\/","title":{"rendered":"Marche du FNDC : un jeune manifestant bless\u00e9 par balle \u00e0 Conakry"},"content":{"rendered":"<p><img loading=\"lazy\" decoding=\"async\" class=\"alignright size-full wp-image-4698\" src=\"https:\/\/conakrynews.org\/wp-content\/uploads\/2020\/07\/jeune-bless\u00e9.jpg\" alt=\"\" width=\"479\" height=\"320\" \/><\/p>\n<p>Encore une autre victime ce lundi, 20 juillet 2020 \u00e0 Conakry, lors de la manifestation du Front National pour la D\u00e9fense de la Constitution (FNDC) contre le r\u00e9gime en place.<\/p>\n<p>Il s\u2019agit de Mamadou Dian Diallo, \u00e2g\u00e9 de 22 ans, \u00e9l\u00e8ve en 11\u00e8me Ann\u00e9e, domicili\u00e9 au Quartier Koloma-1, dans la commune de Ratoma, qui a \u00e9t\u00e9 bless\u00e9 par balles au niveau du flanc gauche et de l\u2019hypocondre droite.<\/p>\n<p>Au moment o\u00f9 nous mettions en ligne cette d\u00e9p\u00eache, le jeune Mamdou Dian Diallo a \u00e9t\u00e9 transport\u00e9 dans une Clinique pour des soins.<\/p>\n<p>Par ailleurs, au quartier Dabondy dans la commune de Matoto, plusieurs jeunes et femmes se sont rassembl\u00e9s sur l\u2019autoroute malgr\u00e9 la pluie pour manifester leur col\u00e8re \u00e0 l\u2019endroit du pouvoir D\u2019Alpha Cond\u00e9.<\/p>\n<p>Fanta Kamano<\/p>\n","protected":false},"excerpt":{"rendered":"<p>Encore une autre victime ce lundi, 20 juillet 2020 \u00e0 Conakry, lors de la manifestation du Front National pour la D\u00e9fense de la Constitution (FNDC) contre le r\u00e9gime en place. Il s\u2019agit de Mamadou Dian Diallo, \u00e2g\u00e9 de 22 ans, \u00e9l\u00e8ve en 11\u00e8me Ann\u00e9e, domicili\u00e9 au Quartier Koloma-1, dans la commune de Ratoma, qui a [&hellip;]<\/p>\n","protected":false},"author":2,"featured_media":4698,"comment_status":"open","ping_status":"open","sticky":false,"template":"","format":"standard","meta":{"footnotes":""},"categories":[57],"tags":[],"class_list":{"0":"post-4697","1":"post","2":"type-post","3":"status-publish","4":"format-standard","5":"has-post-thumbnail","7":"category-politique"},"_links":{"self":[{"href":"https:\/\/conakrynews.org\/index.php\/wp-json\/wp\/v2\/posts\/4697","targetHints":{"allow":["GET"]}}],"collection":[{"href":"https:\/\/conakrynews.org\/index.php\/wp-json\/wp\/v2\/posts"}],"about":[{"href":"https:\/\/conakrynews.org\/index.php\/wp-json\/wp\/v2\/types\/post"}],"author":[{"embeddable":true,"href":"https:\/\/conakrynews.org\/index.php\/wp-json\/wp\/v2\/users\/2"}],"replies":[{"embeddable":true,"href":"https:\/\/conakrynews.org\/index.php\/wp-json\/wp\/v2\/comments?post=4697"}],"version-history":[{"count":0,"href":"https:\/\/conakrynews.org\/index.php\/wp-json\/wp\/v2\/posts\/4697\/revisions"}],"wp:featuredmedia":[{"embeddable":true,"href":"https:\/\/conakrynews.org\/index.php\/wp-json\/wp\/v2\/media\/4698"}],"wp:attachment":[{"href":"https:\/\/conakrynews.org\/index.php\/wp-json\/wp\/v2\/media?parent=4697"}],"wp:term":[{"taxonomy":"category","embeddable":true,"href":"https:\/\/conakrynews.org\/index.php\/wp-json\/wp\/v2\/categories?post=4697"},{"taxonomy":"post_tag","embeddable":true,"href":"https:\/\/conakrynews.org\/index.php\/wp-json\/wp\/v2\/tags?post=4697"}],"curies":[{"name":"wp","href":"https:\/\/api.w.org\/{rel}","templated":true}]}}