{"id":4703,"date":"2020-07-21T11:07:27","date_gmt":"2020-07-21T09:07:27","guid":{"rendered":"https:\/\/conakrynews.org\/?p=4703"},"modified":"2020-07-21T11:07:27","modified_gmt":"2020-07-21T09:07:27","slug":"conakry-ministre-mouctar-diallo-lance-projet-youthconnect-for-women","status":"publish","type":"post","link":"https:\/\/conakrynews.org\/index.php\/conakry-ministre-mouctar-diallo-lance-projet-youthconnect-for-women\/","title":{"rendered":"Conakry: Le Ministre  Mouctar  Diallo lance le projet \u00ab YOUTHCONNECT FOR WOMEN \u00bb"},"content":{"rendered":"<p><strong>C\u2019est le lundi, 20 juillet 2020, dans la salle de r\u00e9union\u00a0 d\u2019un h\u00f4tel de la place, que le ministre de la jeunesse et de l\u2019emploi \u00a0jeunes, Mouctar Diallo a\u00a0 pr\u00e9sid\u00e9 le lancement du projet \u00ab Youthconnect For Women \u00bb .Ledit \u00a0projet ambitionne \u00e0 soutenir plus de 600 femmes entrepreneures guin\u00e9ennes par le \u00a0d\u00e9veloppement des services num\u00e9riques cibl\u00e9s, en particulier pour celles vivant dans les zones enclav\u00e9es. Plusieurs personnalit\u00e9s ont pris part \u00e0 cette \u00a0c\u00e9r\u00e9monie de lancement du projet \u00a0\u00ab Youthconnect For Women \u00bb notamment la repr\u00e9sentante\u00a0 ministre des Droits et de l\u2019autonomisation des femmes, de l\u2019ambassadeur extraordinaire et pl\u00e9nipotentiaire de la f\u00e9d\u00e9ration de Russie en Guin\u00e9e, du repr\u00e9sentant du PNUD et du Directeur G\u00e9n\u00e9ral de l\u2019APIP.<\/strong><\/p>\n<p>&nbsp;<\/p>\n<p>Prenant la parole, le ministre de la jeunesse \u00a0et de l\u2019emploi jeune, a\u00a0 pr\u00e9cis\u00e9\u00a0 \u00a0que ce projet s\u2019accommode avec les orientations donn\u00e9es par \u00a0M. le \u00a0premier \u00a0ministre \u00a0Chef du gouvernement, Dr Ibrahima Kassory Fofana conform\u00e9ment \u00a0\u00e0 la vision et aux \u00a0id\u00e9aux du Pr\u00e9sident de la R\u00e9publique, le Prof \u00a0Alpha Cond\u00e9 \u00a0qui a affirm\u00e9 la n\u00e9cessit\u00e9 de promouvoir l\u2019insertion socio-\u00e9conomique des jeunes \u00a0femmes en vue de leur autonomisation et de leur implication dans le processus de d\u00e9veloppement de la Guin\u00e9e.<\/p>\n<p>&nbsp;<\/p>\n<p>De m\u00eame, le ministre de la jeunesse\u00a0 a d\u00e9clar\u00e9 \u00a0que le projet Youthconnect For Women va d\u00e9velopper les comp\u00e9tences des jeunes femmes en plan d\u2019affaires et faciliter leur acc\u00e8s aux march\u00e9s et aux financements.<\/p>\n<p><strong>Sylla Ibrahima Kalil pour <a href=\"https:\/\/conakrynews.org\">www.conakrynews.org<\/a> 625444534<\/strong><\/p>\n<p><strong>\u00a0<\/strong><img loading=\"lazy\" decoding=\"async\" class=\"alignright size-medium wp-image-4704\" src=\"https:\/\/conakrynews.org\/wp-content\/uploads\/2020\/07\/photo-ministre-Mouctar-500x375.jpg\" alt=\"\" width=\"500\" height=\"375\" srcset=\"https:\/\/conakrynews.org\/wp-content\/uploads\/2020\/07\/photo-ministre-Mouctar-500x375.jpg 500w, https:\/\/conakrynews.org\/wp-content\/uploads\/2020\/07\/photo-ministre-Mouctar.jpg 720w\" sizes=\"auto, (max-width: 500px) 100vw, 500px\" \/><img loading=\"lazy\" decoding=\"async\" class=\"alignright size-medium wp-image-4705\" src=\"https:\/\/conakrynews.org\/wp-content\/uploads\/2020\/07\/mouctar-2-1-500x375.jpg\" alt=\"\" width=\"500\" height=\"375\" srcset=\"https:\/\/conakrynews.org\/wp-content\/uploads\/2020\/07\/mouctar-2-1-500x375.jpg 500w, https:\/\/conakrynews.org\/wp-content\/uploads\/2020\/07\/mouctar-2-1.jpg 720w\" sizes=\"auto, (max-width: 500px) 100vw, 500px\" \/><\/p>\n","protected":false},"excerpt":{"rendered":"<p>C\u2019est le lundi, 20 juillet 2020, dans la salle de r\u00e9union\u00a0 d\u2019un h\u00f4tel de la place, que le ministre de la jeunesse et de l\u2019emploi \u00a0jeunes, Mouctar Diallo a\u00a0 pr\u00e9sid\u00e9 le lancement du projet \u00ab Youthconnect For Women \u00bb .Ledit \u00a0projet ambitionne \u00e0 soutenir plus de 600 femmes entrepreneures guin\u00e9ennes par le \u00a0d\u00e9veloppement des services [&hellip;]<\/p>\n","protected":false},"author":2,"featured_media":4705,"comment_status":"open","ping_status":"open","sticky":false,"template":"","format":"standard","meta":{"footnotes":""},"categories":[1],"tags":[],"class_list":{"0":"post-4703","1":"post","2":"type-post","3":"status-publish","4":"format-standard","5":"has-post-thumbnail","7":"category-non-classe"},"_links":{"self":[{"href":"https:\/\/conakrynews.org\/index.php\/wp-json\/wp\/v2\/posts\/4703","targetHints":{"allow":["GET"]}}],"collection":[{"href":"https:\/\/conakrynews.org\/index.php\/wp-json\/wp\/v2\/posts"}],"about":[{"href":"https:\/\/conakrynews.org\/index.php\/wp-json\/wp\/v2\/types\/post"}],"author":[{"embeddable":true,"href":"https:\/\/conakrynews.org\/index.php\/wp-json\/wp\/v2\/users\/2"}],"replies":[{"embeddable":true,"href":"https:\/\/conakrynews.org\/index.php\/wp-json\/wp\/v2\/comments?post=4703"}],"version-history":[{"count":0,"href":"https:\/\/conakrynews.org\/index.php\/wp-json\/wp\/v2\/posts\/4703\/revisions"}],"wp:featuredmedia":[{"embeddable":true,"href":"https:\/\/conakrynews.org\/index.php\/wp-json\/wp\/v2\/media\/4705"}],"wp:attachment":[{"href":"https:\/\/conakrynews.org\/index.php\/wp-json\/wp\/v2\/media?parent=4703"}],"wp:term":[{"taxonomy":"category","embeddable":true,"href":"https:\/\/conakrynews.org\/index.php\/wp-json\/wp\/v2\/categories?post=4703"},{"taxonomy":"post_tag","embeddable":true,"href":"https:\/\/conakrynews.org\/index.php\/wp-json\/wp\/v2\/tags?post=4703"}],"curies":[{"name":"wp","href":"https:\/\/api.w.org\/{rel}","templated":true}]}}