{"id":4736,"date":"2020-07-23T18:21:56","date_gmt":"2020-07-23T16:21:56","guid":{"rendered":"https:\/\/conakrynews.org\/?p=4736"},"modified":"2020-07-23T21:37:10","modified_gmt":"2020-07-23T19:37:10","slug":"bonne-nouvelle-fete-de-tabaski-enfin-autorisee-mosquees-places-publiques-communique","status":"publish","type":"post","link":"https:\/\/conakrynews.org\/index.php\/bonne-nouvelle-fete-de-tabaski-enfin-autorisee-mosquees-places-publiques-communique\/","title":{"rendered":"Bonne nouvelle: La f\u00eate de Tabaski est enfin autoris\u00e9e dans les mosqu\u00e9es et les places publiques (Communiqu\u00e9)"},"content":{"rendered":"<h1 class=\"name post-title entry-title\"><\/h1>\n<div class=\"clear\">\n<p>\u00a0<img loading=\"lazy\" decoding=\"async\" class=\"alignright size-medium wp-image-4737\" src=\"https:\/\/conakrynews.org\/wp-content\/uploads\/2020\/07\/communiqu\u00e9-f\u00eate-tabaski-270x375.jpg\" alt=\"\" width=\"270\" height=\"375\" srcset=\"https:\/\/conakrynews.org\/wp-content\/uploads\/2020\/07\/communiqu\u00e9-f\u00eate-tabaski-270x375.jpg 270w, https:\/\/conakrynews.org\/wp-content\/uploads\/2020\/07\/communiqu\u00e9-f\u00eate-tabaski.jpg 480w\" sizes=\"auto, (max-width: 270px) 100vw, 270px\" \/><img loading=\"lazy\" decoding=\"async\" class=\"alignright size-full wp-image-4738\" src=\"https:\/\/conakrynews.org\/wp-content\/uploads\/2020\/07\/tabaski.jpg\" alt=\"\" width=\"448\" height=\"299\" \/><\/p>\n<hr \/>\n<hr \/>\n<p>A travers un communiqu\u00e9 rendu public ce jeudi,23 juillet 2020, les autorit\u00e9s en charge des affaires religieuses ont autoris\u00e9 la pri\u00e8re collective dans les mosqu\u00e9es et autres lieux de pri\u00e8res le jour de la f\u00eate de tabaski pr\u00e9vue le 31 juillet prochain \u00e0 9heures 30.<\/p>\n<\/div>\n<p><!--more--><\/p>\n<div class=\"entry\">\n<p>Cette autorisation de la pri\u00e8re collective le jour de la f\u00eate de tabaski a \u00e9t\u00e9 recommand\u00e9 par le conseil scientifique de la R\u00e9publique de Guin\u00e9e, sur instruction du chef de l\u2019Etat, Pr Alpha Cond\u00e9,selon le communiqu\u00e9.<\/p>\n<p>\u00ab\u00a0Cette mesure concerne la zone du grand Conakry \u00e0 savoir\u00a0: les (5) communes de Conakry, les communes de Dubr\u00e9ka et Coyah, ainsi que les communes urbaines des pr\u00e9fectures de Bok\u00e9,Mamou, Fria, Kindia et Macenta\u203a\u203a<\/p>\n<p>Sylla Ibrahima Kalil<\/p>\n<p>&nbsp;<\/p>\n<p><strong>Voici le contenu dudit communiqu\u00e9<\/strong><\/p>\n<\/div>\n","protected":false},"excerpt":{"rendered":"<p>\u00a0 A travers un communiqu\u00e9 rendu public ce jeudi,23 juillet 2020, les autorit\u00e9s en charge des affaires religieuses ont autoris\u00e9 la pri\u00e8re collective dans les mosqu\u00e9es et autres lieux de pri\u00e8res le jour de la f\u00eate de tabaski pr\u00e9vue le 31 juillet prochain \u00e0 9heures 30.<\/p>\n","protected":false},"author":2,"featured_media":4738,"comment_status":"open","ping_status":"open","sticky":false,"template":"","format":"standard","meta":{"footnotes":""},"categories":[58],"tags":[],"class_list":{"0":"post-4736","1":"post","2":"type-post","3":"status-publish","4":"format-standard","5":"has-post-thumbnail","7":"category-societe"},"_links":{"self":[{"href":"https:\/\/conakrynews.org\/index.php\/wp-json\/wp\/v2\/posts\/4736","targetHints":{"allow":["GET"]}}],"collection":[{"href":"https:\/\/conakrynews.org\/index.php\/wp-json\/wp\/v2\/posts"}],"about":[{"href":"https:\/\/conakrynews.org\/index.php\/wp-json\/wp\/v2\/types\/post"}],"author":[{"embeddable":true,"href":"https:\/\/conakrynews.org\/index.php\/wp-json\/wp\/v2\/users\/2"}],"replies":[{"embeddable":true,"href":"https:\/\/conakrynews.org\/index.php\/wp-json\/wp\/v2\/comments?post=4736"}],"version-history":[{"count":0,"href":"https:\/\/conakrynews.org\/index.php\/wp-json\/wp\/v2\/posts\/4736\/revisions"}],"wp:featuredmedia":[{"embeddable":true,"href":"https:\/\/conakrynews.org\/index.php\/wp-json\/wp\/v2\/media\/4738"}],"wp:attachment":[{"href":"https:\/\/conakrynews.org\/index.php\/wp-json\/wp\/v2\/media?parent=4736"}],"wp:term":[{"taxonomy":"category","embeddable":true,"href":"https:\/\/conakrynews.org\/index.php\/wp-json\/wp\/v2\/categories?post=4736"},{"taxonomy":"post_tag","embeddable":true,"href":"https:\/\/conakrynews.org\/index.php\/wp-json\/wp\/v2\/tags?post=4736"}],"curies":[{"name":"wp","href":"https:\/\/api.w.org\/{rel}","templated":true}]}}