{"id":4830,"date":"2020-08-07T10:23:08","date_gmt":"2020-08-07T08:23:08","guid":{"rendered":"https:\/\/conakrynews.org\/?p=4830"},"modified":"2020-08-07T16:14:22","modified_gmt":"2020-08-07T14:14:22","slug":"guineem-mamady-conde-coordonnateur-general-mouvement-alpha-nan-noma-sexprime-choix-candidat-alpha-conde-compte-de-presidentielle","status":"publish","type":"post","link":"https:\/\/conakrynews.org\/index.php\/guineem-mamady-conde-coordonnateur-general-mouvement-alpha-nan-noma-sexprime-choix-candidat-alpha-conde-compte-de-presidentielle\/","title":{"rendered":"Guin\u00e9e:M.Mamady Cond\u00e9, coordonnateur g\u00e9n\u00e9ral du Mouvement \u00ab\u00a0Alpha Nan N\u00f6ma\u00a0\u00bb s&rsquo;exprime sur le choix du candidat Alpha Cond\u00e9 au compte de la  pr\u00e9sidentielle"},"content":{"rendered":"<p><img loading=\"lazy\" decoding=\"async\" class=\"alignright size-medium wp-image-4837\" src=\"https:\/\/conakrynews.org\/wp-content\/uploads\/2020\/08\/received_771432820295059-206x375.jpeg\" alt=\"\" width=\"206\" height=\"375\" srcset=\"https:\/\/conakrynews.org\/wp-content\/uploads\/2020\/08\/received_771432820295059-206x375.jpeg 206w, https:\/\/conakrynews.org\/wp-content\/uploads\/2020\/08\/received_771432820295059.jpeg 528w\" sizes=\"auto, (max-width: 206px) 100vw, 206px\" \/>Dans un entretien exclusif qu&rsquo;il nous a r\u00e9cemment\u00a0 accord\u00e9,M.Cond\u00e9 Mamady, responsable de la logistique \u00e0 la BCRG et Coordinateur G\u00e9n\u00e9ral du Mouvement \u00a0\u00bbAlpha Nan N\u00f6ma\u00a0\u00bb s&rsquo;est\u00a0 prononc\u00e9 sur le choix port\u00e9 sur le pr\u00e9sident de la R\u00e9publique prof Alpha Cond\u00e9, \u00e0 \u00eatre le\u00a0 candidat unique \u00e0 l&rsquo;\u00e9lection\u00a0 pr\u00e9sidentielle prevue pour le 18 Octobre prochain en Guin\u00e9e.<\/p>\n<p>&nbsp;<\/p>\n<p>&nbsp;<\/p>\n<p>Sur la question de savoir quelles sont les activit\u00e9s\u00a0 du mouvement\u00a0 \u00ab\u00a0Alpha Nan N\u00f4ma\u00a0\u00bb? M.Cond\u00e9 mamady a declar\u00e9 que les activit\u00e9s du mouvement \u00ab\u00a0Alpha Nan N\u00f4ma\u00a0\u00bb ne sont autres que l&rsquo;installation\u00a0 des diff\u00e9rentes antennes dudit mouvement politique \u00e0 l&rsquo;int\u00e9rieur du\u00a0 pays et sur la p\u00e9riph\u00e9rie de Conakry notamment \u00e0 Ke\u00eftaya et \u00e0 Dubreka.<\/p>\n<p>Parlant du choix d&rsquo;alpha cond\u00e9 comme candidat unique du RPG Arc -En-Ciel, M.Mamady cond\u00e9 a dit:\u2039\u2039Ma\u00a0 position est tr\u00e8s claire.C&rsquo;est de prier M.le pr\u00e9sident de la R\u00e9publique \u00e0 accepter d&rsquo;\u00eatre le premier pr\u00e9sident de la nouvelle R\u00e9publique\u203a\u203a.<\/p>\n<p>De poursuivre,le coordinateur g\u00e9n\u00e9ral du Mouvement\u00a0 \u00ab\u00a0Alpha\u00a0Nan N\u00f4ma\u00a0\u00bb a\u00a0 expliqu\u00e9 :\u2039\u2039Depuis qu&rsquo;il est au pouvoir,il ne fait que r\u00e9aliser du bonheur pour notre pays.Et tout ce qu&rsquo;il a promis il n&rsquo;a pas pu r\u00e9aliser \u00e0 temps vu certaines r\u00e9alit\u00e9s\u00a0 sur le terrain.Telque les maladies qui ont surgies\u00a0 et qui l&rsquo;ont en m\u00eame temps l&#8217;emp\u00eacher d&rsquo;\u00e9voluer dans le cadre de la r\u00e9alisation de ses projets\u203a\u203a, a -t-il expliqu\u00e9.<\/p>\n<p>\u2039\u2039Et si aujourd&rsquo;hui,il a mis \u00e0 la disposition de notre pays une nouvelle constitution qui donnera un d\u00e9veloppement harmonieux \u00e0 notre pays pourquoi alors ne pas lui laisser pour finaliser ses projets. C&rsquo;est raison pour laquelle je souhaiterais\u00a0 qu&rsquo;il accepte d&rsquo;\u00eatre le premier pr\u00e9sident de la nouvelle R\u00e9publique en Guin\u00e9e\u203a\u203a, a conclu M.Mamady Cond\u00e9.<\/p>\n<p>Sylla Ibrahima Khalil pour www.conkrynews.org 625444534<\/p>\n","protected":false},"excerpt":{"rendered":"<p>Dans un entretien exclusif qu&rsquo;il nous a r\u00e9cemment\u00a0 accord\u00e9,M.Cond\u00e9 Mamady, responsable de la logistique \u00e0 la BCRG et Coordinateur G\u00e9n\u00e9ral du Mouvement \u00a0\u00bbAlpha Nan N\u00f6ma\u00a0\u00bb s&rsquo;est\u00a0 prononc\u00e9 sur le choix port\u00e9 sur le pr\u00e9sident de la R\u00e9publique prof Alpha Cond\u00e9, \u00e0 \u00eatre le\u00a0 candidat unique \u00e0 l&rsquo;\u00e9lection\u00a0 pr\u00e9sidentielle prevue pour le 18 Octobre prochain en [&hellip;]<\/p>\n","protected":false},"author":2,"featured_media":4841,"comment_status":"open","ping_status":"open","sticky":false,"template":"","format":"standard","meta":{"footnotes":""},"categories":[57],"tags":[],"class_list":{"0":"post-4830","1":"post","2":"type-post","3":"status-publish","4":"format-standard","5":"has-post-thumbnail","7":"category-politique"},"_links":{"self":[{"href":"https:\/\/conakrynews.org\/index.php\/wp-json\/wp\/v2\/posts\/4830","targetHints":{"allow":["GET"]}}],"collection":[{"href":"https:\/\/conakrynews.org\/index.php\/wp-json\/wp\/v2\/posts"}],"about":[{"href":"https:\/\/conakrynews.org\/index.php\/wp-json\/wp\/v2\/types\/post"}],"author":[{"embeddable":true,"href":"https:\/\/conakrynews.org\/index.php\/wp-json\/wp\/v2\/users\/2"}],"replies":[{"embeddable":true,"href":"https:\/\/conakrynews.org\/index.php\/wp-json\/wp\/v2\/comments?post=4830"}],"version-history":[{"count":0,"href":"https:\/\/conakrynews.org\/index.php\/wp-json\/wp\/v2\/posts\/4830\/revisions"}],"wp:featuredmedia":[{"embeddable":true,"href":"https:\/\/conakrynews.org\/index.php\/wp-json\/wp\/v2\/media\/4841"}],"wp:attachment":[{"href":"https:\/\/conakrynews.org\/index.php\/wp-json\/wp\/v2\/media?parent=4830"}],"wp:term":[{"taxonomy":"category","embeddable":true,"href":"https:\/\/conakrynews.org\/index.php\/wp-json\/wp\/v2\/categories?post=4830"},{"taxonomy":"post_tag","embeddable":true,"href":"https:\/\/conakrynews.org\/index.php\/wp-json\/wp\/v2\/tags?post=4830"}],"curies":[{"name":"wp","href":"https:\/\/api.w.org\/{rel}","templated":true}]}}