{"id":4912,"date":"2020-08-12T13:05:50","date_gmt":"2020-08-12T11:05:50","guid":{"rendered":"https:\/\/conakrynews.org\/?p=4912"},"modified":"2020-08-12T13:35:44","modified_gmt":"2020-08-12T11:35:44","slug":"presidentielle-2020-alpha-conde-enterine-date-18-octobre-tenue-scrutin","status":"publish","type":"post","link":"https:\/\/conakrynews.org\/index.php\/presidentielle-2020-alpha-conde-enterine-date-18-octobre-tenue-scrutin\/","title":{"rendered":"Pr\u00e9sidentielle du 18 Octobre prochain: Alpha Cond\u00e9 ent\u00e9rine la date du scrutin par D\u00e9cret"},"content":{"rendered":"<div class=\"td-post-header\">\n<header class=\"td-post-title\">\n<h1 class=\"entry-title\"><img loading=\"lazy\" decoding=\"async\" class=\"alignright size-full wp-image-4917\" src=\"https:\/\/conakrynews.org\/wp-content\/uploads\/2020\/08\/106466789_950352535418357_7332746578338815557_n.jpg\" alt=\"\" width=\"218\" height=\"150\" \/><\/h1>\n<div class=\"td-module-meta-info\">\n<div class=\"td-post-author-name\">\n<div class=\"td-author-by\"><\/div>\n<div class=\"td-author-line\">\u00a0&#8211;<\/div>\n<\/div>\n<\/div>\n<\/header>\n<\/div>\n<div class=\"td-post-sharing td-post-sharing-top \">\n<div class=\"td-default-sharing\"><i class=\"td-icon-facebook\"><\/i>\u00a0<i class=\"td-icon-twitter\"><\/i>\u00a0<i class=\"td-icon-googleplus\"><\/i>\u00a0<i class=\"td-icon-pinterest\"><\/i>\u00a0<i class=\"td-icon-whatsapp\"><\/i><\/div>\n<\/div>\n<div class=\"td-post-content\">\n<div class=\"td-post-featured-image\"><a class=\"td-modal-image\" href=\"http:\/\/liberationinfo.com\/wp-content\/uploads\/2020\/08\/Alpha-Cond-ok.jpg\"><img loading=\"lazy\" decoding=\"async\" class=\"entry-thumb td-animation-stack-type0-2\" title=\"Alpha-Cond-ok\" src=\"http:\/\/liberationinfo.com\/wp-content\/uploads\/2020\/08\/Alpha-Cond-ok.jpg\" alt=\"\" width=\"685\" height=\"385\" \/><\/a><\/div>\n<p><strong>C&rsquo;est desormais officiel que les Guin\u00e9ens se rendront aux urnes le 18 octobre prochain.La pr\u00e9sidentielle prevue\u00a0 pour le mois d&rsquo;Octobre prochain aura lieu \u00e0 la date indiqu\u00e9e , comme propos\u00e9 par la CENI. L&rsquo;information\u00a0 a \u00e9t\u00e9 rendu public\u00a0 \u00e0 la soir\u00e9e du 11 ao\u00fbt 2020, \u00e0 travers un Decret du\u00a0 president de la R\u00e9publique,prof Alpha Cond\u00e9.<\/strong><\/p>\n<p>c\u2019est sur\u00a0 les antennes de la Radio T\u00e9l\u00e9vision Guin\u00e9enne (RTG), que le pr\u00e9sident de la R\u00e9publique a confirm\u00e9 la date de ce grand rendez-vous \u00e9lectoral pour notre pays, dont les enjeux s\u2019annoncent d\u00e9terminants pour la d\u00e9mocratie guin\u00e9enne.<\/p>\n<p>Mais avec beaucoup de suspens par rapport \u00e0 l&rsquo; \u00e9ventuelle\u00a0 candidature du\u00a0 pr\u00e9sident Alpha Cond\u00e9 pour un troisi\u00e8me mandat.<\/p>\n<p>Pour le moment, aucune annonce officielle n\u2019a\u00a0 encore \u00e9t\u00e9 faite concernant ce\u00a0 sujet\u00a0 qui divise aujourd&rsquo;hui la classe politique guin\u00e9enne.<\/p>\n<p>Par ailleurs,le m\u00eame d\u00e9cret invite tous les acteurs concern\u00e9s par le processus \u00e9lectoral de bien prendre leur responsabilit\u00e9 pour le respect de ladite date des \u00e9lections.<\/p>\n<p>Sylla Ibrahima Kalil pour www.conakrynews.org<\/p>\n<\/div>\n","protected":false},"excerpt":{"rendered":"<p>\u00a0&#8211; \u00a0\u00a0\u00a0\u00a0 C&rsquo;est desormais officiel que les Guin\u00e9ens se rendront aux urnes le 18 octobre prochain.La pr\u00e9sidentielle prevue\u00a0 pour le mois d&rsquo;Octobre prochain aura lieu \u00e0 la date indiqu\u00e9e , comme propos\u00e9 par la CENI. L&rsquo;information\u00a0 a \u00e9t\u00e9 rendu public\u00a0 \u00e0 la soir\u00e9e du 11 ao\u00fbt 2020, \u00e0 travers un Decret du\u00a0 president de la [&hellip;]<\/p>\n","protected":false},"author":2,"featured_media":4917,"comment_status":"open","ping_status":"open","sticky":false,"template":"","format":"standard","meta":{"footnotes":""},"categories":[57],"tags":[],"class_list":{"0":"post-4912","1":"post","2":"type-post","3":"status-publish","4":"format-standard","5":"has-post-thumbnail","7":"category-politique"},"_links":{"self":[{"href":"https:\/\/conakrynews.org\/index.php\/wp-json\/wp\/v2\/posts\/4912","targetHints":{"allow":["GET"]}}],"collection":[{"href":"https:\/\/conakrynews.org\/index.php\/wp-json\/wp\/v2\/posts"}],"about":[{"href":"https:\/\/conakrynews.org\/index.php\/wp-json\/wp\/v2\/types\/post"}],"author":[{"embeddable":true,"href":"https:\/\/conakrynews.org\/index.php\/wp-json\/wp\/v2\/users\/2"}],"replies":[{"embeddable":true,"href":"https:\/\/conakrynews.org\/index.php\/wp-json\/wp\/v2\/comments?post=4912"}],"version-history":[{"count":0,"href":"https:\/\/conakrynews.org\/index.php\/wp-json\/wp\/v2\/posts\/4912\/revisions"}],"wp:featuredmedia":[{"embeddable":true,"href":"https:\/\/conakrynews.org\/index.php\/wp-json\/wp\/v2\/media\/4917"}],"wp:attachment":[{"href":"https:\/\/conakrynews.org\/index.php\/wp-json\/wp\/v2\/media?parent=4912"}],"wp:term":[{"taxonomy":"category","embeddable":true,"href":"https:\/\/conakrynews.org\/index.php\/wp-json\/wp\/v2\/categories?post=4912"},{"taxonomy":"post_tag","embeddable":true,"href":"https:\/\/conakrynews.org\/index.php\/wp-json\/wp\/v2\/tags?post=4912"}],"curies":[{"name":"wp","href":"https:\/\/api.w.org\/{rel}","templated":true}]}}