{"id":4982,"date":"2020-08-17T23:48:48","date_gmt":"2020-08-17T21:48:48","guid":{"rendered":"https:\/\/conakrynews.org\/?p=4982"},"modified":"2020-08-18T00:10:59","modified_gmt":"2020-08-17T22:10:59","slug":"conakry-kassorye-fofana-pose-premiere-pierre-travaux-de-renovation-cfp-de-matoto","status":"publish","type":"post","link":"https:\/\/conakrynews.org\/index.php\/conakry-kassorye-fofana-pose-premiere-pierre-travaux-de-renovation-cfp-de-matoto\/","title":{"rendered":"Conakry : Kassory Fofana pose la premi\u00e8re pierre des travaux de r\u00e9novation du CFP de Matoto"},"content":{"rendered":"<div class=\"td-post-header\"><\/div>\n<div class=\"td-post-sharing td-post-sharing-top \">\n<div class=\"td-default-sharing\"><i class=\"td-icon-facebook\"><\/i>\u00a0<i class=\"td-icon-twitter\"><\/i>\u00a0<i class=\"td-icon-googleplus\"><\/i>\u00a0<i class=\"td-icon-pinterest\"><\/i>\u00a0<i class=\"td-icon-whatsapp\"><\/i><\/div>\n<\/div>\n<div class=\"td-post-content\">\n<div class=\"td-post-featured-image\"><a class=\"td-modal-image\" href=\"http:\/\/liberationinfo.com\/wp-content\/uploads\/2020\/08\/t%C3%A9l%C3%A9chargement-47.jpg\"><img loading=\"lazy\" decoding=\"async\" class=\"entry-thumb td-animation-stack-type0-1\" title=\"t\u00e9l\u00e9chargement (47)\" src=\"http:\/\/liberationinfo.com\/wp-content\/uploads\/2020\/08\/t%C3%A9l%C3%A9chargement-47.jpg\" alt=\"\" width=\"480\" height=\"480\" \/><\/a><\/div>\n<p>Ce lundi,17 Ao\u00fbt 2020 \u00e0 Conakry,le premier ministre chef du Gouvernement Kassory Fofana a presid\u00e9 la ceremonie <img loading=\"lazy\" decoding=\"async\" class=\"alignright size-medium wp-image-4992\" src=\"https:\/\/conakrynews.org\/wp-content\/uploads\/2020\/08\/IMG_20200817_104004_3-515x247.jpg\" alt=\"\" width=\"515\" height=\"247\" srcset=\"https:\/\/conakrynews.org\/wp-content\/uploads\/2020\/08\/IMG_20200817_104004_3-515x247.jpg 515w, https:\/\/conakrynews.org\/wp-content\/uploads\/2020\/08\/IMG_20200817_104004_3-768x369.jpg 768w\" sizes=\"auto, (max-width: 515px) 100vw, 515px\" \/>de pose de la premi\u00e8re pierre des travaux de r\u00e9novation des infrastructures, du centre de formation professionnelle et de l\u2019\u00e9cole normale des professeurs d\u2019Enseignement Technique et professionnel (ENPETP) de Matoto. Cette importante c\u00e9r\u00e9monie s&rsquo;est d\u00e9roul\u00e9e en pr\u00e9sence de\u00a0 madame Z\u00e9nab Dram\u00e9, ministre de l\u2019Enseignement Technique ,de la formation professionnelle et de l&#8217;emploi, et de plusieurs cadres de son d\u00e9partement et des responsables de l\u2019AFD, principal bailleur dudit\u00a0 projet de r\u00e9novation.<\/p>\n<p>Selon les responsables du projet,le co\u00fbt golobal des investissements\u00a0 du\u00a0 projet de r\u00e9novation du CFP de Matoto s\u2019\u00e9l\u00e8ve \u00e0 plus de 100 milliards de francs guin\u00e9ens.<\/p>\n<p>A rappeler que c\u2019est un appui financier de l\u2019Agence Fran\u00e7aise de D\u00e9veloppement (AFD) \u00e0 travers le PAFISAM (projet d\u2019am\u00e9lioration, de la formation et de l\u2019insertion dans les secteurs Agricoles et des mines).<\/p>\n<p>&nbsp;<\/p>\n<p>Prenant la parole, le Premier Ministre chef du Gouvernement Dr Kassory Fofanna\u00a0 a salu\u00e9\u00a0 le courage et l&rsquo;engagement de madame la ministre de l\u2019Enseignement technique,de\u00a0 la formation professionnelle et de l&#8217;emploi,\u00a0 dans le cadre de redynamisation des activit\u00e9s de son d\u00e9partement.<\/p>\n<p>Poursuivant son intervention,il a affirm\u00e9 :\u00ab Cette c\u00e9r\u00e9monie r\u00e9v\u00e8le une importante singuli\u00e8re. Elle marque un pas d\u00e9terminant dans l\u2019ambitieux programme pr\u00e9sidentiel et vise l\u2019am\u00e9lioration, l\u2019extension des infrastructures du secteur de l\u2019enseignement technique et de la formation professionnelle dans le but sp\u00e9cifique de favoriser l\u2019emploi par les r\u00e9ponses appropri\u00e9es aux exigences des employeurs. \u00a0C\u2019est pour cette raison que j\u2019ai tenu \u00e0 vous dire tout l\u2019int\u00e9r\u00eat du pr\u00e9sident de la R\u00e9publique, prof. Alpha Cond\u00e9, acteur de ce secteur qui constitue sans doute, un levier incontournable pour la promotion de l\u2019emploi et du d\u00e9veloppement socio-\u00e9conomique du pays\u203a\u203a,a-t-il affirm\u00e9.<\/p>\n<p>\u2039\u2039Il n\u2019y a pas d\u2019emplois parce que le capital humain n\u2019est souvent pas form\u00e9 pour r\u00e9pondre aux attentes du march\u00e9 de l\u2019emploi. Comme vous pouvez l\u2019observer, les jalon de ce renouveau ont \u00e9t\u00e9 pos\u00e9s par les nombreuses initiatives, portant aussi bien sur les capacit\u00e9s d\u2019accueil que sur la diversification des offres de formations dans l\u2019enseignement technique et professionnel \u00bb, a fait savoir Dr Ibrahima Kassory Fofana.<\/p>\n<div id=\"block-inject-1\" class=\"block-inject block-inject-1\"><\/div>\n<div class=\"clearfix\"><\/div>\n<p>De son c\u00f4t\u00e9,Madame la ministre de l\u2019Enseignement TEchnique,\u00a0 de la formation professionnelle et de l&#8217;emploi, a pr\u00e9cis\u00e9 que la r\u00e9novation de ces 11 institutions professionnelles va combler\u00a0 un vide dans l\u2019enseignement technique de notre pays.<\/p>\n<p>\u2039\u2039Les travaux de r\u00e9habilitation et d\u2019extension concernent 9 sites pour 11 \u00e9tablissements professionnels. Ce sont entre autres : l\u2019ENAM, le CEPERTAM, L\u2019EMAE de Koba, les CFP de Fria, Bok\u00e9 et Matoto.Les travaux de la premi\u00e8re phase sont en cours dans 5 institutions. Il s\u2019agit de l\u2019ENAM, le CEPERTAM, l\u2019EMAE de Koba, les CFP de Fria et de Bok\u00e9. Les 6 autres institutions sont \u00e0 la deuxi\u00e8me phase dont nous lan\u00e7ons les travaux maintenant. Les volets d\u2019intervention du projet PAFISAM sont entre autres : la r\u00e9novation des structures, la formation des formateurs, l\u2019\u00e9laboration, la r\u00e9vision des programmes de formation. S\u2019agissant de la formation p\u00e9dagogique des formateurs, nous devons prendre en charge des nouveaux programmes de formations. Il faut noter que 87 formateurs ont \u00e9t\u00e9 d\u00e9j\u00e0 form\u00e9s \u00e0 l\u2019Ecole Normale des Professeurs d\u2019Enseignement Technique et Professionnel de Matoto\u00bb, a\u00a0 soulign\u00e9\u00a0 Mme la ministre.<\/p>\n<p>En tant que partenaire financier du projet, la directrice g\u00e9n\u00e9rale de l\u2019AFD, Madame Autokor\u00e9, a r\u00e9it\u00e9r\u00e9 le soutien de la France \u00e0 la guin\u00e9e dans\u00a0 tous les domaines de l\u2019enseignement.<\/p>\n<p>Avant rappeler :\u00ab En 2017, nous nous sommes engag\u00e9s pour l\u2019effectivit\u00e9 du PNDES (plan national de d\u00e9veloppement, \u00e9conomique et social \u00e0 hauteur de 520 millions d\u2019euros.Donc 477 millions qui devraient passer par l\u2019Agence fran\u00e7aise de d\u00e9veloppement. Ce pari a \u00e9t\u00e9 tenu aujourd\u2019hui en 2020. Nous avons t\u00e9nue notre engagement d\u2019octroyer la totalit\u00e9 du montant qui nous a \u00e9t\u00e9 demand\u00e9. Ce n\u2019est pas le montant qui est important. C\u2019est les secteurs dans lesquels nous avons choisi de vous accompagner qui sont des secteurs cl\u00e9s et\u00a0 qui sont importants\u203a\u203a,a conclu la Directrice G\u00e9n\u00e9rale\u00a0 de l&rsquo;AFD.<\/p>\n<p>A noter que la cerec\u00e9r\u00e9mie a pris fin par la pose de la premi\u00e8re pierre des travaux de r\u00e9novation du <img loading=\"lazy\" decoding=\"async\" class=\"alignright size-medium wp-image-4988\" src=\"https:\/\/conakrynews.org\/wp-content\/uploads\/2020\/08\/IMG_20200817_111409_3-515x247.jpg\" alt=\"\" width=\"515\" height=\"247\" srcset=\"https:\/\/conakrynews.org\/wp-content\/uploads\/2020\/08\/IMG_20200817_111409_3-515x247.jpg 515w, https:\/\/conakrynews.org\/wp-content\/uploads\/2020\/08\/IMG_20200817_111409_3-768x369.jpg 768w\" sizes=\"auto, (max-width: 515px) 100vw, 515px\" \/><img loading=\"lazy\" decoding=\"async\" class=\"alignright size-medium wp-image-4989\" src=\"https:\/\/conakrynews.org\/wp-content\/uploads\/2020\/08\/IMG_20200817_105919_4-515x247.jpg\" alt=\"\" width=\"515\" height=\"247\" srcset=\"https:\/\/conakrynews.org\/wp-content\/uploads\/2020\/08\/IMG_20200817_105919_4-515x247.jpg 515w, https:\/\/conakrynews.org\/wp-content\/uploads\/2020\/08\/IMG_20200817_105919_4-768x369.jpg 768w\" sizes=\"auto, (max-width: 515px) 100vw, 515px\" \/>centre.<\/p>\n<p>Sylla Ibrahima Kalil pour www.conakrynews.org 625444534<\/p>\n<\/div>\n","protected":false},"excerpt":{"rendered":"<p>\u00a0\u00a0\u00a0\u00a0 Ce lundi,17 Ao\u00fbt 2020 \u00e0 Conakry,le premier ministre chef du Gouvernement Kassory Fofana a presid\u00e9 la ceremonie de pose de la premi\u00e8re pierre des travaux de r\u00e9novation des infrastructures, du centre de formation professionnelle et de l\u2019\u00e9cole normale des professeurs d\u2019Enseignement Technique et professionnel (ENPETP) de Matoto. Cette importante c\u00e9r\u00e9monie s&rsquo;est d\u00e9roul\u00e9e en pr\u00e9sence [&hellip;]<\/p>\n","protected":false},"author":2,"featured_media":4988,"comment_status":"open","ping_status":"open","sticky":false,"template":"","format":"standard","meta":{"footnotes":""},"categories":[62],"tags":[],"class_list":{"0":"post-4982","1":"post","2":"type-post","3":"status-publish","4":"format-standard","5":"has-post-thumbnail","7":"category-culture"},"_links":{"self":[{"href":"https:\/\/conakrynews.org\/index.php\/wp-json\/wp\/v2\/posts\/4982","targetHints":{"allow":["GET"]}}],"collection":[{"href":"https:\/\/conakrynews.org\/index.php\/wp-json\/wp\/v2\/posts"}],"about":[{"href":"https:\/\/conakrynews.org\/index.php\/wp-json\/wp\/v2\/types\/post"}],"author":[{"embeddable":true,"href":"https:\/\/conakrynews.org\/index.php\/wp-json\/wp\/v2\/users\/2"}],"replies":[{"embeddable":true,"href":"https:\/\/conakrynews.org\/index.php\/wp-json\/wp\/v2\/comments?post=4982"}],"version-history":[{"count":0,"href":"https:\/\/conakrynews.org\/index.php\/wp-json\/wp\/v2\/posts\/4982\/revisions"}],"wp:featuredmedia":[{"embeddable":true,"href":"https:\/\/conakrynews.org\/index.php\/wp-json\/wp\/v2\/media\/4988"}],"wp:attachment":[{"href":"https:\/\/conakrynews.org\/index.php\/wp-json\/wp\/v2\/media?parent=4982"}],"wp:term":[{"taxonomy":"category","embeddable":true,"href":"https:\/\/conakrynews.org\/index.php\/wp-json\/wp\/v2\/categories?post=4982"},{"taxonomy":"post_tag","embeddable":true,"href":"https:\/\/conakrynews.org\/index.php\/wp-json\/wp\/v2\/tags?post=4982"}],"curies":[{"name":"wp","href":"https:\/\/api.w.org\/{rel}","templated":true}]}}