{"id":5005,"date":"2020-08-20T15:47:23","date_gmt":"2020-08-20T13:47:23","guid":{"rendered":"https:\/\/conakrynews.org\/?p=5005"},"modified":"2020-08-20T15:47:23","modified_gmt":"2020-08-20T13:47:23","slug":"limam-dicko-apres-larrestation-dibk-nai-jamais-parle-de-depart","status":"publish","type":"post","link":"https:\/\/conakrynews.org\/index.php\/limam-dicko-apres-larrestation-dibk-nai-jamais-parle-de-depart\/","title":{"rendered":"L\u2019Imam Dicko apr\u00e8s l\u2019arrestation d\u2019IBK: \u00ab Je n\u2019ai jamais parl\u00e9 de son d\u00e9part\u2026\u203a\u203a"},"content":{"rendered":"<div class=\"td-post-header td-pb-padding-side\">\n<header>\n<h1 class=\"entry-title\">\u00a0<img loading=\"lazy\" decoding=\"async\" class=\"alignright size-medium wp-image-5006\" src=\"https:\/\/conakrynews.org\/wp-content\/uploads\/2020\/08\/B1742743-383E-4F41-B7C5-4FE12A83E912-500x375.jpeg\" alt=\"\" width=\"500\" height=\"375\" srcset=\"https:\/\/conakrynews.org\/wp-content\/uploads\/2020\/08\/B1742743-383E-4F41-B7C5-4FE12A83E912-500x375.jpeg 500w, https:\/\/conakrynews.org\/wp-content\/uploads\/2020\/08\/B1742743-383E-4F41-B7C5-4FE12A83E912.jpeg 560w\" sizes=\"auto, (max-width: 500px) 100vw, 500px\" \/><\/h1>\n<div class=\"meta-info\">\n<div class=\"td-post-comments\"><\/div>\n<\/div>\n<\/header>\n<\/div>\n<div class=\"td-post-sharing td-post-sharing-top td-pb-padding-side\"><\/div>\n<div class=\"td-post-content td-pb-padding-side\">\n<div class=\"td-post-featured-image\"><a class=\"td-modal-image\" href=\"http:\/\/leprojecteurguinee.com\/wp-content\/uploads\/2020\/08\/B1742743-383E-4F41-B7C5-4FE12A83E912.jpeg\"><img loading=\"lazy\" decoding=\"async\" class=\"entry-thumb td-animation-stack-type0-1\" title=\"B1742743-383E-4F41-B7C5-4FE12A83E912\" src=\"http:\/\/leprojecteurguinee.com\/wp-content\/uploads\/2020\/08\/B1742743-383E-4F41-B7C5-4FE12A83E912.jpeg\" alt=\"\" width=\"560\" height=\"420\" \/><\/a><\/div>\n<p>Suite \u00e0 l\u2019arrestation d\u2019Ibrahim Boubacar Keita et l\u2019annonce de sa d\u00e9mission \u00e0 son poste du pr\u00e9sident de la R\u00e9publique, l\u2019imam Mahmoud Dicko, s\u2019est prononc\u00e9 sur les ondes de la Radio France Internationale (Rfi) ce mardi 18 ao\u00fbt. L\u2019ancien pr\u00e9sident du Haut conseil islamique du Mali, dit ne pas avoir demand\u00e9 le d\u00e9part du chef d\u2019\u00c9tat.<\/p>\n<p>\u00ab Je n\u2019ai jamais parl\u00e9 de son d\u00e9part ou de son maintien mais d\u2019autres personnes, d\u2019autres voix se sont lev\u00e9es pour demander son d\u00e9part \u00bb, s\u2019est d\u00e9fendu Mahmoud Dicko<\/p>\n<p>Pour ce leader religieux, le maintien d\u2019IBK ou son d\u00e9part ne change rien : \u00ab Le probl\u00e8me du Mali est un probl\u00e8me de gouvernance qui doit avoir une r\u00e9ponse meilleure que ce que nous sommes en train de vivre aujourd\u2019hui \u00bb.<\/p>\n<p>Pour le cas du premier ministre, Boubou Ciss\u00e9, l\u2019imam Dicko reconnait avoir demand\u00e9 son d\u00e9part. Selon lui, ce premier \u00ab n\u2019a aucune l\u00e9gitimit\u00e9 qui lui permet de g\u00e9rer cette crise de la bonne mani\u00e8re et de trouver des r\u00e9ponses ad\u00e9quates.\u00bb<\/p>\n<p>Actujeune.com<\/p>\n<\/div>\n","protected":false},"excerpt":{"rendered":"<p>\u00a0 Suite \u00e0 l\u2019arrestation d\u2019Ibrahim Boubacar Keita et l\u2019annonce de sa d\u00e9mission \u00e0 son poste du pr\u00e9sident de la R\u00e9publique, l\u2019imam Mahmoud Dicko, s\u2019est prononc\u00e9 sur les ondes de la Radio France Internationale (Rfi) ce mardi 18 ao\u00fbt. L\u2019ancien pr\u00e9sident du Haut conseil islamique du Mali, dit ne pas avoir demand\u00e9 le d\u00e9part du chef [&hellip;]<\/p>\n","protected":false},"author":2,"featured_media":5006,"comment_status":"open","ping_status":"open","sticky":false,"template":"","format":"standard","meta":{"footnotes":""},"categories":[57],"tags":[],"class_list":{"0":"post-5005","1":"post","2":"type-post","3":"status-publish","4":"format-standard","5":"has-post-thumbnail","7":"category-politique"},"_links":{"self":[{"href":"https:\/\/conakrynews.org\/index.php\/wp-json\/wp\/v2\/posts\/5005","targetHints":{"allow":["GET"]}}],"collection":[{"href":"https:\/\/conakrynews.org\/index.php\/wp-json\/wp\/v2\/posts"}],"about":[{"href":"https:\/\/conakrynews.org\/index.php\/wp-json\/wp\/v2\/types\/post"}],"author":[{"embeddable":true,"href":"https:\/\/conakrynews.org\/index.php\/wp-json\/wp\/v2\/users\/2"}],"replies":[{"embeddable":true,"href":"https:\/\/conakrynews.org\/index.php\/wp-json\/wp\/v2\/comments?post=5005"}],"version-history":[{"count":0,"href":"https:\/\/conakrynews.org\/index.php\/wp-json\/wp\/v2\/posts\/5005\/revisions"}],"wp:featuredmedia":[{"embeddable":true,"href":"https:\/\/conakrynews.org\/index.php\/wp-json\/wp\/v2\/media\/5006"}],"wp:attachment":[{"href":"https:\/\/conakrynews.org\/index.php\/wp-json\/wp\/v2\/media?parent=5005"}],"wp:term":[{"taxonomy":"category","embeddable":true,"href":"https:\/\/conakrynews.org\/index.php\/wp-json\/wp\/v2\/categories?post=5005"},{"taxonomy":"post_tag","embeddable":true,"href":"https:\/\/conakrynews.org\/index.php\/wp-json\/wp\/v2\/tags?post=5005"}],"curies":[{"name":"wp","href":"https:\/\/api.w.org\/{rel}","templated":true}]}}