{"id":5008,"date":"2020-08-20T16:11:59","date_gmt":"2020-08-20T14:11:59","guid":{"rendered":"https:\/\/conakrynews.org\/?p=5008"},"modified":"2020-08-20T16:11:59","modified_gmt":"2020-08-20T14:11:59","slug":"diabate-mamady-i-inspecteur-general-ministere-de-lindustrie-pme-sommes-service-transversal-voire-meme-tentaculaire","status":"publish","type":"post","link":"https:\/\/conakrynews.org\/index.php\/diabate-mamady-i-inspecteur-general-ministere-de-lindustrie-pme-sommes-service-transversal-voire-meme-tentaculaire\/","title":{"rendered":"Diabat\u00e9 Mamady I, Inspecteur G\u00e9neral au minist\u00e8re de l\u2019Industrie et des PME : \u00ab nous sommes un service transversal voire m\u00eame tentaculaire \u00bb"},"content":{"rendered":"<p><em><\/em><\/p>\n<div class=\"td-post-header\">\n<header class=\"td-post-title\">\n<h1 class=\"entry-title\"><img loading=\"lazy\" decoding=\"async\" class=\"alignright size-medium wp-image-5009\" src=\"https:\/\/conakrynews.org\/wp-content\/uploads\/2020\/08\/received_2763456900556037-306x375.jpeg\" alt=\"\" width=\"306\" height=\"375\" srcset=\"https:\/\/conakrynews.org\/wp-content\/uploads\/2020\/08\/received_2763456900556037-306x375.jpeg 306w, https:\/\/conakrynews.org\/wp-content\/uploads\/2020\/08\/received_2763456900556037-768x942.jpeg 768w, https:\/\/conakrynews.org\/wp-content\/uploads\/2020\/08\/received_2763456900556037.jpeg 982w\" sizes=\"auto, (max-width: 306px) 100vw, 306px\" \/><\/h1>\n<div class=\"td-module-meta-info\">\n<div class=\"td-post-author-name\"><\/div>\n<\/div>\n<\/header>\n<\/div>\n<div class=\"td-post-sharing td-post-sharing-top \">\n<div class=\"td-default-sharing\"><i class=\"td-icon-facebook\"><\/i>\u00a0<i class=\"td-icon-twitter\"><\/i>\u00a0<i class=\"td-icon-googleplus\"><\/i>\u00a0<i class=\"td-icon-pinterest\"><\/i>\u00a0<i class=\"td-icon-whatsapp\"><\/i><\/div>\n<\/div>\n<div class=\"td-post-content\">\n<div class=\"td-post-featured-image\"><a class=\"td-modal-image\" href=\"http:\/\/leverificateur.net\/wp-content\/uploads\/2020\/08\/received_2763456900556037.jpeg\"><img loading=\"lazy\" decoding=\"async\" class=\"entry-thumb td-animation-stack-type0-1\" title=\"received_2763456900556037\" src=\"http:\/\/leverificateur.net\/wp-content\/uploads\/2020\/08\/received_2763456900556037-696x853.jpeg\" alt=\"\" width=\"696\" height=\"853\" \/><\/a><\/div>\n<div dir=\"auto\"><strong>Notre r\u00e9daction a r\u00e9cemment rencontr\u00e9 M.\u00a0 Diabat\u00e9 MAMADY I, PhD en Commande Intelligente et Automatisation, Inspecteur G\u00e9n\u00e9ral au Minist\u00e8re de l\u2019Industrie et des PME.<\/strong><\/div>\n<div dir=\"auto\"><\/div>\n<div dir=\"auto\"><\/div>\n<div dir=\"auto\"><\/div>\n<div dir=\"auto\"><strong>Avec lui, dans son bureau situ\u00e9 au coeur de Kaloum, nous avons abord\u00e9 des th\u00e8mes li\u00e9s \u00e0 son service qui joue actuellement un r\u00f4le non n\u00e9gligeable au sein du d\u00e9partement de l\u2019industrie et des PME. Ce haut cadre incarnant un stock culturel tr\u00e8s avanc\u00e9 avec un cocktail de patriotisme\u00a0 a estim\u00e9 que si \u00ab\u00a0les\u00a0 lois, les principes, bref les textes sont respect\u00e9s sans complaisance dans notre pays\u00a0\u00bb, dit-il: \u00a0\u00bb la Guin\u00e9e sera un paradis.\u00a0\u00bb<\/strong><\/div>\n<div dir=\"auto\"><\/div>\n<div dir=\"auto\"><\/div>\n<div dir=\"auto\"><\/div>\n<div dir=\"auto\"><\/div>\n<div dir=\"auto\"><strong>Par ailleurs, il n\u2019a pas tari d\u2019\u00e9loges envers\u00a0 son ministre, Tibou Kamara qui insiste-t-il est :\u00a0\u00bb sensible et qui est \u00e0 l\u2019\u00e9coute de tous.\u00a0\u00bb !<\/strong><\/div>\n<div dir=\"auto\"><\/div>\n<div dir=\"auto\"><\/div>\n<div dir=\"auto\"><\/div>\n<div dir=\"auto\"><strong>Pour commencer, dites-nous quels sont vos domaines d\u2019intervention ?<\/strong><\/div>\n<div dir=\"auto\"><\/div>\n<div dir=\"auto\"><\/div>\n<div dir=\"auto\"><\/div>\n<div dir=\"auto\">Merci pour la question, vous voulez dire quel est le mandat de l\u2019Inspection G\u00e9n\u00e9rale. Je commencerai par vous dire que l\u2019Inspection est un service d\u2019appui et qui est plac\u00e9 sous l\u2019autorit\u00e9 directe de M. le Ministre de l\u2019Industrie et des PME. Son mandat est le contr\u00f4le interne et externe ainsi que de veiller sur le bon fonctionnement de tous les services centraux du d\u00e9partement. De m\u00eame que les entit\u00e9s plac\u00e9es sous tutelle du minist\u00e8re de l\u2019Industrie et des PME.<\/div>\n<div dir=\"auto\"><\/div>\n<div dir=\"auto\"><\/div>\n<div dir=\"auto\"><\/div>\n<div dir=\"auto\"><strong>Votre service sert d\u2019interface entre le minist\u00e8re et les partenaires, est-ce que vous pouvez apporter plus d\u2019\u00e9claircissements \u00e0 nos lecteurs ?<\/strong><\/div>\n<div dir=\"auto\"><\/div>\n<div dir=\"auto\"><\/div>\n<div dir=\"auto\"><\/div>\n<div dir=\"auto\">Merci pour la question. Il y a un trait d\u2019union entre le d\u00e9partement et ses partenaires. Les partenaires sont les unit\u00e9s industrielles, les petites et moyennes entreprises, les PMI et certains groupements d\u2019int\u00e9r\u00eat \u00e9conomique. A savoir certains groupements de femmes qui font l\u2019entreprenariat des femmes et de jeunes qui font l\u2019entreprenariat des jeunes. A noter, certes, qu\u2019il y a une certaine compl\u00e9mentarit\u00e9, une certaine synergie entre les diff\u00e9rents d\u00e9partements de gouvernement.<\/div>\n<div dir=\"auto\"><\/div>\n<div dir=\"auto\"><\/div>\n<div dir=\"auto\"><\/div>\n<div dir=\"auto\">Nous sommes l\u00e0 \u00e0 accompagner tous les investisseurs nationaux et \u00e9trangers \u00e0 travers tous les services comp\u00e9tents du d\u00e9partement mais aussi \u00e0 les conseiller et \u00e0 proc\u00e9der \u00e0 l\u2019orientation de ces investisseurs. Il se trouve que ces investisseurs peuvent trouver des probl\u00e8mes d\u2019ordre administratif, technique et m\u00eame s\u00e9curitaire. C\u2019est l\u00e0 o\u00f9 l\u2019inspection intervient. L\u2019inspection est un service transversal voire m\u00eame tentaculaire.<\/div>\n<div dir=\"auto\"><\/div>\n<div dir=\"auto\"><\/div>\n<div dir=\"auto\"><\/div>\n<div dir=\"auto\">L\u2019inspection a son domaine d\u2019intervention \u00e0 travers tous les services centraux du d\u00e9partement. Nous avons la vocation non seulement d\u2019accompagner tous les industriels ou investisseurs, aussi veill\u00e9 sur le bon fonctionnement des services de d\u00e9partements dans l\u2019exercice de leur mission au niveau de ces entreprises.\u00a0 C\u2019est ce qui d\u00e9finit exactement l\u2019interface entre l\u2019inspection et les partenaires.<\/div>\n<div dir=\"auto\"><\/div>\n<div dir=\"auto\"><\/div>\n<div dir=\"auto\"><\/div>\n<div dir=\"auto\"><strong>Dr Diabat\u00e9, dites-nous les projets phares que vous avez r\u00e9alis\u00e9s depuis votre arriv\u00e9e \u00e0 la t\u00eate de l\u2019Inspection.<\/strong><\/div>\n<div dir=\"auto\"><\/div>\n<div dir=\"auto\"><\/div>\n<div dir=\"auto\"><img loading=\"lazy\" decoding=\"async\" class=\"alignnone size-medium wp-image-12539 td-animation-stack-type0-1\" src=\"http:\/\/leverificateur.net\/wp-content\/uploads\/2020\/08\/received_610240486554535-139x300.jpeg\" alt=\"\" width=\"139\" height=\"300\" \/><\/div>\n<div dir=\"auto\"><\/div>\n<div dir=\"auto\">Une question tr\u00e8s int\u00e9ressante. L\u2019inspection depuis sa cr\u00e9ation au niveau du minist\u00e8re de l\u2019Industrie depuis en 2014, nous avons eu \u00e0 \u00e9laborer des plans d\u2019action tr\u00e8s int\u00e9ressants. J\u2019appr\u00e9cie surtout, les plans d\u2019action qui ont amen\u00e9 l\u2019inspection \u00e0 r\u00e9pertorier tous les sites industriels qui ont \u00e9t\u00e9 occup\u00e9s par certains promoteurs sans leur mise en valeur. Ces sites qui ont \u00e9t\u00e9 occup\u00e9s par certains promoteurs et r\u00e9orient\u00e9s des activit\u00e9s contraires aux activit\u00e9s primaires.<\/div>\n<div dir=\"auto\"><\/div>\n<div dir=\"auto\"><\/div>\n<div dir=\"auto\"><\/div>\n<div dir=\"auto\">L\u2019inspection a pu d\u00e9couvrir les sites occup\u00e9s par les promoteurs, au lieu de faire une activit\u00e9 industrielle, c\u2019est un garage m\u00e9canique que vous voyez, un centre commercial ou des cl\u00f4tures sans aucune activit\u00e9. Par cons\u00e9quent, l\u2019Inspection a pu d\u00e9celer ce manquement et a fait une liste pour r\u00e9pertorier tous ces sites. Cette liste a \u00e9t\u00e9 exploit\u00e9e conjointement par le minist\u00e8re de l\u2019industrie et le minist\u00e8re de la Ville et de l\u2019Am\u00e9nagement du Territoire.<\/div>\n<div dir=\"auto\"><\/div>\n<div dir=\"auto\"><\/div>\n<div dir=\"auto\"><\/div>\n<div dir=\"auto\">Au-del\u00e0 de cette enqu\u00eate capitale, l\u2019inspection a eu \u00e0 s\u2019investir dans la protection des unit\u00e9s industrielles o\u00f9 les chefs d\u2019entreprises sont souvent victimes d\u2019arnaque ou d\u2019injustice, visites non justifi\u00e9es et qui n\u2019ont rien avoir avec ces soi-disant missionnaires.<\/div>\n<div dir=\"auto\"><\/div>\n<div dir=\"auto\"><\/div>\n<div dir=\"auto\"><\/div>\n<div dir=\"auto\">Au-del\u00e0 de ces interventions de protection, l\u2019inspection s\u2019est investie profond\u00e9ment dans l\u2019apaisement et la r\u00e9conciliation, surtout la r\u00e9solution de contentieux entre certains coutumiers et nos promoteurs, entre les travailleurs et les chefs d\u2019entreprise avec l\u2019appui de l\u2019inspection g\u00e9n\u00e9rale de Travail.<\/div>\n<div dir=\"auto\"><\/div>\n<div dir=\"auto\"><\/div>\n<div dir=\"auto\"><\/div>\n<div dir=\"auto\">Nous nous sommes aussi investis \u00e0 g\u00e9rer certaines crises telles que certains accidents de travail avec mort d\u2019hommes, les missions d\u2019inspection pour d\u00e9nicher les clandestins, les missions d\u2019\u00e9valuation et d\u2019\u00e9tat des lieux,\u2026. Toutes ses comp\u00e9tences sont \u00e0 la charge de l\u2019Inspection en vue de proc\u00e9der \u00e0 la r\u00e9gularisation et \u00e0 la formalisation des activit\u00e9s industrielles dans notre pays. Voil\u00e0 certaines actions que nous avons men\u00e9es.<\/div>\n<div dir=\"auto\"><\/div>\n<div dir=\"auto\"><\/div>\n<div dir=\"auto\"><\/div>\n<div dir=\"auto\"><strong>Dr. Diabat\u00e9, il y a des sites industriels clandestins qui \u00e9mergent \u00e7\u00e0 et l\u00e0 sur le territoire national, est-ce que l\u2019inspection s\u2019y int\u00e9resse ?<\/strong><\/div>\n<div dir=\"auto\"><\/div>\n<div dir=\"auto\"><\/div>\n<div dir=\"auto\"><\/div>\n<div dir=\"auto\">On a d\u00e9nich\u00e9 beaucoup d\u2019implantations clandestines. Il n\u2019y a m\u00eame pas longtemps on vient de d\u00e9nicher un promoteur qui a son produit sur le march\u00e9 ; mais, nous n\u2019avons pas pu d\u00e9couvrir l\u2019implantation. Avec certains moyens, nous parvenons \u00e0 d\u00e9nicher certaines industries qui sont clandestines.<\/div>\n<div dir=\"auto\"><\/div>\n<div dir=\"auto\">Moi-m\u00eame, personnellement, il m\u2019arrive \u00e0 d\u00e9nicher certaines industries de ce genre. Avec les moyens de bord, nous parvenons \u00e0 les d\u00e9nicher mais je vous avoue que nous n\u2019avons pas pu d\u00e9nicher l\u2019ensemble de ces industries clandestines mais nous parviendrons.<\/div>\n<div dir=\"auto\"><\/div>\n<div dir=\"auto\"><\/div>\n<div dir=\"auto\"><\/div>\n<div dir=\"auto\"><strong>M. l\u2019inspecteur, r\u00e9cemment, les images selon lesquelles les guin\u00e9ens ont \u00e9t\u00e9 s\u00e9questr\u00e9s par les chinois dans une unit\u00e9s industrielles \u00e0 For\u00e9cariah ont circul\u00e9 sur la toile, parlez-nous de cela.<\/strong><\/div>\n<div dir=\"auto\"><\/div>\n<div dir=\"auto\"><\/div>\n<div dir=\"auto\"><\/div>\n<div dir=\"auto\">Il semblerait, je parle au conditionnel parce que jusqu\u2019\u00e0 pr\u00e9sent, je n\u2019ai pas de preuves. J\u2019ai vu sur les r\u00e9seaux sociaux comme vous qu\u2019ils ont \u00e9t\u00e9 s\u00e9questr\u00e9s. Mais je ne peux pas me prononcer parce que je n\u2019ai aucunement de preuves. Et le probl\u00e8me ne m\u2019a pas \u00e9t\u00e9 confi\u00e9 officiellement par mon cabinet.<\/div>\n<div dir=\"auto\"><\/div>\n<div dir=\"auto\"><\/div>\n<div dir=\"auto\"><\/div>\n<div dir=\"auto\"><strong>Qu\u2019en est-il sur l\u2019envahissement du march\u00e9 par les sachets d\u2019eau \u00e0 vendre ?<\/strong><\/div>\n<div dir=\"auto\"><\/div>\n<div dir=\"auto\"><\/div>\n<div dir=\"auto\"><\/div>\n<div dir=\"auto\">Franchement, je vous parle en tant que professionnel industriel car j\u2019ai en ai travaill\u00e9 avec certaines grandes industrielles en Asie. L\u2019affaire de l\u2019eau en sachets est une affaire s\u00e9rieuse. Techniquement et professionnellement, les conditions de fabrication ne sont pas respect\u00e9es95%. Et c\u2019est l\u00e0 o\u00f9 tu verras que ces chefs d\u2019entreprises, ne connaissent m\u00eame pas le processus de traitement et l\u2019utilisation d\u2019une station d\u2019eau.<\/div>\n<div dir=\"auto\"><\/div>\n<div dir=\"auto\"><\/div>\n<div dir=\"auto\"><\/div>\n<div dir=\"auto\">Ils ne savent m\u00eame pas la diff\u00e9rence entre le plastique qui doit-\u00eatre utilis\u00e9e comme emballage et le plastique qui doit \u00eatre utilis\u00e9 comme simple plastique pour les march\u00e9s. Ils ne savent m\u00eame pas qu\u2019il y a un certificat d\u2019alimentarit\u00e9 et les diff\u00e9rentes stations de traitement avec des caract\u00e9ristiques standards. Ce n\u2019est pas n\u2019importe quel emballage qu\u2019il faut utiliser pour mettre les produits alimentaires.<\/div>\n<div dir=\"auto\"><\/div>\n<div dir=\"auto\"><\/div>\n<div dir=\"auto\"><\/div>\n<div dir=\"auto\">Et je ne vois aucune unit\u00e9 industrielle qui utilise un plastique biod\u00e9gradable. Et \u00e7a fait des impacts n\u00e9fastes sur la sant\u00e9 si l\u2019emballage n\u2019est pas qualifi\u00e9.\u00a0 Il faut signaler \u00e9galement qu\u2019il y a des impacts n\u00e9gatifs sur l\u2019environnement si l\u2019emballage n\u2019est pas biod\u00e9gradable. Vous qui \u00eates des journalistes, il faut que vous interpelliez l\u2019autorit\u00e9 qu\u2019il ait une commission interminist\u00e9rielle car l\u2019alimentaire doit avoir un domaine de comp\u00e9tence large.<\/div>\n<div dir=\"auto\"><\/div>\n<div dir=\"auto\"><\/div>\n<div dir=\"auto\"><\/div>\n<div dir=\"auto\">Nous, techniquement on peut intervenir mais l\u2019eau rel\u00e8ve d\u2019un autre domaine de comp\u00e9tence qui est le minist\u00e8re de l\u2019Hydrauliques. Les qualit\u00e9s de plastiques ou d\u2019autres emballages rel\u00e8ve de certains services tels que le contr\u00f4le de qualit\u00e9, l\u2019institut de normalisation.<\/div>\n<div dir=\"auto\"><\/div>\n<div dir=\"auto\"><\/div>\n<div dir=\"auto\"><\/div>\n<div dir=\"auto\">Il faut une synergie d\u2019action avec la participation de la presse pour informer la population et sensibiliser les producteurs d\u2019eau. Seule une commission ad hoc interminist\u00e9rielle peut traiter ce sujet. Je compte sur l\u2019implication des autorit\u00e9s.<\/div>\n<div dir=\"auto\"><\/div>\n<div dir=\"auto\"><\/div>\n<div dir=\"auto\"><\/div>\n<div dir=\"auto\"><strong>Quels sont les acquis de la troisi\u00e8me r\u00e9publique dans le domaine industriel ?<\/strong><\/div>\n<div dir=\"auto\"><\/div>\n<div dir=\"auto\"><\/div>\n<div dir=\"auto\"><img loading=\"lazy\" decoding=\"async\" class=\"alignnone size-medium wp-image-12540 td-animation-stack-type0-1\" src=\"http:\/\/leverificateur.net\/wp-content\/uploads\/2020\/08\/received_774384193384156-242x300.jpeg\" alt=\"\" width=\"242\" height=\"300\" \/><\/div>\n<div dir=\"auto\">\u00c7a se passe de commentaires. Moi quand je venais en Guin\u00e9e en 2014, j\u2019ai commenc\u00e9 au minist\u00e8re de l\u2019Industrie. Et difficilement je venais dans la zone industrielle pour travailler.\u00a0 J\u2019ai une liste des unit\u00e9s industrielle en activit\u00e9, \u00e7a d\u00e9passe une cinquantaine aujourd\u2019hui.<\/div>\n<div dir=\"auto\"><\/div>\n<div dir=\"auto\"><\/div>\n<div dir=\"auto\"><\/div>\n<div dir=\"auto\">Personnellement, j\u2019ai \u00e9t\u00e9 saisi par mon ministre pour g\u00e9rer les crises entre les travailleurs et les industriels, \u00e7a m\u2019a permis de constater qu\u2019effectivement il y a eu l\u2019emploi, le d\u00e9veloppement du tissu industriel et ce qui me rend fi\u00e8re.<\/div>\n<div dir=\"auto\"><\/div>\n<div dir=\"auto\"><\/div>\n<div dir=\"auto\"><\/div>\n<div dir=\"auto\">A titre illustratif, prenez Topaz qui a le meilleur plastique et qui est m\u00eame leader au march\u00e9 de l\u2019Afrique Occidentale. J\u2019ai \u00e9t\u00e9 contact\u00e9 par certains promoteurs d\u2019ailleurs qui demandaient effectivement les produits de Topaz. C\u2019est une fiert\u00e9, \u00e7\u00e0 c\u2019est Made in Guinea.<\/div>\n<div dir=\"auto\"><\/div>\n<div dir=\"auto\"><\/div>\n<div dir=\"auto\"><\/div>\n<div dir=\"auto\">Abordant le volet des perspectives, personnellement je vais parler en tant que citoyen pas inspecteur. Ce qui manque \u00e0 notre pays, c\u2019est l\u2019application des lois et principes. Si nous mettons du s\u00e9rieux dans ce que nous faisons, je pense que nous serons un mod\u00e8le en Afrique occidentale, en Afrique et pourquoi pas au niveau mondial.<\/div>\n<div dir=\"auto\"><\/div>\n<div dir=\"auto\"><\/div>\n<div dir=\"auto\"><\/div>\n<div dir=\"auto\">Cela, en m\u2019appuyant avec tout ce que j\u2019ai comme exp\u00e9riences professionnelles, comme cursus acad\u00e9mique. Je pense qu\u2019il manque dans notre pays l\u2019organisation et le s\u00e9rieux dans la quasi-totalit\u00e9 du secteur Public et Priv\u00e9. Mais si la vertu humaine, les lois, les principes et les textes sont respect\u00e9s, il n (y a ni affinit\u00e9 ni complaisance ni la promotion de la m\u00e9diocrit\u00e9, nous pouvons transformer ce pays en petit paradis.<\/div>\n<div dir=\"auto\"><\/div>\n<div dir=\"auto\"><\/div>\n<div dir=\"auto\"><\/div>\n<div dir=\"auto\"><strong>Pouvez-vous nous dire depuis l\u2019arriv\u00e9e du ministre Tibou Kamara \u00e0 la t\u00eate de ce d\u00e9partement, ce qu\u2019il a pu changer ?<\/strong><\/div>\n<div dir=\"auto\"><\/div>\n<div dir=\"auto\"><\/div>\n<div dir=\"auto\"><\/div>\n<div dir=\"auto\">Bon, il faut avouer qu\u2019il vaut mieux travailler avec quelqu\u2019un qui a la vision. Aux Etats- Unis, ce n\u2019est pas les grands dipl\u00f4mes qui comptent mais le r\u00e9sultat. Tu peux on te met, tu ne peux pas on ne te met pas. Et l\u2019on ne te demande pas comment il faut atteindre l\u2019objectif. Ne dis pas que j\u2019ai trouv\u00e9 un obstacle ou je vais cogner la t\u00eate. Il faut savoir contourner l\u2019obstacle et atteindre l\u2019objectif.<\/div>\n<div dir=\"auto\"><\/div>\n<div dir=\"auto\"><\/div>\n<div dir=\"auto\"><\/div>\n<div dir=\"auto\">Les r\u00e9formes engag\u00e9es et l\u2019acquisition de la logistique ont permit non seulement a avancer certaines orientations assign\u00e9es au D\u00e9partement.<\/div>\n<div dir=\"auto\"><\/div>\n<div dir=\"auto\">Je commence par l\u2019administration centrale, c\u2019est la premi\u00e8re fois qu\u2019on a eu une facilit\u00e9 d\u2019avoir beaucoup d\u2019engins roulants nous permettant d\u2019accomplir notre mission et nous permettant d\u2019atteindre nos objectifs.<\/div>\n<div dir=\"auto\"><\/div>\n<div dir=\"auto\"><\/div>\n<div dir=\"auto\"><\/div>\n<div dir=\"auto\">Ce qui me plait, c\u2019est un ministre qui est sensible et il est \u00e0 l\u2019\u00e9coute de toutes les sollicitudes relatives au bon fonctionnement du d\u00e9partement. Il est pr\u00eat \u00e0 \u00e9couter afin que tu sois satisfait. \u00c7a c\u2019est un atout. En ce qui concerne le d\u00e9veloppement du tissu industriel, Toutes les proc\u00e9dures sont respect\u00e9es afin que tous les dossiers soient diligent\u00e9s.<\/div>\n<div dir=\"auto\"><\/div>\n<div dir=\"auto\"><\/div>\n<div dir=\"auto\"><\/div>\n<div dir=\"auto\">Pour finir, quel que soit un probl\u00e8me qu\u2019un industriel pose ou un contentieux, il est l\u00e0 \u00e0 appeler ses cadres surtout son inspecteur pour trouver un compromis. C\u2019est pourquoi, depuis qu\u2019il est l\u00e0, on parvient \u00e0 trouver des solutions \u00e0 beaucoup de contentieux tant au niveau des zones industrielles qu\u2019au niveau des promoteurs.<\/div>\n<div dir=\"auto\"><\/div>\n<div dir=\"auto\"><\/div>\n<div dir=\"auto\"><\/div>\n<div dir=\"auto\">En fin, je dirai qu\u2019il faut que les gens abandonnent toutes les consid\u00e9rations. Il faut mettre en t\u00eate comment on peut amorcer un d\u00e9veloppement harmonieux pour le bien-\u00eatre et le bonheur des guin\u00e9ens.<\/div>\n<div dir=\"auto\"><\/div>\n<div dir=\"auto\"><\/div>\n<div dir=\"auto\"><\/div>\n<div dir=\"auto\"><strong>Interview r\u00e9alis\u00e9e par une \u00e9quipe multim\u00e9dias, partenaire au Minist\u00e8re de l\u2019industrie et des PME\u00a0<\/strong><\/div>\n<div dir=\"auto\">Source :leverificateur.net<\/div>\n<\/div>\n","protected":false},"excerpt":{"rendered":"<p>\u00a0\u00a0\u00a0\u00a0 Notre r\u00e9daction a r\u00e9cemment rencontr\u00e9 M.\u00a0 Diabat\u00e9 MAMADY I, PhD en Commande Intelligente et Automatisation, Inspecteur G\u00e9n\u00e9ral au Minist\u00e8re de l\u2019Industrie et des PME. Avec lui, dans son bureau situ\u00e9 au coeur de Kaloum, nous avons abord\u00e9 des th\u00e8mes li\u00e9s \u00e0 son service qui joue actuellement un r\u00f4le non n\u00e9gligeable au sein du d\u00e9partement [&hellip;]<\/p>\n","protected":false},"author":2,"featured_media":5009,"comment_status":"open","ping_status":"open","sticky":false,"template":"","format":"standard","meta":{"footnotes":""},"categories":[58],"tags":[],"class_list":{"0":"post-5008","1":"post","2":"type-post","3":"status-publish","4":"format-standard","5":"has-post-thumbnail","7":"category-societe"},"_links":{"self":[{"href":"https:\/\/conakrynews.org\/index.php\/wp-json\/wp\/v2\/posts\/5008","targetHints":{"allow":["GET"]}}],"collection":[{"href":"https:\/\/conakrynews.org\/index.php\/wp-json\/wp\/v2\/posts"}],"about":[{"href":"https:\/\/conakrynews.org\/index.php\/wp-json\/wp\/v2\/types\/post"}],"author":[{"embeddable":true,"href":"https:\/\/conakrynews.org\/index.php\/wp-json\/wp\/v2\/users\/2"}],"replies":[{"embeddable":true,"href":"https:\/\/conakrynews.org\/index.php\/wp-json\/wp\/v2\/comments?post=5008"}],"version-history":[{"count":0,"href":"https:\/\/conakrynews.org\/index.php\/wp-json\/wp\/v2\/posts\/5008\/revisions"}],"wp:featuredmedia":[{"embeddable":true,"href":"https:\/\/conakrynews.org\/index.php\/wp-json\/wp\/v2\/media\/5009"}],"wp:attachment":[{"href":"https:\/\/conakrynews.org\/index.php\/wp-json\/wp\/v2\/media?parent=5008"}],"wp:term":[{"taxonomy":"category","embeddable":true,"href":"https:\/\/conakrynews.org\/index.php\/wp-json\/wp\/v2\/categories?post=5008"},{"taxonomy":"post_tag","embeddable":true,"href":"https:\/\/conakrynews.org\/index.php\/wp-json\/wp\/v2\/tags?post=5008"}],"curies":[{"name":"wp","href":"https:\/\/api.w.org\/{rel}","templated":true}]}}