{"id":5011,"date":"2020-08-21T00:16:05","date_gmt":"2020-08-20T22:16:05","guid":{"rendered":"https:\/\/conakrynews.org\/?p=5011"},"modified":"2020-08-21T07:35:41","modified_gmt":"2020-08-21T05:35:41","slug":"alpha-conde-a-homologues-presidents-de-cedeao-president-ibk-a-ete-elu-5-ans-on-lui-permettre-de-terminer-mandat","status":"publish","type":"post","link":"https:\/\/conakrynews.org\/index.php\/alpha-conde-a-homologues-presidents-de-cedeao-president-ibk-a-ete-elu-5-ans-on-lui-permettre-de-terminer-mandat\/","title":{"rendered":"Alpha Cond\u00e9 \u00e0 ses homologues pr\u00e9sidents de la CEDEAO : \u00ab le Pr\u00e9sident IBK a \u00e9t\u00e9 \u00e9lu pour 5 ans et on doit lui permettre de terminer son mandat \u00bb"},"content":{"rendered":"<h1 class=\"name post-title entry-title\"><img loading=\"lazy\" decoding=\"async\" class=\"alignright size-medium wp-image-5016\" src=\"https:\/\/conakrynews.org\/wp-content\/uploads\/2020\/08\/CEDEAO-VISIOCONFERENCE1-660x330-515x258.jpg\" alt=\"\" width=\"515\" height=\"258\" srcset=\"https:\/\/conakrynews.org\/wp-content\/uploads\/2020\/08\/CEDEAO-VISIOCONFERENCE1-660x330-515x258.jpg 515w, https:\/\/conakrynews.org\/wp-content\/uploads\/2020\/08\/CEDEAO-VISIOCONFERENCE1-660x330.jpg 660w\" sizes=\"auto, (max-width: 515px) 100vw, 515px\" \/><\/h1>\n<p class=\"post-meta\">\n<div class=\"clear\"><\/div>\n<div class=\"entry\">\n<p><strong>S\u00e9khoutour\u00e9ya, 20 ao\u00fbt 2020 \u2013<\/strong>\u00a0Apr\u00e8s le putsch du mardi 18 ao\u00fbt dernier au Mali, les Chefs d\u2019Etat et de Gouvernement de la Communaut\u00e9 Economique des Etats de l\u2019Afrique de l\u2019Ouest (CEDEAO), se sont concert\u00e9s ce jeudi 20 ao\u00fbt 2020 par visioconf\u00e9rence. C\u2019\u00e9tait au cours d\u2019un sommet extraordinaire urgent, pour ensemble r\u00e9fl\u00e9chir sur la d\u00e9marche \u00e0 suivre en faveur d\u2019un retour \u00e0 l\u2019ordre constitutionnel dans ce pays.<\/p>\n<p>&nbsp;<\/p>\n<p>Introduit par le Pr\u00e9sident en exercice de la CEDEAO, le Nig\u00e9rien Mahamadou Issoufou, la visioconf\u00e9rence avait au centre des discussions, la lib\u00e9ration imm\u00e9diate et sans condition du Pr\u00e9sident Ibrahima Boubacar K\u00e9ita et des autres d\u00e9tenus.<\/p>\n<p>&nbsp;<\/p>\n<p>Dans son intervention, le pr\u00e9sident de la R\u00e9publique de\u00a0 C\u00f4te d\u2019Ivoire, Alhassane Ouattara, a rappel\u00e9 les faits qui se sont pass\u00e9s entre mars et avril 2012 et qui ont occasionn\u00e9 le d\u00e9part d\u2019Amadou Toumany Tour\u00e9, alors Pr\u00e9sident d\u00e9mocratiquement \u00e9lu.<\/p>\n<p>Pendant que le pays est sur un double front \u00e0 savoir le terrorisme et la pand\u00e9mie du Coronavirus, le Mali vient d\u2019enregistrer une autre situation grave.<\/p>\n<p>C\u2019est pourquoi, les d\u00e9f\u00e9rents Chefs d\u2019Etat et de Gouvernement au cours de cette visioconf\u00e9rence, ont insist\u00e9 sur le retour rapide \u00e0 l\u2019ordre constitutionnel.<\/p>\n<p>Car selon eux, la stabilit\u00e9 du Mali est fondamental pour la sous r\u00e9gion ouest-africaine.<\/p>\n<p>&nbsp;<\/p>\n<p>Le Pr\u00e9sident de la R\u00e9publique de Guin\u00e9e, le Pr. Alpha Cond\u00e9, qui a partag\u00e9 l\u2019avis de ses homologues de la CEDEAO a mis l\u2019accent sur la position du Mali pour la paix en Afrique de l\u2019Ouest\u00a0:\u00a0<em>\u00ab\u00a0 Il est \u00e9vident que nous devons condamner de fa\u00e7on tr\u00e8s ferme le coup d\u2019Etat. Je suis d\u2019accord avec le Pr\u00e9sident Roch Marc Christian Kabor\u00e9 que l\u2019action imm\u00e9diate \u00e0 mener est non seulement la lib\u00e9ration du Pr\u00e9sident IBK, mais aussi de tous les autres responsables et assurer leur s\u00e9curit\u00e9.<\/em><\/p>\n<p><em>\u00a0La deuxi\u00e8me action \u00e0 mener comme l\u2019a dit le Pr\u00e9sident Buhari, c\u2019est le retour \u00e0 l\u2019ordre constitutionnel. Car, le Pr\u00e9sident IBK a \u00e9t\u00e9 \u00e9lu pour 5 ans et on doit lui permettre de terminer son mandat. Il est extr\u00eamement important qu\u2019\u00e0 chaque fois qu\u2019on prenne des mesures d\u2019insister sur la coop\u00e9ration. Mais il y a certaines mesures que nous devons prendre afin de contraindre les putschistes non seulement \u00e0 retourner dans les casernes, mais aussi \u00e0 respecter l\u2019ordre constitutionnel. Il est extr\u00eamement important que nous montrons notre solidarit\u00e9 \u00e0 nos fr\u00e8res Maliens, mais que nous exigions aussi que les responsables d\u00e9mocratiquement \u00e9lus terminent leur mandat dans la paix et la s\u00e9curit\u00e9.<\/em><\/p>\n<p><em>Le probl\u00e8me du Mali est que non seulement le pays est confront\u00e9 au terrorisme mais \u00e9galement \u00e0 la Covid-19. Il faut que l\u2019on sache que le Mali est le rempart de nos pays c\u00f4tiers face \u00e0 la mont\u00e9e du terrorisme. Donc, la stabilit\u00e9 du Mali est fondamentale pour notre s\u00e9curit\u00e9. C\u2019est pourquoi nous devons tout faire pour aider ce pays fr\u00e8re \u00e0 r\u00e9tablir l\u2019ordre constitutionnel et aussi lui permettre de mettre fin au terrorisme. Et que le Mali recouvre sa souverainet\u00e9 sur l\u2019ensemble de son territoire national\u00a0\u00bb.<\/em><\/p>\n<p>&nbsp;<\/p>\n<p>Pour le Pr\u00e9sident en exercice de cette organisation sous r\u00e9gionale, Mahamadou Issoufou, en plus de la suspension du Mali dans toutes les instances de la CEDEAO, les fronti\u00e8res r\u00e9gionales avec ce pays sont ferm\u00e9es.<\/p>\n<p><strong>\u00a0<\/strong><\/p>\n<p><strong>Le Bureau de Presse de la Pr\u00e9sidence<\/strong><\/p>\n<\/div>\n<div class=\"share-post\"><\/div>\n","protected":false},"excerpt":{"rendered":"<p>S\u00e9khoutour\u00e9ya, 20 ao\u00fbt 2020 \u2013\u00a0Apr\u00e8s le putsch du mardi 18 ao\u00fbt dernier au Mali, les Chefs d\u2019Etat et de Gouvernement de la Communaut\u00e9 Economique des Etats de l\u2019Afrique de l\u2019Ouest (CEDEAO), se sont concert\u00e9s ce jeudi 20 ao\u00fbt 2020 par visioconf\u00e9rence. C\u2019\u00e9tait au cours d\u2019un sommet extraordinaire urgent, pour ensemble r\u00e9fl\u00e9chir sur la d\u00e9marche \u00e0 [&hellip;]<\/p>\n","protected":false},"author":2,"featured_media":5016,"comment_status":"open","ping_status":"open","sticky":false,"template":"","format":"standard","meta":{"footnotes":""},"categories":[57],"tags":[],"class_list":{"0":"post-5011","1":"post","2":"type-post","3":"status-publish","4":"format-standard","5":"has-post-thumbnail","7":"category-politique"},"_links":{"self":[{"href":"https:\/\/conakrynews.org\/index.php\/wp-json\/wp\/v2\/posts\/5011","targetHints":{"allow":["GET"]}}],"collection":[{"href":"https:\/\/conakrynews.org\/index.php\/wp-json\/wp\/v2\/posts"}],"about":[{"href":"https:\/\/conakrynews.org\/index.php\/wp-json\/wp\/v2\/types\/post"}],"author":[{"embeddable":true,"href":"https:\/\/conakrynews.org\/index.php\/wp-json\/wp\/v2\/users\/2"}],"replies":[{"embeddable":true,"href":"https:\/\/conakrynews.org\/index.php\/wp-json\/wp\/v2\/comments?post=5011"}],"version-history":[{"count":0,"href":"https:\/\/conakrynews.org\/index.php\/wp-json\/wp\/v2\/posts\/5011\/revisions"}],"wp:featuredmedia":[{"embeddable":true,"href":"https:\/\/conakrynews.org\/index.php\/wp-json\/wp\/v2\/media\/5016"}],"wp:attachment":[{"href":"https:\/\/conakrynews.org\/index.php\/wp-json\/wp\/v2\/media?parent=5011"}],"wp:term":[{"taxonomy":"category","embeddable":true,"href":"https:\/\/conakrynews.org\/index.php\/wp-json\/wp\/v2\/categories?post=5011"},{"taxonomy":"post_tag","embeddable":true,"href":"https:\/\/conakrynews.org\/index.php\/wp-json\/wp\/v2\/tags?post=5011"}],"curies":[{"name":"wp","href":"https:\/\/api.w.org\/{rel}","templated":true}]}}