{"id":5019,"date":"2020-08-21T20:20:41","date_gmt":"2020-08-21T18:20:41","guid":{"rendered":"https:\/\/conakrynews.org\/?p=5019"},"modified":"2020-08-21T20:20:41","modified_gmt":"2020-08-21T18:20:41","slug":"presidentielle-americaine-joe-biden-officiellement-investi-candidat-democrates","status":"publish","type":"post","link":"https:\/\/conakrynews.org\/index.php\/presidentielle-americaine-joe-biden-officiellement-investi-candidat-democrates\/","title":{"rendered":"Pr\u00e9sidentielle am\u00e9ricaine: Joe Biden officiellement investi candidat des d\u00e9mocrates"},"content":{"rendered":"<p><span style=\"font-family: 'andale mono', monospace\"><\/span><\/p>\n<div class=\"span8\">\n<div class=\"row\">\n<div class=\"span8 post-img\"><a title=\"Pr\u00e9sidentielle am\u00e9ricaine: Joe Biden officiellement investi candidat des d\u00e9mocrates\" href=\"http:\/\/flammeguinee.com\/wp-content\/uploads\/2020\/08\/Biden.jpg\" rel=\"prettyPhoto\"><img decoding=\"async\" class=\"images-load\" src=\"http:\/\/flammeguinee.com\/wp-content\/uploads\/2020\/08\/Biden-620x300.jpg\" \/><\/a><\/div>\n<\/div>\n<\/div>\n<div class=\"span8 entry-info\"><i class=\"fa fa-calendar\"><\/i>\u00a0<del><img loading=\"lazy\" decoding=\"async\" class=\"alignright size-medium wp-image-5020\" src=\"https:\/\/conakrynews.org\/wp-content\/uploads\/2020\/08\/Biden-515x290.jpg\" alt=\"\" width=\"515\" height=\"290\" srcset=\"https:\/\/conakrynews.org\/wp-content\/uploads\/2020\/08\/Biden-515x290.jpg 515w, https:\/\/conakrynews.org\/wp-content\/uploads\/2020\/08\/Biden-768x432.jpg 768w, https:\/\/conakrynews.org\/wp-content\/uploads\/2020\/08\/Biden.jpg 980w\" sizes=\"auto, (max-width: 515px) 100vw, 515px\" \/><\/del><\/div>\n<div class=\"span8\">\n<header class=\"entry-header\">\n<h1 class=\"post-title entry-title\"><\/h1>\n<\/header>\n<div class=\"entry-content\">\n<aside class=\"mashsb-container mashsb-main mashsb-stretched\">\n<div class=\"mashsb-box\">\n<div class=\"mashsb-count\"><\/div>\n<div class=\"mashsb-buttons\"><\/div>\n<\/div>\n<div><\/div>\n<\/aside>\n<p class=\"t-content__chapo\">Joe Biden a \u00e9t\u00e9 investi officiellement comme candidat d\u00e9mocrate pour la pr\u00e9sidentielle aux \u00c9tats-Unis. La convention du parti d\u00e9mocrate s\u2019est achev\u00e9e ce jeudi 20 ao\u00fbt au soir avec son discours d\u2019investiture. Joe Biden s\u2019est pr\u00e9sent\u00e9 en rassembleur, et a appel\u00e9 les Am\u00e9ricains \u00e0 tourner la page d\u2019une p\u00e9riode sombre de l\u2019histoire.<\/p>\n<p>\u00ab\u00a0<em>J\u2019accepte cette nomination<\/em>\u00a0\u00bb. Officiellement investi,\u00a0<strong><a href=\"https:\/\/www.rfi.fr\/fr\/am%C3%A9riques\/20200820-pr%C3%A9sidentielle-am%C3%A9ricaine-joe-biden-gaffeur-consensuel\" target=\"_blank\" rel=\"noopener noreferrer\">Joe Biden<\/a><\/strong>\u00a0s\u2019est pr\u00e9sent\u00e9 en candidat de l\u2019unit\u00e9, celui qui permettra \u00e0 l\u2019Am\u00e9rique de tourner le dos au chaos. \u00ab\u00a0<em>Je serai un alli\u00e9 de la lumi\u00e8re et non des t\u00e9n\u00e8bres<\/em>\u00a0\u00bb, a-t-il lanc\u00e9.<\/p>\n<p>Il a \u00e9trill\u00e9 l\u2019actuel occupant de\u00a0<strong><a href=\"https:\/\/www.rfi.fr\/fr\/am%C3%A9riques\/20200820-convention-d%C3%A9mocrate-barack-obama-et-kamala-harris-attaquent-frontalement-donald-\" target=\"_blank\" rel=\"noopener noreferrer\">la Maison Blanche<\/a><\/strong>. Et a indiqu\u00e9 qu\u2019il remettrait l\u2019Am\u00e9rique sur le droit chemin, celui de la science pour lutter<strong><a href=\"https:\/\/www.rfi.fr\/fr\/am%C3%A9riques\/20200731-coronavirus-les-etats-unis-manquent-tests\" target=\"_blank\" rel=\"noopener noreferrer\">\u00a0contre la pand\u00e9mie<\/a><\/strong>, et celui du respect des normes en diplomatie. Il a promis qu\u2019il ferait de la lutte contre le coronavirus sa priorit\u00e9 d\u00e8s le premier jour de son arriv\u00e9e \u00e0 la maison blanche.<\/p>\n<div id=\"tms-ad-inread-5306916356703447\" class=\"tms-ad\">\n<div id=\"divVideoStepAdBottom\" class=\"divVideoStep\"><strong>Ses partisans soulag\u00e9s<\/strong><\/div>\n<div>\n<p>\u00ab\u00a0<em>Je serai un pr\u00e9sident qui se tient aux c\u00f4t\u00e9s de nos alli\u00e9s et je serai clair avec nos adversaires. Le temps des flirts avec les dictateurs est termin\u00e9<\/em>\u00a0\u00bb. Apr\u00e8s une soir\u00e9e consacr\u00e9e \u00e0 dresser le portrait d\u2019un homme empathique, attentif aux besoins de chacun,\u00a0<strong><a href=\"https:\/\/www.rfi.fr\/fr\/am%C3%A9riques\/20200819-%C3%A0-la-une-joe-biden-officiellement-investi-la-pr%C3%A9sidentielle-am%C3%A9ricaine\" target=\"_blank\" rel=\"noopener noreferrer\">le candidat<\/a><\/strong>\u00a0a offert \u00e0 ses troupes un discours solide.<\/p>\n<p>Il a plaid\u00e9\u00a0<strong><a href=\"https:\/\/www.rfi.fr\/fr\/am%C3%A9riques\/20200818-pr%C3%A9sidentielle-am%C3%A9ricaine-convention-d%C3%A9mocrate-ouvre-unit%C3%A9-biden\" target=\"_blank\" rel=\"noopener noreferrer\">l\u2019unit\u00e9<\/a><\/strong>. \u00ab\u00a0<em>C\u2019est notre moment, c\u2019est notre mission. La fin de ce chapitre sombre de l\u2019Am\u00e9rique commence ici ce soir, avec l\u2019amour, l\u2019espoir, la lumi\u00e8re qui se joignent \u00e0 cette bataille pour l\u2019\u00e2me de la nation. Et c\u2019est une bataille que nous allons gagner et nous le ferons ensemble<\/em>\u00a0\u00bb, a-t-il conclu.<\/p>\n<p><strong><a href=\"https:\/\/www.rfi.fr\/fr\/tag\/joe-biden\/\" target=\"_blank\" rel=\"noopener noreferrer\">Joe Biden\u00a0<\/a><\/strong>est apparu combattif, au ton d\u00e9cid\u00e9, loin du candidat g\u00e2teux d\u00e9peint par\u00a0<strong><a href=\"https:\/\/www.rfi.fr\/fr\/am%C3%A9riques\/20200821-%C3%A9tats-unis-l-ex-conseiller-trump-steve-bannon-inculp%C3%A9-d%C3%A9tournement-fonds\" target=\"_blank\" rel=\"noopener noreferrer\">Donald Trump<\/a><\/strong>. Ses partisans craignaient une contre-performance. Ils peuvent d\u00e9sormais souffler.<\/p>\n<p><strong>Un homme empathique<\/strong><\/p>\n<div id=\"tms-block-2396094383829741\" class=\"o-self-promo o-self-promo--nl\">\n<div class=\"o-self-promo-wrapper\">\n<p class=\"o-self-promo__text\"><strong>Newsletter<\/strong>Recevez toute l\u2019actualit\u00e9 internationale directement dans votre boite mail<\/p>\n<p><a class=\"o-self-promo__link o-self-promo__link--newsletter\" href=\"https:\/\/emailing.rfi.fr\/fr\/subscribe\" target=\"_blank\" rel=\"noopener noreferrer\">Je m\u2019abonne<\/a><\/p>\n<\/div>\n<\/div>\n<p>Tout au long de la soir\u00e9e, avant son\u00a0<strong><a href=\"https:\/\/www.rfi.fr\/fr\/am%C3%A9riques\/20200818-pr%C3%A9sidentielle-am%C3%A9ricaine-discours-attendu-redout%C3%A9-d%C3%A9mocrate-alexandria-ocasio-co\" target=\"_blank\" rel=\"noopener noreferrer\">discours<\/a><\/strong>, c\u2019est le portrait d\u2019un homme empathique, tourn\u00e9 vers les autres qui a \u00e9t\u00e9 bross\u00e9. \u00ab\u00a0<em>Sans Joe Biden je ne vous parlerai pas aujourd\u2019hui<\/em>\u00a0\u00bb, a entam\u00e9\u00a0Brayden Harrigton \u00e2g\u00e9 de treize ans.\u00a0Atteint de b\u00e9gaiement l\u2019adolescent a racont\u00e9 avoir surmont\u00e9 son handicap gr\u00e2ce au candidat qui a souffert du m\u00eame mal.<\/p>\n<p>\u00ab\u00a0<em>C\u2019\u00e9tait vraiment incroyable de voir que quelqu\u2019un comme moi est devenu vice-pr\u00e9sident. Il m\u2019a montr\u00e9 comment il marque ses discours pour mieux les prononcer. Alors j\u2019ai fait la m\u00eame chose aujourd\u2019hui<\/em>\u00a0\u00bb, a-t-il racont\u00e9. Ce t\u00e9moignage a \u00e9mu la convention, mais toute la soir\u00e9e a \u00e9t\u00e9 \u00e9maill\u00e9e de ce type d\u2019anecdotes.<\/p>\n<p>Joe Biden, l\u2019homme \u00e9prouv\u00e9 par des deuils successifs, toujours l\u00e0 pour \u00e9pauler une \u00e2me en peine, ou donner un coup de main.\u00a0<strong><a href=\"https:\/\/www.rfi.fr\/fr\/am%C3%A9riques\/20200212-etats-unis-amy-klobuchar-invit%C3%A9e-primaire-d%C3%A9mocrate-new-hampshire\" target=\"_blank\" rel=\"noopener noreferrer\">Amy Klobuchar<\/a><\/strong>, candidate aux primaires a racont\u00e9 un coup de fil re\u00e7u tard le soir apr\u00e8s un discours prononc\u00e9 devant un congr\u00e8s d\u00e9sert.<\/p>\n<p>\u00ab\u00a0<em>Cela montre sa gentillesse et son attention aux affaires du gouvernement. Et m\u00eame quand il est chez lui la nuit, il regarde, et il se soucie d\u2019autrui<\/em>\u00a0\u00bb a-t-elle affirm\u00e9. Le trait de ce portrait d\u2019un homme empathique pourrait sembler l\u00e9g\u00e8rement forc\u00e9. Mais il est surtout \u00e0 l\u2019oppos\u00e9 de celui\u00a0<strong><a href=\"https:\/\/www.rfi.fr\/fr\/am%C3%A9riques\/20200816-%C3%A9tats-unis-d%C3%A9but-convention-d%C3%A9mocrates-veulent-safficher-unis\" target=\"_blank\" rel=\"noopener noreferrer\">de Donald Trump<\/a><\/strong>, en permanence pr\u00e9occup\u00e9 par son propre sort et qui s\u2019est publiquement moqu\u00e9 des handicap\u00e9s.<\/p>\n<\/div>\n<\/div>\n<div class=\"t-content__body u-clearfix\">\n<div class=\"m-interstitial\">\n<div class=\"m-interstitial__ad\">\n<div class=\"m-block-ad \">\n<div id=\"google_ads_iframe_\/33480810\/web\/rfi\/fr\/article\/pave1_1__container__\"><em>De notre correspondante \u00e0 Washington<\/em><\/div>\n<\/div>\n<\/div>\n<\/div>\n<\/div>\n<\/div>\n<\/div>\n","protected":false},"excerpt":{"rendered":"<p>\u00a0 Joe Biden a \u00e9t\u00e9 investi officiellement comme candidat d\u00e9mocrate pour la pr\u00e9sidentielle aux \u00c9tats-Unis. La convention du parti d\u00e9mocrate s\u2019est achev\u00e9e ce jeudi 20 ao\u00fbt au soir avec son discours d\u2019investiture. Joe Biden s\u2019est pr\u00e9sent\u00e9 en rassembleur, et a appel\u00e9 les Am\u00e9ricains \u00e0 tourner la page d\u2019une p\u00e9riode sombre de l\u2019histoire. \u00ab\u00a0J\u2019accepte cette nomination\u00a0\u00bb. [&hellip;]<\/p>\n","protected":false},"author":2,"featured_media":5020,"comment_status":"open","ping_status":"open","sticky":false,"template":"","format":"standard","meta":{"footnotes":""},"categories":[57],"tags":[],"class_list":{"0":"post-5019","1":"post","2":"type-post","3":"status-publish","4":"format-standard","5":"has-post-thumbnail","7":"category-politique"},"_links":{"self":[{"href":"https:\/\/conakrynews.org\/index.php\/wp-json\/wp\/v2\/posts\/5019","targetHints":{"allow":["GET"]}}],"collection":[{"href":"https:\/\/conakrynews.org\/index.php\/wp-json\/wp\/v2\/posts"}],"about":[{"href":"https:\/\/conakrynews.org\/index.php\/wp-json\/wp\/v2\/types\/post"}],"author":[{"embeddable":true,"href":"https:\/\/conakrynews.org\/index.php\/wp-json\/wp\/v2\/users\/2"}],"replies":[{"embeddable":true,"href":"https:\/\/conakrynews.org\/index.php\/wp-json\/wp\/v2\/comments?post=5019"}],"version-history":[{"count":0,"href":"https:\/\/conakrynews.org\/index.php\/wp-json\/wp\/v2\/posts\/5019\/revisions"}],"wp:featuredmedia":[{"embeddable":true,"href":"https:\/\/conakrynews.org\/index.php\/wp-json\/wp\/v2\/media\/5020"}],"wp:attachment":[{"href":"https:\/\/conakrynews.org\/index.php\/wp-json\/wp\/v2\/media?parent=5019"}],"wp:term":[{"taxonomy":"category","embeddable":true,"href":"https:\/\/conakrynews.org\/index.php\/wp-json\/wp\/v2\/categories?post=5019"},{"taxonomy":"post_tag","embeddable":true,"href":"https:\/\/conakrynews.org\/index.php\/wp-json\/wp\/v2\/tags?post=5019"}],"curies":[{"name":"wp","href":"https:\/\/api.w.org\/{rel}","templated":true}]}}