{"id":5130,"date":"2020-08-28T11:01:38","date_gmt":"2020-08-28T09:01:38","guid":{"rendered":"https:\/\/conakrynews.org\/?p=5130"},"modified":"2020-08-28T11:34:15","modified_gmt":"2020-08-28T09:34:15","slug":"presidentielle-guinee-lancement-activites-de-canor","status":"publish","type":"post","link":"https:\/\/conakrynews.org\/index.php\/presidentielle-guinee-lancement-activites-de-canor\/","title":{"rendered":"Pr\u00e9sidentielle en Guin\u00e9e : Lancement des activit\u00e9s de la \u00ab\u00a0CANOR\u00a0\u00bb"},"content":{"rendered":"<div class=\"td-post-header\"><img loading=\"lazy\" decoding=\"async\" class=\"alignright size-medium wp-image-5139\" src=\"https:\/\/conakrynews.org\/wp-content\/uploads\/2020\/08\/IMG_20200827_175439_6-515x247.jpg\" alt=\"\" width=\"515\" height=\"247\" srcset=\"https:\/\/conakrynews.org\/wp-content\/uploads\/2020\/08\/IMG_20200827_175439_6-515x247.jpg 515w, https:\/\/conakrynews.org\/wp-content\/uploads\/2020\/08\/IMG_20200827_175439_6-768x369.jpg 768w\" sizes=\"auto, (max-width: 515px) 100vw, 515px\" \/><img loading=\"lazy\" decoding=\"async\" class=\"alignright size-medium wp-image-5140\" src=\"https:\/\/conakrynews.org\/wp-content\/uploads\/2020\/08\/IMG_20200827_170532_9-515x247.jpg\" alt=\"\" width=\"515\" height=\"247\" srcset=\"https:\/\/conakrynews.org\/wp-content\/uploads\/2020\/08\/IMG_20200827_170532_9-515x247.jpg 515w, https:\/\/conakrynews.org\/wp-content\/uploads\/2020\/08\/IMG_20200827_170532_9-768x369.jpg 768w\" sizes=\"auto, (max-width: 515px) 100vw, 515px\" \/><\/div>\n<div class=\"td-post-sharing td-post-sharing-top \">\n<div class=\"td-default-sharing\"><i class=\"td-icon-facebook\"><\/i>\u00a0<i class=\"td-icon-twitter\"><\/i>\u00a0<i class=\"td-icon-googleplus\"><\/i>\u00a0<i class=\"td-icon-pinterest\"><\/i>\u00a0<i class=\"td-icon-whatsapp\"><\/i><\/div>\n<\/div>\n<div class=\"td-post-content\">\n<div class=\"td-post-featured-image\"><a class=\"td-modal-image\" href=\"http:\/\/liberationinfo.com\/wp-content\/uploads\/2020\/08\/B8EF26F5-6BC8-4C6D-98DC-FF5FCCBC2FBF-300x160-1.jpeg\"><img loading=\"lazy\" decoding=\"async\" class=\"entry-thumb td-animation-stack-type0-1\" title=\"B8EF26F5-6BC8-4C6D-98DC-FF5FCCBC2FBF-300x160\" src=\"http:\/\/liberationinfo.com\/wp-content\/uploads\/2020\/08\/B8EF26F5-6BC8-4C6D-98DC-FF5FCCBC2FBF-300x160-1.jpeg\" alt=\"\" width=\"640\" height=\"341\" \/><\/a><\/div>\n<p>Les responsables de la Coalition des Acteurs pour la Nouvelle R\u00e9publique, ont organis\u00e9 ce jeudi,27 Ao\u00fbt 2020, une c\u00e9r\u00e9monie de lancement des activit\u00e9s de leur\u00a0 mouvement politique\u00a0 pour\u00a0 soutenir le pr\u00e9sident de la R\u00e9publique,prof. Alpha Cond\u00e9\u00a0 au compte de l\u2019\u00e9lection pr\u00e9sidentielle du 18 octobre prochain. ladite c\u00e9r\u00e9monie qui a eu lieu dans les locaux d&rsquo;un r\u00e9ceptif h\u00f4telier de la place,\u00a0 a connu la pr\u00e9sence de plusieurs membres du gouvernement notamment, des\u00a0 d\u00e9put\u00e9s, des membres du Gouvernement et des militants et Sympathisants du parti au pouvoir.<\/p>\n<p>Dans son intervention,le pr\u00e9sident\u00a0 de la CANOR, Mohamed Sita Ciss\u00e9 a rappel\u00e9\u00a0 le bilan de la Gouvernance du pr\u00e9sident Guin\u00e9en.<\/p>\n<p>Avant de declarer qu&rsquo;il est important aujourd&rsquo;hui d&rsquo;accorder\u00a0 un nouveau mandat a celui-ci au compte de la 4\u00e8me Republique\u00a0 lui permettant de finaliser\u00a0 les initiatives qu&rsquo;il a d\u00e9j\u00e0 entam\u00e9 .<\/p>\n<p>Sylla Ibrahima Kalil pour www.conakrynews.org 625444534<\/p>\n<\/div>\n","protected":false},"excerpt":{"rendered":"<p>\u00a0\u00a0\u00a0\u00a0 Les responsables de la Coalition des Acteurs pour la Nouvelle R\u00e9publique, ont organis\u00e9 ce jeudi,27 Ao\u00fbt 2020, une c\u00e9r\u00e9monie de lancement des activit\u00e9s de leur\u00a0 mouvement politique\u00a0 pour\u00a0 soutenir le pr\u00e9sident de la R\u00e9publique,prof. Alpha Cond\u00e9\u00a0 au compte de l\u2019\u00e9lection pr\u00e9sidentielle du 18 octobre prochain. ladite c\u00e9r\u00e9monie qui a eu lieu dans les locaux [&hellip;]<\/p>\n","protected":false},"author":2,"featured_media":5139,"comment_status":"open","ping_status":"open","sticky":false,"template":"","format":"standard","meta":{"footnotes":""},"categories":[57],"tags":[],"class_list":{"0":"post-5130","1":"post","2":"type-post","3":"status-publish","4":"format-standard","5":"has-post-thumbnail","7":"category-politique"},"_links":{"self":[{"href":"https:\/\/conakrynews.org\/index.php\/wp-json\/wp\/v2\/posts\/5130","targetHints":{"allow":["GET"]}}],"collection":[{"href":"https:\/\/conakrynews.org\/index.php\/wp-json\/wp\/v2\/posts"}],"about":[{"href":"https:\/\/conakrynews.org\/index.php\/wp-json\/wp\/v2\/types\/post"}],"author":[{"embeddable":true,"href":"https:\/\/conakrynews.org\/index.php\/wp-json\/wp\/v2\/users\/2"}],"replies":[{"embeddable":true,"href":"https:\/\/conakrynews.org\/index.php\/wp-json\/wp\/v2\/comments?post=5130"}],"version-history":[{"count":0,"href":"https:\/\/conakrynews.org\/index.php\/wp-json\/wp\/v2\/posts\/5130\/revisions"}],"wp:featuredmedia":[{"embeddable":true,"href":"https:\/\/conakrynews.org\/index.php\/wp-json\/wp\/v2\/media\/5139"}],"wp:attachment":[{"href":"https:\/\/conakrynews.org\/index.php\/wp-json\/wp\/v2\/media?parent=5130"}],"wp:term":[{"taxonomy":"category","embeddable":true,"href":"https:\/\/conakrynews.org\/index.php\/wp-json\/wp\/v2\/categories?post=5130"},{"taxonomy":"post_tag","embeddable":true,"href":"https:\/\/conakrynews.org\/index.php\/wp-json\/wp\/v2\/tags?post=5130"}],"curies":[{"name":"wp","href":"https:\/\/api.w.org\/{rel}","templated":true}]}}