{"id":5248,"date":"2020-09-06T22:34:07","date_gmt":"2020-09-06T20:34:07","guid":{"rendered":"https:\/\/conakrynews.org\/?p=5248"},"modified":"2020-09-06T22:34:07","modified_gmt":"2020-09-06T20:34:07","slug":"presidentielle-guinee-cellou-dalein-diallo-candidat-face-a-alpha-conde","status":"publish","type":"post","link":"https:\/\/conakrynews.org\/index.php\/presidentielle-guinee-cellou-dalein-diallo-candidat-face-a-alpha-conde\/","title":{"rendered":"Pr\u00e9sidentielle en Guin\u00e9e : Cellou Dalein Diallo candidat face \u00e0 Alpha Cond\u00e9"},"content":{"rendered":"<div class=\"art-header\">\n<h1 class=\"js-no-orphans\"><\/h1>\n<div class=\"art-date\"><\/div>\n<\/div>\n<div id=\"content\" class=\"col-sm-8\">\n<article id=\"post-1039118\" class=\"art-content\">\n<figure class=\"thumbnail art-thumbnail-lead\"><\/figure>\n<div class=\"art-text ja-teads-inread\">\n<p class=\"lead\">Pour la troisi\u00e8me fois cons\u00e9cutive, Cellou Dalein Diallo sera candidat \u00e0 la pr\u00e9sidentielle en Guin\u00e9e. Son parti, l\u2019UFDG, pr\u00f4nait pourtant jusque-l\u00e0 le boycott du scrutin dans le cas o\u00f9 Alpha Cond\u00e9 briguerait un troisi\u00e8me mandat.<\/p>\n<p>Sa d\u00e9cision se faisait attendre. Apr\u00e8s de longues h\u00e9sitations et d\u2019\u00e2pres discussions au sein de l\u2019Union des forces d\u00e9mocratiques de Guin\u00e9e (UFDG), le parti d\u2019opposition a annonc\u00e9 samedi, tard dans la soir\u00e9e, aux coordinateurs du Front national pour la d\u00e9fense de la Constitution (FNDC) qu\u2019il participera bel et bien \u00e0 la pr\u00e9sidentielle.<\/p>\n<p>Lors d\u2019une Assembl\u00e9e g\u00e9n\u00e9rale extraordinaire, organis\u00e9e dimanche, l\u2019UFDG a investi le chef de file de l\u2019opposition comme candidat du parti \u00e0 l\u2019\u00e9lection pr\u00e9sidentielle pr\u00e9vue le 18 octobre prochain.<\/p>\n<p>Cellou Dalein Diallo,\u00a0 se lancera donc, pour la troisi\u00e8me fois cons\u00e9cutive, dans la course \u00e0 la pr\u00e9sidence. Et pour la troisi\u00e8me fois, ce sera\u00a0<a href=\"https:\/\/www.jeuneafrique.com\/1037588\/politique\/alpha-conde-candidat-a-un-troisieme-mandat-retour-sur-un-scenario-annonce\/\">face \u00e0 Alpha Cond\u00e9<\/a>.<\/p>\n<h2>Fin du boycott<\/h2>\n<p>Mercredi, les cadres du parti avaient formellement demand\u00e9 \u00e0 leur pr\u00e9sident de se porter candidat, \u00e0 l\u2019issue d\u2019une assembl\u00e9e pl\u00e9ni\u00e8re au si\u00e8ge de l\u2019UFDG, dans le quartier Hamdallaye, \u00e0 Conakry. \u00ab\u00a0Nous avons dit \u00e0 Cellou Dalein Diallo que nous devions d\u00e9poser notre candidature, pour \u00e9viter d\u2019\u00eatre dans une situation de forclusion, car le d\u00e9p\u00f4t des candidatures prend fin le 8 septembre\u00a0\u00bb, confie \u00e0\u00a0<em>Jeune Afrique<\/em>l\u2019un des t\u00e9nors du parti ayant pris part \u00e0 cette r\u00e9union.<\/p>\n<div class=\"sc-lire-aussi\">\n<div class=\"container-informations-a-lire-aussi\"><span class=\"sc-label\">\u00c0 LIRE<\/span>\u00a0<a href=\"https:\/\/www.jeuneafrique.com\/1029418\/politique\/guinee-les-plans-de-cellou-dalein-diallo-et-sidya-toure-pour-contrer-alpha-conde\/\">Guin\u00e9e : les plans de Cellou Dalein Diallo et Sidya Tour\u00e9 pour contrer Alpha Cond\u00e9<\/a><\/div>\n<\/div>\n<p>\u00ab\u00a0L\u2019objectif, c\u2019est d\u2019\u00e9viter de rejouer le sc\u00e9nario de mars dernier\u00a0\u00bb, explique notre source. Apr\u00e8s avoir boycott\u00e9 le double scrutin \u2013 les l\u00e9gislatives et le r\u00e9f\u00e9rendum constitutionnel \u2013, le parti n\u2019a en effet d\u00e9sormais plus aucun repr\u00e9sentant \u00e0 l\u2019Assembl\u00e9e nationale. Face \u00e0 ses lieutenants, Cellou Dalein Diallo a \u00ab\u00a0pris acte\u00a0\u00bb de leur demande, mais a r\u00e9clam\u00e9 \u00ab\u00a0un d\u00e9lai de 48 heures\u00a0\u00bb avant de faire conna\u00eetre sa d\u00e9cision. Il lui aura finalement fallu quatre jours pour donner sa r\u00e9ponse aux cadres de son parti, tant les dissensions \u00e9taient nombreuses.<\/p>\n<p>Source:Jeuneafrique.<img loading=\"lazy\" decoding=\"async\" class=\"alignright size-medium wp-image-5249\" src=\"https:\/\/conakrynews.org\/wp-content\/uploads\/2020\/09\/72-dpi-20160217sc_831-592x296-1484042698-515x258.jpg\" alt=\"\" width=\"515\" height=\"258\" srcset=\"https:\/\/conakrynews.org\/wp-content\/uploads\/2020\/09\/72-dpi-20160217sc_831-592x296-1484042698-515x258.jpg 515w, https:\/\/conakrynews.org\/wp-content\/uploads\/2020\/09\/72-dpi-20160217sc_831-592x296-1484042698.jpg 592w\" sizes=\"auto, (max-width: 515px) 100vw, 515px\" \/>com<\/p>\n<\/div>\n<\/article>\n<\/div>\n","protected":false},"excerpt":{"rendered":"<p>Pour la troisi\u00e8me fois cons\u00e9cutive, Cellou Dalein Diallo sera candidat \u00e0 la pr\u00e9sidentielle en Guin\u00e9e. Son parti, l\u2019UFDG, pr\u00f4nait pourtant jusque-l\u00e0 le boycott du scrutin dans le cas o\u00f9 Alpha Cond\u00e9 briguerait un troisi\u00e8me mandat. Sa d\u00e9cision se faisait attendre. Apr\u00e8s de longues h\u00e9sitations et d\u2019\u00e2pres discussions au sein de l\u2019Union des forces d\u00e9mocratiques de [&hellip;]<\/p>\n","protected":false},"author":2,"featured_media":5249,"comment_status":"open","ping_status":"open","sticky":false,"template":"","format":"standard","meta":{"footnotes":""},"categories":[57],"tags":[],"class_list":{"0":"post-5248","1":"post","2":"type-post","3":"status-publish","4":"format-standard","5":"has-post-thumbnail","7":"category-politique"},"_links":{"self":[{"href":"https:\/\/conakrynews.org\/index.php\/wp-json\/wp\/v2\/posts\/5248","targetHints":{"allow":["GET"]}}],"collection":[{"href":"https:\/\/conakrynews.org\/index.php\/wp-json\/wp\/v2\/posts"}],"about":[{"href":"https:\/\/conakrynews.org\/index.php\/wp-json\/wp\/v2\/types\/post"}],"author":[{"embeddable":true,"href":"https:\/\/conakrynews.org\/index.php\/wp-json\/wp\/v2\/users\/2"}],"replies":[{"embeddable":true,"href":"https:\/\/conakrynews.org\/index.php\/wp-json\/wp\/v2\/comments?post=5248"}],"version-history":[{"count":0,"href":"https:\/\/conakrynews.org\/index.php\/wp-json\/wp\/v2\/posts\/5248\/revisions"}],"wp:featuredmedia":[{"embeddable":true,"href":"https:\/\/conakrynews.org\/index.php\/wp-json\/wp\/v2\/media\/5249"}],"wp:attachment":[{"href":"https:\/\/conakrynews.org\/index.php\/wp-json\/wp\/v2\/media?parent=5248"}],"wp:term":[{"taxonomy":"category","embeddable":true,"href":"https:\/\/conakrynews.org\/index.php\/wp-json\/wp\/v2\/categories?post=5248"},{"taxonomy":"post_tag","embeddable":true,"href":"https:\/\/conakrynews.org\/index.php\/wp-json\/wp\/v2\/tags?post=5248"}],"curies":[{"name":"wp","href":"https:\/\/api.w.org\/{rel}","templated":true}]}}