{"id":5303,"date":"2020-09-08T11:54:24","date_gmt":"2020-09-08T09:54:24","guid":{"rendered":"https:\/\/conakrynews.org\/?p=5303"},"modified":"2020-09-08T14:12:13","modified_gmt":"2020-09-08T12:12:13","slug":"soutien-candidat-alpha-conde-presidentielle-mouvement-grain-de-matam-lance-activites","status":"publish","type":"post","link":"https:\/\/conakrynews.org\/index.php\/soutien-candidat-alpha-conde-presidentielle-mouvement-grain-de-matam-lance-activites\/","title":{"rendered":"Pour soutenir la Candidature  d&rsquo;Alpha Cond\u00e9  :Le Mouvement \u00ab\u00a0Grain de Matam\u00a0\u00bb lance ses activit\u00e9s"},"content":{"rendered":"<p><img loading=\"lazy\" decoding=\"async\" class=\"alignright size-medium wp-image-5311\" src=\"https:\/\/conakrynews.org\/wp-content\/uploads\/2020\/09\/IMG_20200906_134207_1-515x247.jpg\" alt=\"\" width=\"515\" height=\"247\" srcset=\"https:\/\/conakrynews.org\/wp-content\/uploads\/2020\/09\/IMG_20200906_134207_1-515x247.jpg 515w, https:\/\/conakrynews.org\/wp-content\/uploads\/2020\/09\/IMG_20200906_134207_1-768x369.jpg 768w\" sizes=\"auto, (max-width: 515px) 100vw, 515px\" \/><\/p>\n<p>&nbsp;<\/p>\n<p>Les membres du Mouvement \u00ab\u00a0Grain de Matam\u00a0\u00bbont organis\u00e9 le Dimanche dernier,une c\u00e9r\u00e9monie de lancement officiel des activit\u00e9s dudit mouvement politique pour soutenir le candidat du RPG Arc-en-ciel,prof Alpha Cond\u00e9 au compte de la pr\u00e9sidentielle prevue\u00a0 pour le\u00a0 18 Octobre prochain en Republique de Guin\u00e9e.Cette activit\u00e9 de lancement a connu la participation des militants et sympathisants du parti au pouvoir (RPG),les mouvements de soutien aux actions du pr\u00e9sident Alpha Cond\u00e9,le ministre de la jeunesse et de l&#8217;emploi jeunes et membre actif de la CODECC(Coalition D\u00e9mocratique pour le Changement dans la Continuit\u00e9), Mouctar Diallo,Mme la ministre de l&rsquo;Enseignement Technique et de l&#8217;emploi,Zenab Dram\u00e9 etc&#8230;<\/p>\n<p>Dans son discours,le pr\u00e9sident du\u00a0 mouvement \u00ab\u00a0Grain de Matam\u00a0\u00bb,Sayon Konat\u00e9, a\u00a0 rappel\u00e9 les activit\u00e9s en cours de leur mouvement.\u2039\u2039Nous allons entamer les campagnes de porte \u00e0 porte afin d&rsquo;expliquer les acquis de la Gouvernance du pr\u00e9sident Alpha Cond\u00e9.Nous allons \u00e9galement sensibiliser\u00a0 les populations par rapport au choix judicieux portant sur la personne du candidat du RPG Arc-en-ciel,prof.Alpha cond\u00e9.Nous comptons \u00e9galement conqu\u00e9rir la commune de Matam qui \u00e9tait un fief de l&rsquo;UFR,mais aujourd&rsquo;hui qui ne l&rsquo;ait plus vu aux actions concr\u00e8tes de notre mouvement au sein de cette commune\u203a\u203a, a expliqu\u00e9 le pr\u00e9sident du mouvement \u00ab\u00a0Grain de Matam\u00a0\u00bb.<\/p>\n<p>Avant de demander\u00a0 \u00e0 la jeunesse Guin\u00e9enne d&rsquo;\u00eatre responsable dans le choix.\u2039\u2039La jeunesse doit\u00a0 comprendre que ceux qui ont pill\u00e9 ce pays,on doit plus accepter qu&rsquo;ils reviennent aux affaires.Et ceux qui n&rsquo;ont aucun projet de soci\u00e9t\u00e9 sauf s&rsquo;accentuer sur leurs ethnies,la jeunesse doit se d\u00e9barrasser de ces leaders l\u00e0\u203a\u203a, a lanc\u00e9 \u00e0 la jeunesse de Guin\u00e9e.<\/p>\n<p>Mouctar Diallo, ministre de la jeunesse et de l&#8217;emploi jeunes, a\u00a0 d&rsquo;abord appr\u00e9ci\u00e9 la qualit\u00e9 de l&rsquo;organisation ,le fonctionnement et le\u00a0 bilan du Mouvement \u00ab\u00a0Grain de Matam\u00a0\u00bb<\/p>\n<p>Avantd&rsquo;affirmer que le mouvement \u00ab\u00a0Grain de Matam\u00a0\u00bb a pos\u00e9 des actes concr\u00eats qui permettent aujourd&rsquo;hui d&rsquo;avouer avec certitude que la commune de Matam est totalement jaune.\u2039\u2039 Avec les efforts harmoniser ensemble, nous ferons en sorte que toute la Guin\u00e9e soit jaune\u203a\u203a,a conclu le ministre Mouctar Diallo.<\/p>\n<p>Sylla Ibrahima Kalil pour www.conakrynews.org 625444534<\/p>\n","protected":false},"excerpt":{"rendered":"<p>&nbsp; Les membres du Mouvement \u00ab\u00a0Grain de Matam\u00a0\u00bbont organis\u00e9 le Dimanche dernier,une c\u00e9r\u00e9monie de lancement officiel des activit\u00e9s dudit mouvement politique pour soutenir le candidat du RPG Arc-en-ciel,prof Alpha Cond\u00e9 au compte de la pr\u00e9sidentielle prevue\u00a0 pour le\u00a0 18 Octobre prochain en Republique de Guin\u00e9e.Cette activit\u00e9 de lancement a connu la participation des militants et [&hellip;]<\/p>\n","protected":false},"author":2,"featured_media":5311,"comment_status":"open","ping_status":"open","sticky":false,"template":"","format":"standard","meta":{"footnotes":""},"categories":[57],"tags":[],"class_list":{"0":"post-5303","1":"post","2":"type-post","3":"status-publish","4":"format-standard","5":"has-post-thumbnail","7":"category-politique"},"_links":{"self":[{"href":"https:\/\/conakrynews.org\/index.php\/wp-json\/wp\/v2\/posts\/5303","targetHints":{"allow":["GET"]}}],"collection":[{"href":"https:\/\/conakrynews.org\/index.php\/wp-json\/wp\/v2\/posts"}],"about":[{"href":"https:\/\/conakrynews.org\/index.php\/wp-json\/wp\/v2\/types\/post"}],"author":[{"embeddable":true,"href":"https:\/\/conakrynews.org\/index.php\/wp-json\/wp\/v2\/users\/2"}],"replies":[{"embeddable":true,"href":"https:\/\/conakrynews.org\/index.php\/wp-json\/wp\/v2\/comments?post=5303"}],"version-history":[{"count":0,"href":"https:\/\/conakrynews.org\/index.php\/wp-json\/wp\/v2\/posts\/5303\/revisions"}],"wp:featuredmedia":[{"embeddable":true,"href":"https:\/\/conakrynews.org\/index.php\/wp-json\/wp\/v2\/media\/5311"}],"wp:attachment":[{"href":"https:\/\/conakrynews.org\/index.php\/wp-json\/wp\/v2\/media?parent=5303"}],"wp:term":[{"taxonomy":"category","embeddable":true,"href":"https:\/\/conakrynews.org\/index.php\/wp-json\/wp\/v2\/categories?post=5303"},{"taxonomy":"post_tag","embeddable":true,"href":"https:\/\/conakrynews.org\/index.php\/wp-json\/wp\/v2\/tags?post=5303"}],"curies":[{"name":"wp","href":"https:\/\/api.w.org\/{rel}","templated":true}]}}