{"id":5339,"date":"2020-09-09T16:40:21","date_gmt":"2020-09-09T14:40:21","guid":{"rendered":"https:\/\/conakrynews.org\/?p=5339"},"modified":"2020-09-09T16:40:21","modified_gmt":"2020-09-09T14:40:21","slug":"presidentielle-2020-cadres-chercheurs-de-postes-apportent-soutien-a-candidature-dalpha-conde-non-dune-soi-disante-coordination-de-basse-guinee","status":"publish","type":"post","link":"https:\/\/conakrynews.org\/index.php\/presidentielle-2020-cadres-chercheurs-de-postes-apportent-soutien-a-candidature-dalpha-conde-non-dune-soi-disante-coordination-de-basse-guinee\/","title":{"rendered":"Pr\u00e9sidentielle 2020 : les cadres et chercheurs de postes, apportent leur soutien \u00e0 la candidature d\u2019Alpha Cond\u00e9 au non d\u2019une soi-disante coordination de la Basse Guin\u00e9e\u2026"},"content":{"rendered":"<div class=\"td-post-header\">\n<header class=\"td-post-title\">\n<h1 class=\"entry-title\"><img loading=\"lazy\" decoding=\"async\" class=\"alignright size-medium wp-image-5340\" src=\"https:\/\/conakrynews.org\/wp-content\/uploads\/2020\/09\/BC-3-698x375-1-515x277.jpg\" alt=\"\" width=\"515\" height=\"277\" srcset=\"https:\/\/conakrynews.org\/wp-content\/uploads\/2020\/09\/BC-3-698x375-1-515x277.jpg 515w, https:\/\/conakrynews.org\/wp-content\/uploads\/2020\/09\/BC-3-698x375-1.jpg 698w\" sizes=\"auto, (max-width: 515px) 100vw, 515px\" \/><\/h1>\n<div class=\"td-module-meta-info\"><\/div>\n<\/header>\n<\/div>\n<div class=\"td-post-sharing td-post-sharing-top \">\n<div class=\"td-default-sharing\"><i class=\"td-icon-facebook\"><\/i>\u00a0<i class=\"td-icon-twitter\"><\/i>\u00a0<i class=\"td-icon-googleplus\"><\/i>\u00a0<i class=\"td-icon-pinterest\"><\/i>\u00a0<i class=\"td-icon-whatsapp\"><\/i><\/div>\n<\/div>\n<div class=\"td-post-content\">\n<div class=\"td-post-featured-image\"><a class=\"td-modal-image\" href=\"http:\/\/liberationinfo.com\/wp-content\/uploads\/2020\/09\/BC-3-698x375-1.jpg\"><img loading=\"lazy\" decoding=\"async\" class=\"entry-thumb td-animation-stack-type0-1\" title=\"BC-3-698x375\" src=\"http:\/\/liberationinfo.com\/wp-content\/uploads\/2020\/09\/BC-3-698x375-1-696x374.jpg\" alt=\"\" width=\"696\" height=\"374\" \/><\/a><\/div>\n<div class=\"entry-header\"><\/div>\n<div class=\"entry-content no-share\">\n<div class=\"content-inner \">\n<div class=\"entry-header\">\n<div class=\"entry-header\">\n<div class=\"jeg_meta_container\">\n<div class=\"jeg_post_meta jeg_post_meta_1\">\n<div class=\"meta_right\">Comme dirait l\u2019autre, tous les moyens sont bons pour rentrer au paradis , malheureusement c\u2019est le chemin qu\u2019empreintent\u00a0 certains cadres v\u00e9reux de la basse-cote, pour satisfaire leurs int\u00e9r\u00eats \u00e9go\u00efstes et machiav\u00e9lique pour tromper le chef de l\u2019\u00e9tat, au non d\u2019une communaut\u00e9 compl\u00e8tement divis\u00e9e. Dans la perspective de la tenue de l\u2019\u00e9lection pr\u00e9sidentielle du 18 octobre 2020, certains cadres et chercheurs de postes du r\u00e9gime Cond\u00e9, inventent une soi-disante coordination des sages de la Basse Guin\u00e9e, regroup\u00e9s pour prot\u00e9ger leurs diff\u00e9rents postes et profitent de l\u2019occasion pour faire croire au pr\u00e9sident de la R\u00e9publique, qu\u2019il a le soutien des fils de la Basse Guin\u00e9e dans le mensonge absolu. En tenant ce mardi 08 septembre au jardin 02 jardin, un Forum de la coordination des sages de la Basse Guin\u00e9e pour la Paix et l\u2019Unit\u00e9 nationale, les cadres de l\u2019administration publique venus pour remplir la salle dans le but de sauvegarder leurs postes, tout savamment pr\u00e9par\u00e9 par un certains noyaux de cadres corrompus et gel\u00e9s.<\/div>\n<\/div>\n<\/div>\n<\/div>\n<div class=\"entry-content no-share\"><\/div>\n<\/div>\n<div class=\"entry-content no-share\">\n<div class=\"content-inner \">\n<p>Dans leur boulimie du pouvoir, pour continuer de se servir avant de servir la Guin\u00e9e et les Guin\u00e9ens, ces cadres gel\u00e9s de la Basse Guin\u00e9e sont pr\u00eats \u00e0 tout pour atteindre l\u2019objectif ultime, celui de s\u2019enrichir ill\u00e9galement dans le dos d\u2019un peuple fatigu\u00e9 et d\u2019esp\u00e9r\u00e9 pour le manquement de patriotisme de ses fils.<\/p>\n<div class=\"jeg_ad jeg_ad_article jnews_content_inline_ads \">\n<div class=\"ads-wrapper align-center \">\n<div class=\"ads_code\"><ins class=\"adsbygoogle\"><ins id=\"aswift_1_expand\"><ins id=\"aswift_1_anchor\"><\/ins><\/ins><\/ins><img decoding=\"async\" class=\"aligncenter wp-image-170207 size-full td-animation-stack-type0-1\" src=\"https:\/\/mosaiqueguinee.com\/wp-content\/uploads\/2020\/09\/BC-1.jpg\" alt=\"\" \/><\/div>\n<\/div>\n<\/div>\n<p>Coup de tonnerre, avant de parler le d\u00e9veloppement de la Basse Guin\u00e9e ces diff\u00e9rents ministres, Secr\u00e9taires g\u00e9n\u00e9raux, Directeurs Nationaux, D\u00e9put\u00e9s et Cadres de l\u2019administration publique tous mobilis\u00e9s pour apporter un soutien \u00e0 la candidature de l\u2019actuel chef de l\u2019\u00e9tat.<\/p>\n<p><img decoding=\"async\" class=\"aligncenter wp-image-170211 size-full td-animation-stack-type0-1\" src=\"https:\/\/mosaiqueguinee.com\/wp-content\/uploads\/2020\/09\/BC-5.jpg\" alt=\"\" \/><\/p>\n<p>Pour conduire ce vieillard dans l\u2019erreur, ces cadres tapis dans l\u2019ombre pour tirer les ficelles d\u2019une communaut\u00e9 au bord d\u2019implosion, par le manque d\u2019une dose de patriotisme b\u00e9ant de la part de ses fils du terroir obs\u00e9d\u00e9s par l\u2019obtention du gain personnel.<\/p>\n<p><img decoding=\"async\" class=\"aligncenter wp-image-170210 size-full td-animation-stack-type0-1\" src=\"https:\/\/mosaiqueguinee.com\/wp-content\/uploads\/2020\/09\/BC-4.jpg\" alt=\"\" \/><\/p>\n<p><strong>liberationinfo.com<\/strong><\/p>\n<\/div>\n<\/div>\n<\/div>\n<\/div>\n<\/div>\n","protected":false},"excerpt":{"rendered":"<p>\u00a0\u00a0\u00a0\u00a0 Comme dirait l\u2019autre, tous les moyens sont bons pour rentrer au paradis , malheureusement c\u2019est le chemin qu\u2019empreintent\u00a0 certains cadres v\u00e9reux de la basse-cote, pour satisfaire leurs int\u00e9r\u00eats \u00e9go\u00efstes et machiav\u00e9lique pour tromper le chef de l\u2019\u00e9tat, au non d\u2019une communaut\u00e9 compl\u00e8tement divis\u00e9e. Dans la perspective de la tenue de l\u2019\u00e9lection pr\u00e9sidentielle du 18 [&hellip;]<\/p>\n","protected":false},"author":2,"featured_media":5340,"comment_status":"open","ping_status":"open","sticky":false,"template":"","format":"standard","meta":{"footnotes":""},"categories":[57],"tags":[],"class_list":{"0":"post-5339","1":"post","2":"type-post","3":"status-publish","4":"format-standard","5":"has-post-thumbnail","7":"category-politique"},"_links":{"self":[{"href":"https:\/\/conakrynews.org\/index.php\/wp-json\/wp\/v2\/posts\/5339","targetHints":{"allow":["GET"]}}],"collection":[{"href":"https:\/\/conakrynews.org\/index.php\/wp-json\/wp\/v2\/posts"}],"about":[{"href":"https:\/\/conakrynews.org\/index.php\/wp-json\/wp\/v2\/types\/post"}],"author":[{"embeddable":true,"href":"https:\/\/conakrynews.org\/index.php\/wp-json\/wp\/v2\/users\/2"}],"replies":[{"embeddable":true,"href":"https:\/\/conakrynews.org\/index.php\/wp-json\/wp\/v2\/comments?post=5339"}],"version-history":[{"count":0,"href":"https:\/\/conakrynews.org\/index.php\/wp-json\/wp\/v2\/posts\/5339\/revisions"}],"wp:featuredmedia":[{"embeddable":true,"href":"https:\/\/conakrynews.org\/index.php\/wp-json\/wp\/v2\/media\/5340"}],"wp:attachment":[{"href":"https:\/\/conakrynews.org\/index.php\/wp-json\/wp\/v2\/media?parent=5339"}],"wp:term":[{"taxonomy":"category","embeddable":true,"href":"https:\/\/conakrynews.org\/index.php\/wp-json\/wp\/v2\/categories?post=5339"},{"taxonomy":"post_tag","embeddable":true,"href":"https:\/\/conakrynews.org\/index.php\/wp-json\/wp\/v2\/tags?post=5339"}],"curies":[{"name":"wp","href":"https:\/\/api.w.org\/{rel}","templated":true}]}}