{"id":5423,"date":"2020-09-16T23:21:30","date_gmt":"2020-09-16T21:21:30","guid":{"rendered":"https:\/\/conakrynews.org\/?p=5423"},"modified":"2020-09-17T13:36:17","modified_gmt":"2020-09-17T11:36:17","slug":"formation-de-qualitele-ministere-de-lenseignement-technique-pourparler-fondateurs-ecoles-privees","status":"publish","type":"post","link":"https:\/\/conakrynews.org\/index.php\/formation-de-qualitele-ministere-de-lenseignement-technique-pourparler-fondateurs-ecoles-privees\/","title":{"rendered":"Formation de qualit\u00e9 des \u00c9tudiants:Des cadres du minist\u00e8re de l&rsquo;Enseignement Technique en pourparlers avec les fondateurs des \u00e9coles priv\u00e9es professionnelles"},"content":{"rendered":"<p><img loading=\"lazy\" decoding=\"async\" class=\"alignright size-medium wp-image-5460\" src=\"https:\/\/conakrynews.org\/wp-content\/uploads\/2020\/09\/IMG_20200916_104724_8-1-375x375.jpg\" alt=\"\" width=\"375\" height=\"375\" srcset=\"https:\/\/conakrynews.org\/wp-content\/uploads\/2020\/09\/IMG_20200916_104724_8-1-375x375.jpg 375w, https:\/\/conakrynews.org\/wp-content\/uploads\/2020\/09\/IMG_20200916_104724_8-1-70x70.jpg 70w, https:\/\/conakrynews.org\/wp-content\/uploads\/2020\/09\/IMG_20200916_104724_8-1-768x768.jpg 768w\" sizes=\"auto, (max-width: 375px) 100vw, 375px\" \/><\/p>\n<p>pour\u00a0 qualifier la formation professionnelle de notre pays \u00e0 l&rsquo;instar des autres pays de la sous-r\u00e9gion\u00a0 afin d&rsquo;avoir d\u00e9sormais des \u00e9tudiants dipl\u00f4mes et qualifi\u00e9s en\u00a0 Brevet de Technicien sup\u00e9rieur (B.T.S),des responsables du minist\u00e8re de l&rsquo;Enseignement Technique,de la formation professionnelle et de l&rsquo;Emploi,ont tenu une rencontre avec des repr\u00e9sentants\u00a0 et fondateurs\u00a0 des \u00c9coles priv\u00e9es en Enseignement Technique,ce Mercredi,16 Septembre 2020 \u00e0 Conakry ,dans la Salle de r\u00e9union\u00a0 du Centre national de Perfectionnement \u00e0 la Gestion(C.N.P.G) du Bloc des professeurs de Donka.<\/p>\n<p>L&rsquo;objectif de cette rencontre,est de qualifier le niveau des \u00e9tudiants Guin\u00e9ens\u00a0\u00a0 issus des \u00e9coles priv\u00e9es d&rsquo;enseignement professionnel de notre pays.<\/p>\n<p>Au terme de la rencontre,le secr\u00e9taire g\u00e9n\u00e9ral du minist\u00e8re de l&rsquo;Enseignement Technique,de la Formation Professionnelle et de l&rsquo;Emploi, a d\u00e9clar\u00e9 que le but de la rencontre est de donner un certaine harmonie et de qualit\u00e9 \u00e0 l&rsquo;enseignement technique et de la formation professionnelle en R\u00e9publique de Guin\u00e9e.<\/p>\n<p>\u2039\u2039Notre rencontre d&rsquo;aujourd&rsquo;hui avec des fondateurs des \u00c9coles priv\u00e9es, s&rsquo;articulait sur deux (2) grands volets :Le recrutement et le niveau de recrutement.<\/p>\n<p>Le recrutement pour nous, c&rsquo;est une mani\u00e8re de mettre tous les enfants Guin\u00e9ens dans le m\u00eame traitement. Qu&rsquo;on chasse qu&rsquo;un enfant qui \u00e9tudie dans une\u00a0 \u00e9cole publique soit \u00e9gal\u00a0 \u00e0 un autre qui \u00e9tudie dans une \u00e9cole priv\u00e9e.Bref,qu&rsquo;ils\u00a0 soient au m\u00eame niveau de formation et de savoir.C&rsquo;est une premi\u00e8re condition pour nous.Donc,les soumettre \u00e0 un m\u00eame examen ou \u00e0 un m\u00eame concours de recrutement . Pour nous, c&rsquo;est de\u00a0 donner vraiment toute les chances d&rsquo;\u00e9voluer ensemble.Le deuxi\u00e8me volet, c&rsquo;est le niveau de recrutement.Nous avons pens\u00e9s et \u00e7a c&rsquo;est une r\u00e9alit\u00e9 d&rsquo;ailleurs,que le Brevet du\u00a0 technicien\u00a0 Sup\u00e9rieur (B.T.S) est un dipl\u00f4me qui s&rsquo;obtient apr\u00e8s avoir obtenu le baccalaur\u00e9at.Et ces fondateurs des \u00e9coles\u00a0 priv\u00e9es en Enseignement Technique\u00a0 sont sceptiques\u00a0 \u00e0 \u00e7a parce que\u00a0 simplement\u00a0 en appliquant cette d\u00e9cision, ils n&rsquo;ont pas de viviers.Mais non,il y a le C. Q. P, C.A.P.,le B.T et\u00a0 BTS.Si vos conditions correspondent au C.Q.P au niveau C.A.P ou le niveau BT mais il faut les recrut\u00e9s\u00a0 .Mais si vous dites que nous avons que des\u00a0 candidats qui ont le C.E.P ou le niveau BEPC,vous voulez les prendre en\u00a0 B.T.S \u00e7a ne peut pas marcher. \u203a\u203a,a expliqu\u00e9\u00a0 le secr\u00e9taire g\u00e9n\u00e9ral du minist\u00e8re de l&rsquo;Enseignement Technique,de la formation professionnelle et de l&rsquo;Emploi.<\/p>\n<p>Avant de souligner :\u2039\u2039 Il faut qu&rsquo;on fasse de mani\u00e8re \u00e0 ce que les jeunes soient orient\u00e9s au bon\u00a0 niveau afin que leurs formations soient bien donn\u00e9es\u203a\u203a.<\/p>\n<p>\u2039\u2039Mais si vous donnez \u00e0 un enfant qui a le C.E.P\u00a0 ou bien qui a le B.E.P C et l&rsquo;envoy\u00e9\u00a0 pour faire le B.T.S,d&rsquo;abord il n&rsquo;a pas le niveau requis ,il peut pas s&rsquo;exprimer\u00a0 et pourtant form\u00e9 en enseignement technique\u203a\u203a, a fait savoir le secr\u00e9taire g\u00e9n\u00e9ral du minist\u00e8re de l&rsquo;Enseignement Technique, de la Formation professionnelle et de l&rsquo;Emploi.<\/p>\n<p>Pour clore son intervention, il<\/p>\n<hr \/>\n<p><img loading=\"lazy\" decoding=\"async\" class=\"alignright size-medium wp-image-5445\" src=\"https:\/\/conakrynews.org\/wp-content\/uploads\/2020\/09\/IMG_20200916_124722_1-375x375.jpg\" alt=\"\" width=\"375\" height=\"375\" srcset=\"https:\/\/conakrynews.org\/wp-content\/uploads\/2020\/09\/IMG_20200916_124722_1-375x375.jpg 375w, https:\/\/conakrynews.org\/wp-content\/uploads\/2020\/09\/IMG_20200916_124722_1-70x70.jpg 70w, https:\/\/conakrynews.org\/wp-content\/uploads\/2020\/09\/IMG_20200916_124722_1-768x768.jpg 768w\" sizes=\"auto, (max-width: 375px) 100vw, 375px\" \/><img loading=\"lazy\" decoding=\"async\" class=\"alignright size-medium wp-image-5461\" src=\"https:\/\/conakrynews.org\/wp-content\/uploads\/2020\/09\/IMG_20200916_131350_3-375x375.jpg\" alt=\"\" width=\"375\" height=\"375\" srcset=\"https:\/\/conakrynews.org\/wp-content\/uploads\/2020\/09\/IMG_20200916_131350_3-375x375.jpg 375w, https:\/\/conakrynews.org\/wp-content\/uploads\/2020\/09\/IMG_20200916_131350_3-70x70.jpg 70w, https:\/\/conakrynews.org\/wp-content\/uploads\/2020\/09\/IMG_20200916_131350_3-768x768.jpg 768w\" sizes=\"auto, (max-width: 375px) 100vw, 375px\" \/>a demand\u00e9 l&rsquo;application des principes pour avoir un syst\u00e8me\u00a0 d&rsquo;enseignement technique de qualit\u00e9 en R\u00e9publique de Guin\u00e9e.<\/p>\n<p>Pour r\u00e9pondre\u00a0 \u00e0 ces affirmation des autorit\u00e9s du Minist\u00e8re de l&rsquo;Enseignement Technique,le pr\u00e9sident de l&rsquo;association des \u00c9coles priv\u00e9es en Enseignement Technique et fondateur de l&rsquo;\u00e9cole priv\u00e9e \u00ab\u00a0Faole plus\u00a0\u00bb , El hadj Mamadou Aliou , a d\u00e9clar\u00e9:\u2039\u2039 avons\u00a0 pos\u00e9s des dol\u00e9ances \u00e0 certains points que nous estimons tr\u00e8s compliqu\u00e9s pour nous en tant que fondateurs des \u00e9coles priv\u00e9es.Surtout au B.T.S,qui est Bac +2 partout dans le monde.En Guin\u00e9e,il est pr\u00e9par\u00e9 \u00e0 Bac+3.Pourquoi? La 1\u00e8re ann\u00e9e,c&rsquo;est une ann\u00e9e pr\u00e9-requis pour pouvoir former l&rsquo;\u00e9tudiant\u00a0 dans la\u00a0 formation.Nous avons pens\u00e9s que quand quelqu&rsquo;un est en classe de terminale\u00a0 pleine ,vers une personne qui a tous les pr\u00e9-requis pour pouvoir pr\u00e9parer un B.T.S ( Brevet de Technicien Sup\u00e9rieur). Voil\u00e0 pourquoi nous avons pens\u00e9s comme partout dans le monde et compte tenu des r\u00e9alit\u00e9s de notre pays actuellement.Parce que nous sommes tous des\u00a0 t\u00e9moins oculaires du taux d&rsquo;\u00e9chec au baccalaur\u00e9at en R\u00e9publique de Guin\u00e9e\u203a\u203a, a rappel\u00e9 le pr\u00e9sident des Fondateurs des \u00c9coles priv\u00e9es en Enseignement Technique.<\/p>\n<p>Avant d&rsquo;ajouter :\u2039\u2039 Quel sera le sort de ceux qui ont \u00e9chou\u00e9 une seule fois o\u00f9 deux\u00a0 fois au baccalaur\u00e9at ?Est ce qu&rsquo;on va leur donner l&rsquo;opportunit\u00e9\u00a0 de pr\u00e9parer le B.T.S(Brevet de Technicien Sup\u00e9rieur)?Surtout quand cela n&#8217;emp\u00eachera pas des \u00e9tudiants de pr\u00e9parer ce dipl\u00f4me\u203a\u203a<\/p>\n<p>\u2039\u2039Voil\u00e0 donc une des dol\u00e9ances que nous posons au minist\u00e8re de l&rsquo;Enseignement Technique,de la formation professionnelle et de l&#8217;emploi, pour nous permettre de recruter au niveau de la Terminale au compte du Brevet de Technicien Sup\u00e9rieur (B.T.S)\u203a\u203a,a pr\u00e9cis\u00e9 le pr\u00e9sident des l&rsquo;association des \u00e9coles priv\u00e9es en Enseignement Technique..<\/p>\n<p>Pour mettre un terme \u00e0 ses propos, il a fait\u00a0 croire que le\u00a0 \u00a0probl\u00e8me c&rsquo;est au niveau des programmes.\u2039\u2039 Il faudrait que les programmes soient r\u00e9duits parce que les programmes d\u00e9finissent les seuils d&rsquo;entr\u00e9e et d&rsquo;\u00e9valuation du dipl\u00f4me et la certification\u203a\u203a.<\/p>\n<p>Sylla Ibrahima Kalil pour www.conakrynews.org 625444534<\/p>\n<p>&nbsp;<\/p>\n<p>&nbsp;<\/p>\n","protected":false},"excerpt":{"rendered":"<p>pour\u00a0 qualifier la formation professionnelle de notre pays \u00e0 l&rsquo;instar des autres pays de la sous-r\u00e9gion\u00a0 afin d&rsquo;avoir d\u00e9sormais des \u00e9tudiants dipl\u00f4mes et qualifi\u00e9s en\u00a0 Brevet de Technicien sup\u00e9rieur (B.T.S),des responsables du minist\u00e8re de l&rsquo;Enseignement Technique,de la formation professionnelle et de l&rsquo;Emploi,ont tenu une rencontre avec des repr\u00e9sentants\u00a0 et fondateurs\u00a0 des \u00c9coles priv\u00e9es en Enseignement [&hellip;]<\/p>\n","protected":false},"author":2,"featured_media":5445,"comment_status":"open","ping_status":"open","sticky":false,"template":"","format":"standard","meta":{"footnotes":""},"categories":[58],"tags":[],"class_list":{"0":"post-5423","1":"post","2":"type-post","3":"status-publish","4":"format-standard","5":"has-post-thumbnail","7":"category-societe"},"_links":{"self":[{"href":"https:\/\/conakrynews.org\/index.php\/wp-json\/wp\/v2\/posts\/5423","targetHints":{"allow":["GET"]}}],"collection":[{"href":"https:\/\/conakrynews.org\/index.php\/wp-json\/wp\/v2\/posts"}],"about":[{"href":"https:\/\/conakrynews.org\/index.php\/wp-json\/wp\/v2\/types\/post"}],"author":[{"embeddable":true,"href":"https:\/\/conakrynews.org\/index.php\/wp-json\/wp\/v2\/users\/2"}],"replies":[{"embeddable":true,"href":"https:\/\/conakrynews.org\/index.php\/wp-json\/wp\/v2\/comments?post=5423"}],"version-history":[{"count":0,"href":"https:\/\/conakrynews.org\/index.php\/wp-json\/wp\/v2\/posts\/5423\/revisions"}],"wp:featuredmedia":[{"embeddable":true,"href":"https:\/\/conakrynews.org\/index.php\/wp-json\/wp\/v2\/media\/5445"}],"wp:attachment":[{"href":"https:\/\/conakrynews.org\/index.php\/wp-json\/wp\/v2\/media?parent=5423"}],"wp:term":[{"taxonomy":"category","embeddable":true,"href":"https:\/\/conakrynews.org\/index.php\/wp-json\/wp\/v2\/categories?post=5423"},{"taxonomy":"post_tag","embeddable":true,"href":"https:\/\/conakrynews.org\/index.php\/wp-json\/wp\/v2\/tags?post=5423"}],"curies":[{"name":"wp","href":"https:\/\/api.w.org\/{rel}","templated":true}]}}