{"id":5598,"date":"2020-09-27T17:38:34","date_gmt":"2020-09-27T15:38:34","guid":{"rendered":"https:\/\/conakrynews.org\/?p=5598"},"modified":"2020-09-27T17:39:46","modified_gmt":"2020-09-27T15:39:46","slug":"forum-jeunes-de-kamsar-mohamed-lamine-sy-savane-rappelle-certains-acquis-secteur-minier-guineen-alpha-conde","status":"publish","type":"post","link":"https:\/\/conakrynews.org\/index.php\/forum-jeunes-de-kamsar-mohamed-lamine-sy-savane-rappelle-certains-acquis-secteur-minier-guineen-alpha-conde\/","title":{"rendered":"Forum des jeunes de Kamsar:\u00a0 Mohamed Lamine Sy SAVANE rappelle certains acquis du secteur minier guin\u00e9en sous Alpha COND\u00c9"},"content":{"rendered":"<div class=\"td-header-container td-header-wrap td-header-style-1\"><\/div>\n<div class=\"td-container td-post-template-default\">\n<div class=\"td-container-border\">\n<div class=\"td-pb-row\">\n<div class=\"td-pb-span8 td-main-content\" role=\"main\">\n<div class=\"td-ss-main-content\">\n<div class=\"clearfix\"><\/div>\n<article id=\"post-1985\" class=\"post-1985 post type-post status-publish format-standard has-post-thumbnail hentry category-actualites category-mines category-politique category-societe\">\n<div class=\"td-post-header td-pb-padding-side\">\n<div class=\"entry-crumbs\"><\/div>\n<header>\n<h1 class=\"entry-title\"><img loading=\"lazy\" decoding=\"async\" class=\"alignright size-medium wp-image-5599\" src=\"https:\/\/conakrynews.org\/wp-content\/uploads\/2020\/09\/IMG-20200926-WA0015-182x375.jpg\" alt=\"\" width=\"182\" height=\"375\" srcset=\"https:\/\/conakrynews.org\/wp-content\/uploads\/2020\/09\/IMG-20200926-WA0015-182x375.jpg 182w, https:\/\/conakrynews.org\/wp-content\/uploads\/2020\/09\/IMG-20200926-WA0015.jpg 525w\" sizes=\"auto, (max-width: 182px) 100vw, 182px\" \/><\/h1>\n<div class=\"meta-info\"><\/div>\n<\/header>\n<\/div>\n<div class=\"td-post-sharing-top td-pb-padding-side\"><\/div>\n<div class=\"td-post-content td-pb-padding-side\">\n<div class=\"td-post-featured-image\"><a class=\"td-modal-image\" href=\"https:\/\/www.guineemining.info\/wp-content\/uploads\/2020\/09\/IMG-20200926-WA0015.jpg\"><img loading=\"lazy\" decoding=\"async\" class=\"entry-thumb td-animation-stack-type0-2\" title=\"IMG-20200926-WA0015\" src=\"https:\/\/www.guineemining.info\/wp-content\/uploads\/2020\/09\/IMG-20200926-WA0015.jpg\" alt=\"\" width=\"525\" height=\"1080\" \/><\/a><\/div>\n<p>En marge de sa tourn\u00e9e de campagne dans la Pr\u00e9fecture de Bok\u00e9 pour la victoire du professeur Alpha COND\u00c9 \u00e0 la pr\u00e9sidentielle du 18 octobre 2020, le Pr\u00e9sident du directoire de campagne du RPG arc-en-ciel dans cette Pr\u00e9fecture a particip\u00e9 au forum des jeunes de Kamsar ce samedi 26 septembre, pour rappeler quelques bilans \u00e9logieux de la gouvernance mini\u00e8re en Guin\u00e9e, \u00e0 travers les r\u00e9formes engag\u00e9es dans ce secteur, depuis 2011.<\/p>\n<p><img loading=\"lazy\" decoding=\"async\" class=\"alignnone size-medium wp-image-1988 td-animation-stack-type0-2\" src=\"https:\/\/www.guineemining.info\/wp-content\/uploads\/2020\/09\/IMG-20200926-WA0012-300x146.jpg\" alt=\"\" width=\"300\" height=\"146\" \/><\/p>\n<div class=\"td-a-rec td-a-rec-id-content_inline td_uid_10_5f70b00d2cfde_rand td_block_template_1\">\n<div class=\"td-all-devices\"><a href=\"https:\/\/www.simer-gn.net\/offrepromosimerhosting\/\" target=\"_blank\" rel=\"noopener\"><img decoding=\"async\" class=\"td-animation-stack-type0-2\" src=\"https:\/\/www.guineemining.info\/wp-content\/uploads\/2019\/11\/Promo-Black-Friday-1.png\" \/><\/a><\/div>\n<\/div>\n<p>Mohamed Lamine Sy SAVANE a fait savoir dans son expos\u00e9, l\u2019\u00e9volution que le secteur minier a enregistr\u00e9 dans la derni\u00e8re d\u00e9cennie et l\u2019apport du Minist\u00e8re des Mines et de la G\u00e9ologie dans l\u2019\u00e9conomie guin\u00e9enne, ainsi que la prise en compte dans les r\u00e9formes engag\u00e9es, des int\u00e9r\u00eats des collectivit\u00e9s et des communaut\u00e9s impact\u00e9es par l\u2019exploitation mini\u00e8re.<\/p>\n<p><img loading=\"lazy\" decoding=\"async\" class=\"alignnone size-medium wp-image-1990 td-animation-stack-type0-2\" src=\"https:\/\/www.guineemining.info\/wp-content\/uploads\/2020\/09\/IMG-20200926-WA0014-300x146.jpg\" alt=\"\" width=\"300\" height=\"146\" \/><\/p>\n<p>&lt;&lt;Comme vous le savez, r\u00e9cemment, le chef de l\u2019\u00c9tat professeur Alpha COND\u00c9 avec le gouvernement, ont proc\u00e9d\u00e9 \u00e0 la remise des ch\u00e8ques de plusieurs milliards de nos francs aux communaut\u00e9s des zones impact\u00e9es par l\u2019activit\u00e9 mini\u00e8re&gt;&gt; a-t-il d\u00e9clar\u00e9.<\/p>\n<p><img loading=\"lazy\" decoding=\"async\" class=\"alignnone size-medium wp-image-1991 td-animation-stack-type0-2\" src=\"https:\/\/www.guineemining.info\/wp-content\/uploads\/2020\/09\/IMG-20200926-WA0009-300x146.jpg\" alt=\"\" width=\"300\" height=\"146\" \/><img loading=\"lazy\" decoding=\"async\" class=\"alignnone size-medium wp-image-1989 td-animation-stack-type0-2\" src=\"https:\/\/www.guineemining.info\/wp-content\/uploads\/2020\/09\/IMG-20200926-WA0013-146x300.jpg\" alt=\"\" width=\"146\" height=\"300\" \/><\/p>\n<p>En plus de la mise \u00e0 la disposition des communaut\u00e9s de ce fonds de d\u00e9veloppement local (FODEL), Monsieur SAVANE a indiqu\u00e9 que les projets miniers en cours dans notre pays font la fiert\u00e9 de tous les guin\u00e9ens aujourd\u2019hui, avec la r\u00e9alisation de plusieurs infrastructures socio-\u00e9conomiques dans toutes les R\u00e9gions de la Guin\u00e9e, \u00e0 travers l\u2019Agence Nationale de financement des collectivit\u00e9s (ANAFIC).<\/p>\n<p><img loading=\"lazy\" decoding=\"async\" class=\"alignnone size-medium wp-image-1993 td-animation-stack-type0-2\" src=\"https:\/\/www.guineemining.info\/wp-content\/uploads\/2020\/09\/IMG-20200926-WA0008-300x146.jpg\" alt=\"\" width=\"300\" height=\"146\" \/><\/p>\n<p>Par ailleurs, Mohamed lamine sy Savan\u00e9 a invit\u00e9 les jeunes venus au forum \u00e0 faire plus de s\u00e9rieux \u00e0 l\u2019\u00e9cole pour faciliter leur int\u00e9gration dans le march\u00e9 de l\u2019emploi des industries extractives<\/p>\n<p>Toumany Camara<\/p>\n<\/div>\n<\/article>\n<\/div>\n<\/div>\n<\/div>\n<\/div>\n<\/div>\n","protected":false},"excerpt":{"rendered":"<p>En marge de sa tourn\u00e9e de campagne dans la Pr\u00e9fecture de Bok\u00e9 pour la victoire du professeur Alpha COND\u00c9 \u00e0 la pr\u00e9sidentielle du 18 octobre 2020, le Pr\u00e9sident du directoire de campagne du RPG arc-en-ciel dans cette Pr\u00e9fecture a particip\u00e9 au forum des jeunes de Kamsar ce samedi 26 septembre, pour rappeler quelques bilans \u00e9logieux [&hellip;]<\/p>\n","protected":false},"author":2,"featured_media":5599,"comment_status":"open","ping_status":"open","sticky":false,"template":"","format":"standard","meta":{"footnotes":""},"categories":[57],"tags":[],"class_list":{"0":"post-5598","1":"post","2":"type-post","3":"status-publish","4":"format-standard","5":"has-post-thumbnail","7":"category-politique"},"_links":{"self":[{"href":"https:\/\/conakrynews.org\/index.php\/wp-json\/wp\/v2\/posts\/5598","targetHints":{"allow":["GET"]}}],"collection":[{"href":"https:\/\/conakrynews.org\/index.php\/wp-json\/wp\/v2\/posts"}],"about":[{"href":"https:\/\/conakrynews.org\/index.php\/wp-json\/wp\/v2\/types\/post"}],"author":[{"embeddable":true,"href":"https:\/\/conakrynews.org\/index.php\/wp-json\/wp\/v2\/users\/2"}],"replies":[{"embeddable":true,"href":"https:\/\/conakrynews.org\/index.php\/wp-json\/wp\/v2\/comments?post=5598"}],"version-history":[{"count":0,"href":"https:\/\/conakrynews.org\/index.php\/wp-json\/wp\/v2\/posts\/5598\/revisions"}],"wp:featuredmedia":[{"embeddable":true,"href":"https:\/\/conakrynews.org\/index.php\/wp-json\/wp\/v2\/media\/5599"}],"wp:attachment":[{"href":"https:\/\/conakrynews.org\/index.php\/wp-json\/wp\/v2\/media?parent=5598"}],"wp:term":[{"taxonomy":"category","embeddable":true,"href":"https:\/\/conakrynews.org\/index.php\/wp-json\/wp\/v2\/categories?post=5598"},{"taxonomy":"post_tag","embeddable":true,"href":"https:\/\/conakrynews.org\/index.php\/wp-json\/wp\/v2\/tags?post=5598"}],"curies":[{"name":"wp","href":"https:\/\/api.w.org\/{rel}","templated":true}]}}