{"id":5620,"date":"2020-10-01T19:39:21","date_gmt":"2020-10-01T17:39:21","guid":{"rendered":"https:\/\/conakrynews.org\/?p=5620"},"modified":"2020-10-01T19:54:52","modified_gmt":"2020-10-01T17:54:52","slug":"collectif-jeunes-acteurs-impliques-riposte-contre-covid-19-soutient-candidature-president-alpha-conde-contrairement-aux-autr","status":"publish","type":"post","link":"https:\/\/conakrynews.org\/index.php\/collectif-jeunes-acteurs-impliques-riposte-contre-covid-19-soutient-candidature-president-alpha-conde-contrairement-aux-autr\/","title":{"rendered":"Le Collectif des Jeunes Acteurs impliqu\u00e9s dans la Riposte contre la COVID-19, soutient la candidature du Pr\u00e9sident Alpha Cond\u00e9"},"content":{"rendered":"<div class=\"td-post-header\"><\/div>\n<div class=\"td-post-content\">\n<div class=\"td-post-header\">\n<header class=\"td-post-title\">\n<h1 class=\"entry-title\"><\/h1>\n<div class=\"td-module-meta-info\">\n<div class=\"td-post-author-name\">\n<div class=\"td-author-by\"><\/div>\n<div class=\"td-author-line\"><\/div>\n<\/div>\n<div class=\"td-post-views\"><\/div>\n<\/div>\n<\/header>\n<\/div>\n<div class=\"td-post-sharing td-post-sharing-top \">\n<div class=\"td-default-sharing\"><i class=\"td-icon-facebook\"><\/i>\u00a0<i class=\"td-icon-twitter\"><\/i>\u00a0<i class=\"td-icon-googleplus\"><\/i>\u00a0<i class=\"td-icon-pinterest\"><\/i>\u00a0<i class=\"td-icon-whatsapp\"><\/i><\/div>\n<\/div>\n<div class=\"td-post-content\">\n<div class=\"td-post-featured-image\"><a class=\"td-modal-image\" href=\"https:\/\/liberationinfo.com\/wp-content\/uploads\/2020\/09\/26916A54-A341-4851-8680-C16AA76A4B30-300x160-1.jpeg\"><img loading=\"lazy\" decoding=\"async\" class=\"entry-thumb td-animation-stack-type0-2\" title=\"26916A54-A341-4851-8680-C16AA76A4B30-300x160\" src=\"https:\/\/liberationinfo.com\/wp-content\/uploads\/2020\/09\/26916A54-A341-4851-8680-C16AA76A4B30-300x160-1.jpeg\" alt=\"\" width=\"640\" height=\"341\" \/><\/a><\/div>\n<p><b>Contrairement aux autres mouvements de soutien, le collectif des Jeunes Acteurs Impliqu\u00e9s dans la Riposte contre la Covid-19 a lanc\u00e9 ce mercredi 30 septembre 2020, au jardin 2 octobre un mouvement de remerciement et et de soutien aux actions du pr\u00e9sident de la R\u00e9publique, le professeur Alpha Cond\u00e9. Cette c\u00e9r\u00e9monie a connu la pr\u00e9sence des ministres, la ministre des droits et de l\u2019 autonomisation, Mme Hawa Beavogui et le ministre de la communication , repr\u00e9sentant du pr\u00e9sident de la R\u00e9publique et plusieurs personnalit\u00e9s de l\u2019administration guin\u00e9enne, plac\u00e9e sous le haut patronage\u00a0du chef de l\u2019\u00e9tat\u00a0le professeur \u00a0Alpha Cond\u00e9.<\/b><\/p>\n<p>Dans son discours de circonstance, Mohamed Cond\u00e9, Pr\u00e9sident du Collectif et \u00a0l\u2019Administrateur de l\u2019h\u00f4pital de Gbessia , a expliqu\u00e9 l\u2019objectif de la c\u00e9r\u00e9monie est de remercier et soutenir les actions entreprises par le Pr\u00e9sident de la R\u00e9publique son arriv\u00e9e au pouvoir et son engagement pour la lutte contre la Covid19 au mois de mars.<\/p>\n<p><b>\u201dje voudrais adresser ma salutation fraternelle \u00e0 tout ce qui ont r\u00e9pondu \u00e0 notre invitation \u00e0 cette c\u00e9r\u00e9monie de remerciement et de soutien des jeunes acteurs impliqu\u00e9s \u00e0 la riposte contre Covid19\u00a0 \u00e0 l\u2019endroit du pr\u00e9sident de la R\u00e9publique, je voudrais aussi au non du collectif saluer le ministre de la sant\u00e9. Cette activit\u00e9 a pour objectif de remercier et de soutenir les actions engag\u00e9s par le pr\u00e9sident\u00a0de la R\u00e9publique, le professeur Alpha\u00a0 \u00a0l\u2019apparition\u00a0de la pand\u00e9mie\u00a0dans notre pays depuis le 12 mars 2020. Le monde est touch\u00e9 par la pand\u00e9mie\u00a0et notre pays dans cette lutte \u00e0 le plus bas natalit\u00e9 de la sous-r\u00e9gion, ce qui d\u00e9note\u00a0les efforts gigantesques\u00a0 engag\u00e9s par le pr\u00e9sident\u00a0de la R\u00e9publique\u00a0et le gouvernement \u00e0 travers les diff\u00e9rents\u00a0d\u00e9partements\u00a0minist\u00e9riels, concernant\u00a0d\u2019accompagnements et les d\u00e9cisions\u00a0prises de l\u2019apparition\u00a0de cette pand\u00e9mie\u00a0dont entres autre: la cr\u00e9ations des sites de traitement \u00e0 Conakry qui a permis le des-engorgement\u00a0du centre de Donka et aussi \u00e0 l\u2019int\u00e9rieur du pays o\u00f9 la maladie s\u2019est propag\u00e9e, la cr\u00e9ation\u00a0d\u2019un site de pr\u00e9l\u00e8vement\u00a0pour le test de PCR et DDR , l\u2019octroie du pr\u00e9sident\u00a0de la R\u00e9publique\u00a0des appareils pour l\u2019augmentation des capacit\u00e9s de test et qui nous a \u00e9pargn\u00e9 ces attentes trop longues et de nature des r\u00e9sultats\u00a0qui sont pass\u00e9s d\u2019une semaine \u00e0 moins de 48h. Le recrutement des professionnels de sant\u00e9 dont sous la clairvoyance\u00a0du pr\u00e9sident\u00a0de la R\u00e9publique qui a insist\u00e9 sur ce fait et le plein d\u2019accompagnement des menaces pour leur permettre de respecter les gestes barri\u00e8res, la confection et la distribution des masques artisanaux, la mise en place d\u2019une strat\u00e9gie\u00a0contre cette cette pand\u00e9mie\u00a0appel\u00e9e \u201dStop Covid19\u201d en 60 jours. Cette activit\u00e9 de remerciement et de soutien s\u2019inscrit dans la logique de reconnaissance de\u00a0 \u00a0par le pr\u00e9sident\u00a0de la R\u00e9publique\u00a0mais aussi de tous les personnelles\u00a0de soignants\u00a0et nous ne pouvons passer sous silence ces acquis.\u00a0 Le collectif s\u2019engage \u00e0 soutenir le pr\u00e9sident\u00a0de la R\u00e9publique, le professeur\u00a0Alpha Cond\u00e9 et candidat du RPG-ARC-EN-CIEL, pou qu\u2019il\u00a0soit le premier pr\u00e9sident de la quatri\u00e8me\u00a0R\u00e9publique\u201d, a mentionn\u00e9 le president du collectif, Dr Mohamed Cond\u00e9.<\/b><\/p>\n<p>Avant de lancer un appel pressent aupr\u00e8s des autorit\u00e9s du pays pour l\u2019engagement \u00e0 la fonction publique de tous ces jeunes engag\u00e9s pour la lutte contre la Covid19. \u201d<b>Nous sollicitons aupr\u00e8s\u00a0des activit\u00e9s comp\u00e9tentes\u00a0\u00e0 un regard particulier envers ces jeunes acteurs impliqu\u00e9s dans la riposte, dans la perspective d\u2019un \u00e9ventuel\u00a0engagement \u00e0 la fonction publique et l\u2019\u00e9laboration d\u2019un plan de carri\u00e8re\u201d, a plaid\u00e9 l\u2019administrateur de l\u2019h\u00f4pital de Gbessia.<\/b><\/p>\n<p>Pr\u00e9sent pour repr\u00e9senter le pr\u00e9sident de la R\u00e9publique, le candidat du RPG-EN-CIEL le ministre de la communication Amara Sompr\u00e9 f\u00e9licit\u00e9 les organisateurs de cette forte mobilisation pour faire \u00e9lire leur champion le soir du 18 octobre prochain. Il a aussi demand\u00e9 aux membres du collectif de retirer leurs cartes d\u2019\u00e9lecteurs et de passer porte \u00e0 porte pour faire passer le message, il a termin\u00e9 en insistant \u00e0 la s\u00e9curisation des voix du parti au pouvoir qui seront obtenues des urnes.(images)<\/p>\n<p>Mohamed Camara<\/p>\n<\/div>\n<\/div>\n","protected":false},"excerpt":{"rendered":"<p>\u00a0\u00a0\u00a0\u00a0 Contrairement aux autres mouvements de soutien, le collectif des Jeunes Acteurs Impliqu\u00e9s dans la Riposte contre la Covid-19 a lanc\u00e9 ce mercredi 30 septembre 2020, au jardin 2 octobre un mouvement de remerciement et et de soutien aux actions du pr\u00e9sident de la R\u00e9publique, le professeur Alpha Cond\u00e9. Cette c\u00e9r\u00e9monie a connu la pr\u00e9sence [&hellip;]<\/p>\n","protected":false},"author":2,"featured_media":5621,"comment_status":"open","ping_status":"open","sticky":false,"template":"","format":"standard","meta":{"footnotes":""},"categories":[57],"tags":[],"class_list":{"0":"post-5620","1":"post","2":"type-post","3":"status-publish","4":"format-standard","5":"has-post-thumbnail","7":"category-politique"},"_links":{"self":[{"href":"https:\/\/conakrynews.org\/index.php\/wp-json\/wp\/v2\/posts\/5620","targetHints":{"allow":["GET"]}}],"collection":[{"href":"https:\/\/conakrynews.org\/index.php\/wp-json\/wp\/v2\/posts"}],"about":[{"href":"https:\/\/conakrynews.org\/index.php\/wp-json\/wp\/v2\/types\/post"}],"author":[{"embeddable":true,"href":"https:\/\/conakrynews.org\/index.php\/wp-json\/wp\/v2\/users\/2"}],"replies":[{"embeddable":true,"href":"https:\/\/conakrynews.org\/index.php\/wp-json\/wp\/v2\/comments?post=5620"}],"version-history":[{"count":0,"href":"https:\/\/conakrynews.org\/index.php\/wp-json\/wp\/v2\/posts\/5620\/revisions"}],"wp:featuredmedia":[{"embeddable":true,"href":"https:\/\/conakrynews.org\/index.php\/wp-json\/wp\/v2\/media\/5621"}],"wp:attachment":[{"href":"https:\/\/conakrynews.org\/index.php\/wp-json\/wp\/v2\/media?parent=5620"}],"wp:term":[{"taxonomy":"category","embeddable":true,"href":"https:\/\/conakrynews.org\/index.php\/wp-json\/wp\/v2\/categories?post=5620"},{"taxonomy":"post_tag","embeddable":true,"href":"https:\/\/conakrynews.org\/index.php\/wp-json\/wp\/v2\/tags?post=5620"}],"curies":[{"name":"wp","href":"https:\/\/api.w.org\/{rel}","templated":true}]}}