{"id":5728,"date":"2020-10-07T23:56:15","date_gmt":"2020-10-07T21:56:15","guid":{"rendered":"https:\/\/conakrynews.org\/?p=5728"},"modified":"2020-10-08T00:20:13","modified_gmt":"2020-10-07T22:20:13","slug":"dr-ousmane-kaba-recadre-alpha-conde-apres-propos-controverses-dix-10-ans-na-rien-cest-minteresse","status":"publish","type":"post","link":"https:\/\/conakrynews.org\/index.php\/dr-ousmane-kaba-recadre-alpha-conde-apres-propos-controverses-dix-10-ans-na-rien-cest-minteresse\/","title":{"rendered":"Dr Ousmane Kaba, recadre Alpha Cond\u00e9 apr\u00e8s ses Propos \u00ab controvers\u00e9s \u00bb : \u00ab En dix (10) ans, il n\u2019a rien fait, c\u2019est ce qui m\u2019int\u00e9resse\u00a0\u2026 \u00bb"},"content":{"rendered":"<div class=\"td-post-header\">\n<header class=\"td-post-title\">\n<h1 class=\"entry-title\"><\/h1>\n<div class=\"td-module-meta-info\">\n<div class=\"td-post-author-name\">\n<div class=\"td-author-by\"><img loading=\"lazy\" decoding=\"async\" class=\"alignright size-medium wp-image-5729\" src=\"https:\/\/conakrynews.org\/wp-content\/uploads\/2020\/10\/37065474_497780177345339_4987199089335599104_n-515x322.jpg\" alt=\"\" width=\"515\" height=\"322\" srcset=\"https:\/\/conakrynews.org\/wp-content\/uploads\/2020\/10\/37065474_497780177345339_4987199089335599104_n-515x322.jpg 515w, https:\/\/conakrynews.org\/wp-content\/uploads\/2020\/10\/37065474_497780177345339_4987199089335599104_n-270x170.jpg 270w, https:\/\/conakrynews.org\/wp-content\/uploads\/2020\/10\/37065474_497780177345339_4987199089335599104_n-130x80.jpg 130w, https:\/\/conakrynews.org\/wp-content\/uploads\/2020\/10\/37065474_497780177345339_4987199089335599104_n.jpg 710w\" sizes=\"auto, (max-width: 515px) 100vw, 515px\" \/><\/div>\n<p>&nbsp;<\/p>\n<\/div>\n<\/div>\n<\/header>\n<\/div>\n<div class=\"td-post-sharing td-post-sharing-top \">\n<div class=\"td-default-sharing\"><i class=\"td-icon-facebook\"><\/i>\u00a0<i class=\"td-icon-twitter\"><\/i>\u00a0<i class=\"td-icon-googleplus\"><\/i>\u00a0<i class=\"td-icon-pinterest\"><\/i>\u00a0<i class=\"td-icon-whatsapp\"><\/i><\/div>\n<\/div>\n<div class=\"td-post-content\">\n<div class=\"td-post-featured-image\"><a class=\"td-modal-image\" href=\"https:\/\/liberationinfo.com\/wp-content\/uploads\/2020\/09\/37065474_497780177345339_4987199089335599104_n.jpg\"><img loading=\"lazy\" decoding=\"async\" class=\"entry-thumb td-animation-stack-type0-2\" title=\"37065474_497780177345339_4987199089335599104_n\" src=\"https:\/\/liberationinfo.com\/wp-content\/uploads\/2020\/09\/37065474_497780177345339_4987199089335599104_n-696x435.jpg\" alt=\"\" width=\"696\" height=\"435\" \/><\/a><\/div>\n<p>Probablement, c\u2019est l\u2019\u00e9lection la plus importante depuis l\u2019av\u00e8nement\u00a0 de la d\u00e9mocratie en R\u00e9publique de Guin\u00e9e.Quelques heures seulement apr\u00e8s l\u2019annonce officielle de l\u2019ouverture de la campagne par le pr\u00e9sident Alpha Cond\u00e9, les\u00a0 candidats en lice se sont jett\u00e9s dans la bataille presidentielle du 18 octobre prochain. R\u00e9put\u00e9 par ses discours controvers\u00e9s et ses attaques au vitriol contre ses principaux opposants, Alpha Cond\u00e9 candidat \u00e0 sa propre succession, s\u2019est encore illustr\u00e9 dans son style propre \u00e0 lui; \u00ab\u00a0<em>Tout malink\u00e9 qui votera pour un autre candidat malink\u00e9, aurait vot\u00e9 tout simplement pour Cellou Dalein Diallo\u00a0<\/em>\u00bb. Des propos tenus en visioconf\u00e9rence, ce samedi 19 septembre 2020, avec les militants et sympathisants du RPG Arc-en-ciel, en direct de Kankan pour le lancement officiel de la campagne de l\u2019\u00e9lection pr\u00e9sidentielle du 18 octobre prochain.<\/p>\n<p>Une communication qui a cr\u00e9e, une vague d\u2019indignation et de critiques \u00e0 l\u2019endroit du chef d\u2019\u00e9tat guin\u00e9en, qualifi\u00e9e qualifi\u00e9e de \u00abmaladroite et d\u2019ethno-strat\u00e9gique \u00bb,par la classe politique et certains leaders de la soci\u00e9t\u00e9 civile. Le pr\u00e9sident du PADES, Dr Ousmane Kaba, l\u2019ancien du RPG-ARC-EN-CIEL et candidat \u00e0 l\u2019\u00e9lection pr\u00e9sidentielle du 18 octobre, monte au cr\u00e9neau pour fustiger les propos du pr\u00e9sident de la R\u00e9publique, et fils de la localit\u00e9.<\/p>\n<div class=\"google-auto-placed ap_container\"><\/div>\n<p><strong>\u00a0<\/strong>\u00ab\u00a0<em>(\u2026) Je n\u2019ai pas \u00e0 lui r\u00e9pondre. Il est libre de raconter ce qu\u2019il veut. C\u2019est simplement un aveu de faiblesse, parce que au lieu de parler des tares de sa gouvernance, il pr\u00e9f\u00e8re plut\u00f4t mettre les gens dos \u00e0 dos dans un m\u00eame pays. Il n\u2019a qu\u2019\u00e0 nous montrer des Kilom\u00e8tres de routes qu\u2019il a faite. Ce qu\u2019on lui demande, ce n\u2019est pas de jouer entre les ethnies en Guin\u00e9e, c\u2019est de faire des routes et \u00e9lectrifier le pays. En dix (10) ans il n\u2019a rien fait, c\u2019est ce qui m\u2019int\u00e9resse\u00a0<\/em>\u00bb, a comment\u00e9 le pr\u00e9sident du PADES.<\/p>\n<p>Avant de r\u00e9agir aux conditions de vie pr\u00e9caire de ses concitoyens. \u00ab\u00a0<em>Si les gens de Kankan sont r\u00e9volt\u00e9s, ce n\u2019est pas pour une question d\u2019ethnie, il n\u2019a qu\u2019\u00e0 leur donner de l\u2019\u00e9lectricit\u00e9 (\u2026) Depuis dix (10) ans il est l\u00e0 pour \u00e7a, il n\u2019a pas pu donner du courant alors qu\u2019il arr\u00eate. Ce n\u2019est pas le r\u00f4le d\u2019un chef d\u2019Etat de mettre le feu dans son pays\u00a0<\/em>\u00bb, a d\u00e9plor\u00e9, l\u2019ancien ministre de l\u2019\u00e9conomie.<\/p>\n<p>Mohamed Camara<\/p>\n<p>&nbsp;<\/p>\n<\/div>\n","protected":false},"excerpt":{"rendered":"<p>&nbsp; \u00a0\u00a0\u00a0\u00a0 Probablement, c\u2019est l\u2019\u00e9lection la plus importante depuis l\u2019av\u00e8nement\u00a0 de la d\u00e9mocratie en R\u00e9publique de Guin\u00e9e.Quelques heures seulement apr\u00e8s l\u2019annonce officielle de l\u2019ouverture de la campagne par le pr\u00e9sident Alpha Cond\u00e9, les\u00a0 candidats en lice se sont jett\u00e9s dans la bataille presidentielle du 18 octobre prochain. R\u00e9put\u00e9 par ses discours controvers\u00e9s et ses attaques [&hellip;]<\/p>\n","protected":false},"author":2,"featured_media":5729,"comment_status":"open","ping_status":"open","sticky":false,"template":"","format":"standard","meta":{"footnotes":""},"categories":[57],"tags":[],"class_list":{"0":"post-5728","1":"post","2":"type-post","3":"status-publish","4":"format-standard","5":"has-post-thumbnail","7":"category-politique"},"_links":{"self":[{"href":"https:\/\/conakrynews.org\/index.php\/wp-json\/wp\/v2\/posts\/5728","targetHints":{"allow":["GET"]}}],"collection":[{"href":"https:\/\/conakrynews.org\/index.php\/wp-json\/wp\/v2\/posts"}],"about":[{"href":"https:\/\/conakrynews.org\/index.php\/wp-json\/wp\/v2\/types\/post"}],"author":[{"embeddable":true,"href":"https:\/\/conakrynews.org\/index.php\/wp-json\/wp\/v2\/users\/2"}],"replies":[{"embeddable":true,"href":"https:\/\/conakrynews.org\/index.php\/wp-json\/wp\/v2\/comments?post=5728"}],"version-history":[{"count":0,"href":"https:\/\/conakrynews.org\/index.php\/wp-json\/wp\/v2\/posts\/5728\/revisions"}],"wp:featuredmedia":[{"embeddable":true,"href":"https:\/\/conakrynews.org\/index.php\/wp-json\/wp\/v2\/media\/5729"}],"wp:attachment":[{"href":"https:\/\/conakrynews.org\/index.php\/wp-json\/wp\/v2\/media?parent=5728"}],"wp:term":[{"taxonomy":"category","embeddable":true,"href":"https:\/\/conakrynews.org\/index.php\/wp-json\/wp\/v2\/categories?post=5728"},{"taxonomy":"post_tag","embeddable":true,"href":"https:\/\/conakrynews.org\/index.php\/wp-json\/wp\/v2\/tags?post=5728"}],"curies":[{"name":"wp","href":"https:\/\/api.w.org\/{rel}","templated":true}]}}