{"id":5837,"date":"2020-10-11T22:24:43","date_gmt":"2020-10-11T20:24:43","guid":{"rendered":"https:\/\/conakrynews.org\/?p=5837"},"modified":"2020-10-11T22:24:43","modified_gmt":"2020-10-11T20:24:43","slug":"kolaboui-letat-offre-plus-de-60-poteaux-electriques-lelectrification-de-localite","status":"publish","type":"post","link":"https:\/\/conakrynews.org\/index.php\/kolaboui-letat-offre-plus-de-60-poteaux-electriques-lelectrification-de-localite\/","title":{"rendered":"Kolaboui : l\u2019\u00c9tat offre plus de 60 poteaux \u00e9lectriques pour l\u2019\u00e9lectrification de la localit\u00e9"},"content":{"rendered":"<div class=\"td-post-header td-pb-padding-side\">\n<header>\n<div class=\"meta-info\">\n<div class=\"td-post-author-name\">\n<div class=\"td-author-by\"><img loading=\"lazy\" decoding=\"async\" class=\"alignright size-medium wp-image-5838\" src=\"https:\/\/conakrynews.org\/wp-content\/uploads\/2020\/10\/received_971367510023597-681x511-500x375.jpeg\" alt=\"\" width=\"500\" height=\"375\" srcset=\"https:\/\/conakrynews.org\/wp-content\/uploads\/2020\/10\/received_971367510023597-681x511-500x375.jpeg 500w, https:\/\/conakrynews.org\/wp-content\/uploads\/2020\/10\/received_971367510023597-681x511.jpeg 681w\" sizes=\"auto, (max-width: 500px) 100vw, 500px\" \/><\/div>\n<div class=\"td-author-line\"><\/div>\n<\/div>\n<div class=\"td-post-views\"><\/div>\n<\/div>\n<\/header>\n<\/div>\n<p><!--more--><\/p>\n<div class=\"td-post-sharing-top td-pb-padding-side\"><\/div>\n<div class=\"td-post-content td-pb-padding-side\">\n<div class=\"td-post-featured-image\"><a class=\"td-modal-image\" href=\"https:\/\/www.guineemining.info\/wp-content\/uploads\/2020\/10\/received_971367510023597.jpeg\"><img loading=\"lazy\" decoding=\"async\" class=\"entry-thumb td-animation-stack-type0-2\" title=\"received_971367510023597\" src=\"https:\/\/www.guineemining.info\/wp-content\/uploads\/2020\/10\/received_971367510023597-640x480.jpeg\" alt=\"\" width=\"640\" height=\"480\" \/><\/a><\/div>\n<p>&nbsp;<\/p>\n<p>72 heures apr\u00e8s les manifestations contre le manque d\u2019\u00e9lectricit\u00e9, l\u2019\u00c9tat guin\u00e9en \u00e0 travers l\u2019Agence Nationale d\u2019Amenagement des Infrastructures Mini\u00e8res (ANAIM) a offert, ce samedi 10 ctobre 2020, les poteaux \u00e9lectriques au nombre de 72, pour am\u00e9liorer l\u2019\u00e9lectrification de Kolaboui.<\/p>\n<div class=\"td-a-rec td-a-rec-id-content_inline  td_uid_10_5f8368a0d5e13_rand td_block_template_1\"><\/div>\n<p><img loading=\"lazy\" decoding=\"async\" class=\"alignnone size-medium wp-image-2113 td-animation-stack-type0-2\" src=\"https:\/\/www.guineemining.info\/wp-content\/uploads\/2020\/10\/received_333503207959206-300x225.jpeg\" alt=\"\" width=\"300\" height=\"225\" \/><\/p>\n<p>Ces mat\u00e9riels ont y livr\u00e9s, dans l\u2019apr\u00e8s midi aux autorit\u00e9s administratives de Kolaboui par le groupe Marinex, partenaire de l\u2019ANAIM,en charge d\u2019assurer la desserte de l\u2019\u00e9lectricit\u00e9 dans cette sous-pr\u00e9fecture.<br \/>\nLa c\u00e9r\u00e9monie de remise s\u2019est d\u00e9roul\u00e9e \u00e0 la pr\u00e9sence du Ministre de la communication, Amara SOMPARE ainsi que devant les responsables des partenaires directement impliqu\u00e9s dans cette situation.<\/p>\n<p><img loading=\"lazy\" decoding=\"async\" class=\"alignnone size-medium wp-image-2109 td-animation-stack-type0-2\" src=\"https:\/\/www.guineemining.info\/wp-content\/uploads\/2020\/10\/FB_IMG_1602184387465-300x225.jpg\" alt=\"\" width=\"300\" height=\"225\" \/><\/p>\n<p>Prenant la parole, le Ministre Amara SOMPARE,en tant que natif de Kakand\u00e9, s\u2019est r\u00e9joui de l\u2019arriv\u00e9e de ces poteaux \u00e0 Kolaboui et il a exhort\u00e9 les citoyens b\u00e9n\u00e9ficiaires de ces mat\u00e9riels au calme. Pour lui, la violence n\u2019est pas la solution pour r\u00e9soudre la probl\u00e9matique d\u2019\u00e9lectricit\u00e9 \u00e0 Kolaboui.<br \/>\n&lt;&lt;Comme promis le dimanche dernier lors de mon entretien avec la jeunesse et la notabilit\u00e9 de Kolaboui, les premiers poteaux sont l\u00e0. Et des efforts continuent pour am\u00e9liorer la d\u00e9serte en \u00e9lectricit\u00e9 non seulement \u00e0. Kolaboui centre mais, aussi bient\u00f4t dans les districts environnants.<\/p>\n<p><img loading=\"lazy\" decoding=\"async\" class=\"alignnone size-medium wp-image-2116 td-animation-stack-type0-2\" src=\"https:\/\/www.guineemining.info\/wp-content\/uploads\/2020\/10\/received_699159940948738-300x225.jpeg\" alt=\"\" width=\"300\" height=\"225\" \/><\/p>\n<p>Donc tout ce que je peux demander \u00e0 la population de Kolaboui, c\u2019est de rester serein. Parce que la violence ne peut pas r\u00e9soudre les probl\u00e8mes&gt;&gt; a d\u00e9clar\u00e9 le Ministre SOMPARE avant d\u2019ajouter qu\u2019il s\u2019engage personnellement \u00e0 \u0153uvrer aupr\u00e8s du gouvernement pour faciliter la r\u00e9solution des probl\u00e8mes qui assaillent les habitants de Kolaboui.<\/p>\n<p><img loading=\"lazy\" decoding=\"async\" class=\"alignnone size-medium wp-image-2108 td-animation-stack-type0-2\" src=\"https:\/\/www.guineemining.info\/wp-content\/uploads\/2020\/10\/FB_IMG_1602184399975-300x225.jpg\" alt=\"\" width=\"300\" height=\"225\" \/><\/p>\n<p>En saluant aussi l\u2019arriv\u00e9e de ces poteaux, le coordonnateur adjoint de l\u2019 ANIM \u00e0 Kamsar, Moussa CAMARA a rappel\u00e9 les charges que ladite agence supporte depuis tr\u00e8s longtemps pour lutter contre l\u2019obscurit\u00e9 \u00e0 Kolaboui.<br \/>\n&lt;&lt;Depuis 2017, l\u2019ANAIM assure l\u2019\u00e9lectrification de Kolaboui en Guin\u00e9e en fournissant le carburant et la gestion de la centrale \u00e0 travers l\u2019op\u00e9rateur partenaire le groupe Marinex&gt;&gt; a-t-il indiqu\u00e9<\/p>\n<p>&nbsp;<\/p>\n<p>Concernant la perturbation dans les derni\u00e8res semaines de la desserte en \u00e9lectricit\u00e9 \u00e0 Kolaboui, le coordinateur adjoint de l\u2019ANAIM \u00e0 Kamsar a d\u00e9fendu que :&lt;&lt; cela est d\u00fb aux travaux d\u2019extension du r\u00e9seau de distribution qui demandent du temps. Et les poteaux \u00e9lectriques promis par l\u2019ANAIM qui commence \u00e0 venir font partir de ce programme&gt;&gt;<\/p>\n<p>Quant au coordinateur de la centrale de Kolaboui et collaborateur direct de Marinex, Ibrahima sory CAMARA a propos\u00e9 une solution durable \u00e0 l\u2019\u00c9tat pour finir avec la crise d\u2019\u00e9lectricit\u00e9 dans cette zone strat\u00e9gique des entreprises mini\u00e8res.<br \/>\n&lt;&lt; Pour finir avec le d\u00e9ficit d\u2019\u00e9lectricit\u00e9 \u00e0 Kolaboui, l\u2019\u00c9tat doit envoyer un groupe compl\u00e9mentaire de 1500 KVA et faire la r\u00e9habilitation du r\u00e9seau de distribution&gt;&gt; a-t-il expliqu\u00e9<\/p>\n<p>&nbsp;<\/p>\n<p>En s\u2019engageant \u00e0 mettre en \u0153uvre la politique \u00e9nerg\u00e9tique du gouvernement du pr\u00e9sident de la R\u00e9publique professeur Alpha COND\u00c9, le PDG du groupe Marinex, Ousmane SAMPIL a rassur\u00e9 qu\u2019il fera tout pour r\u00e9pondre aux attentes de Kolaboui en mati\u00e8re d\u2019\u00e9lectricit\u00e9 que l\u2019ANAIM lui a confi\u00e9.<br \/>\n&lt;&lt;Je rassure mes fr\u00e8res et s\u0153urs de Kolaboui de mon engagement \u00e0 leur fournir du courant \u00e9lectrique de qualit\u00e9 au terme des travaux en cours pour am\u00e9liorer la desserte en \u00e9lectricit\u00e9 dans la localit\u00e9&gt;&gt; a exprim\u00e9 Monsieur SAMPIL<\/p>\n<p><img loading=\"lazy\" decoding=\"async\" class=\"alignnone size-medium wp-image-2112 td-animation-stack-type0-2\" src=\"https:\/\/www.guineemining.info\/wp-content\/uploads\/2020\/10\/received_971367510023597-300x225.jpeg\" alt=\"\" width=\"300\" height=\"225\" \/><\/p>\n<p>Par ailleurs, il a promis de mettre en place, une commission de r\u00e9flexion et de suivi des probl\u00e8mes des communaut\u00e9s de Kolaboui li\u00e9s \u00e0 l\u2019\u00e9lectricit\u00e9&gt;&gt; a exprim\u00e9 Monsieur SAMPIL .<\/p>\n<p>Il a tout de m\u00eame remercier la direction g\u00e9n\u00e9rale de l\u2019ANAIM de l\u2019avoir plac\u00e9 la confiance en sa modeste personne et a promis d\u2019honneur les engagements qui le lient avec cette agence dans l\u2019\u00e9lectrification de Kolaboui.<\/p>\n<p>&nbsp;<\/p>\n<p>\u00c0 rappeler que le nombre total de poteaux \u00e9lectriques dans les besoins de kolaboui s\u2019\u00e9l\u00e8ve \u00e0 plus de 70.<\/p>\n<p>Guin\u00e9emining.info<\/p>\n<\/div>\n<footer>\n<div class=\"td-post-source-tags td-pb-padding-side\"><\/div>\n<div class=\"td-post-sharing-bottom td-pb-padding-side\"><\/div>\n<\/footer>\n","protected":false},"excerpt":{"rendered":"&nbsp; 72 heures apr\u00e8s les manifestations contre le manque d\u2019\u00e9lectricit\u00e9, l\u2019\u00c9tat guin\u00e9en \u00e0 travers l\u2019Agence Nationale d\u2019Amenagement des Infrastructures Mini\u00e8res (ANAIM) a offert, ce samedi 10 ctobre 2020, les poteaux \u00e9lectriques au nombre de 72, pour am\u00e9liorer l\u2019\u00e9lectrification de Kolaboui. Ces mat\u00e9riels ont y livr\u00e9s, dans l\u2019apr\u00e8s midi aux autorit\u00e9s administratives de Kolaboui par le [...]","protected":false},"author":2,"featured_media":5838,"comment_status":"open","ping_status":"open","sticky":false,"template":"","format":"standard","meta":{"footnotes":""},"categories":[58],"tags":[],"class_list":{"0":"post-5837","1":"post","2":"type-post","3":"status-publish","4":"format-standard","5":"has-post-thumbnail","7":"category-societe"},"_links":{"self":[{"href":"https:\/\/conakrynews.org\/index.php\/wp-json\/wp\/v2\/posts\/5837","targetHints":{"allow":["GET"]}}],"collection":[{"href":"https:\/\/conakrynews.org\/index.php\/wp-json\/wp\/v2\/posts"}],"about":[{"href":"https:\/\/conakrynews.org\/index.php\/wp-json\/wp\/v2\/types\/post"}],"author":[{"embeddable":true,"href":"https:\/\/conakrynews.org\/index.php\/wp-json\/wp\/v2\/users\/2"}],"replies":[{"embeddable":true,"href":"https:\/\/conakrynews.org\/index.php\/wp-json\/wp\/v2\/comments?post=5837"}],"version-history":[{"count":0,"href":"https:\/\/conakrynews.org\/index.php\/wp-json\/wp\/v2\/posts\/5837\/revisions"}],"wp:featuredmedia":[{"embeddable":true,"href":"https:\/\/conakrynews.org\/index.php\/wp-json\/wp\/v2\/media\/5838"}],"wp:attachment":[{"href":"https:\/\/conakrynews.org\/index.php\/wp-json\/wp\/v2\/media?parent=5837"}],"wp:term":[{"taxonomy":"category","embeddable":true,"href":"https:\/\/conakrynews.org\/index.php\/wp-json\/wp\/v2\/categories?post=5837"},{"taxonomy":"post_tag","embeddable":true,"href":"https:\/\/conakrynews.org\/index.php\/wp-json\/wp\/v2\/tags?post=5837"}],"curies":[{"name":"wp","href":"https:\/\/api.w.org\/{rel}","templated":true}]}}