{"id":5915,"date":"2020-10-21T12:19:40","date_gmt":"2020-10-21T10:19:40","guid":{"rendered":"https:\/\/conakrynews.org\/?p=5915"},"modified":"2020-10-21T13:00:45","modified_gmt":"2020-10-21T11:00:45","slug":"presidentielle-2020-mission-conjointe-de-cedeao-se-prononce","status":"publish","type":"post","link":"https:\/\/conakrynews.org\/index.php\/presidentielle-2020-mission-conjointe-de-cedeao-se-prononce\/","title":{"rendered":"Pr\u00e9sidentielle 2020: La mission Conjointe de la CEDEAO se prononce"},"content":{"rendered":"<div class=\"span8\">\n<div class=\"row\">\n<div class=\"span8 post-img\"><a title=\"Pr\u00e9sidentielle en Guin\u00e9e\u00a0: la CEDEAO et l\u2019Union Africaine regrettent l\u2019auto-proclamation de Cellou Dalein\u2026\" href=\"https:\/\/flammeguinee.com\/wp-content\/uploads\/2018\/09\/cedeao.jpg\" rel=\"prettyPhoto\"><img decoding=\"async\" class=\"images-load\" src=\"https:\/\/flammeguinee.com\/wp-content\/uploads\/2018\/09\/cedeao.jpg\" \/><\/a><\/div>\n<\/div>\n<\/div>\n<div class=\"span8 entry-info\"><i class=\"fa fa-calendar\"><\/i>\u00a0<img loading=\"lazy\" decoding=\"async\" class=\"alignright size-medium wp-image-5916\" src=\"https:\/\/conakrynews.org\/wp-content\/uploads\/2020\/10\/IMG_20201020_122548_2-375x375.jpg\" alt=\"\" width=\"375\" height=\"375\" srcset=\"https:\/\/conakrynews.org\/wp-content\/uploads\/2020\/10\/IMG_20201020_122548_2-375x375.jpg 375w, https:\/\/conakrynews.org\/wp-content\/uploads\/2020\/10\/IMG_20201020_122548_2-70x70.jpg 70w, https:\/\/conakrynews.org\/wp-content\/uploads\/2020\/10\/IMG_20201020_122548_2-768x768.jpg 768w\" sizes=\"auto, (max-width: 375px) 100vw, 375px\" \/><img loading=\"lazy\" decoding=\"async\" class=\"alignright size-medium wp-image-5917\" src=\"https:\/\/conakrynews.org\/wp-content\/uploads\/2020\/10\/IMG_20201020_122033_6-375x375.jpg\" alt=\"\" width=\"375\" height=\"375\" srcset=\"https:\/\/conakrynews.org\/wp-content\/uploads\/2020\/10\/IMG_20201020_122033_6-375x375.jpg 375w, https:\/\/conakrynews.org\/wp-content\/uploads\/2020\/10\/IMG_20201020_122033_6-70x70.jpg 70w, https:\/\/conakrynews.org\/wp-content\/uploads\/2020\/10\/IMG_20201020_122033_6-768x768.jpg 768w\" sizes=\"auto, (max-width: 375px) 100vw, 375px\" \/><\/div>\n<div class=\"span8\">\n<header class=\"entry-header\">\n<h1 class=\"post-title entry-title\"><\/h1>\n<\/header>\n<div class=\"entry-content\">\n<aside class=\"mashsb-container mashsb-main mashsb-stretched\">\n<div class=\"mashsb-box\"><\/div>\n<div><\/div>\n<\/aside>\n<p>Ce mardi,20 Octobre 2020 \u00e0 Conakry,les responsables de la mission de la CEDEAO,ont tenu\u00a0 une d\u00e9claration conjointe par rapport \u00e0 la situation sociopolitique de la Guin\u00e9e. C&rsquo;est\u00a0 le commissaire aux affaires politiques, paix et s\u00e9curit\u00e9 de l\u2019institution Ouest africaine, G\u00e9n\u00e9ral Francis B\u00e9hanzin\u00a0 qui a\u00a0 livr\u00e9\u00a0 le\u00a0 contenu de la\u00a0 ladite declaration.<\/p>\n<p>Sur l&rsquo;auto-proclamation du president de\u00a0 l&rsquo;UFDG, Cellou Dalein Diallo, l&rsquo;\u00e9missaire de la CEDEAO,\u00a0 a d\u00e9clar\u00e9 :\u2039\u2039c\u2019est regrettable que cela arrive sur le territoire du tr\u00e8s c\u00e9l\u00e8bre r\u00e9sistant aux blancs,\u00a0 lors de la p\u00e9n\u00e9tration coloniale en Afrique, Almamy Samory Tour\u00e9.<em>C\u2019est bien dommage que cela arrive sous le toit guin\u00e9en, sous le toit d\u2019un peuple fier, sur le territoire d\u2019un peuple digne et sur le territoire d\u2019Almamy Samory Tour\u00e9. Vous avez entendu un communiqu\u00e9 des Nations Unies, de l\u2019Union Africaine et de la CEDEAO sur la question. Si nous voulons b\u00e2tir le pays, nous devons \u00e9viter le d\u00e9sastre et le chaos. Parce que c\u2019est Dieu qui donne le pouvoir. Je n\u2019en dirai pas plus \u00bb<\/em>, a t-il d\u00e9clar\u00e9.<\/p>\n<p>Avant de\u00a0 pr\u00e9ciser\u00a0 aux candidats en lice que les voies de recours existent pour\u00a0 que chacun soit retabli dans ses droits.<\/p>\n<p>Sylla Ibrahima Kalil pour www.conakrynews.org 625444534<\/p>\n<\/div>\n<\/div>\n","protected":false},"excerpt":{"rendered":"<p>\u00a0 Ce mardi,20 Octobre 2020 \u00e0 Conakry,les responsables de la mission de la CEDEAO,ont tenu\u00a0 une d\u00e9claration conjointe par rapport \u00e0 la situation sociopolitique de la Guin\u00e9e. C&rsquo;est\u00a0 le commissaire aux affaires politiques, paix et s\u00e9curit\u00e9 de l\u2019institution Ouest africaine, G\u00e9n\u00e9ral Francis B\u00e9hanzin\u00a0 qui a\u00a0 livr\u00e9\u00a0 le\u00a0 contenu de la\u00a0 ladite declaration. Sur l&rsquo;auto-proclamation du [&hellip;]<\/p>\n","protected":false},"author":2,"featured_media":5916,"comment_status":"open","ping_status":"open","sticky":false,"template":"","format":"standard","meta":{"footnotes":""},"categories":[57],"tags":[],"class_list":{"0":"post-5915","1":"post","2":"type-post","3":"status-publish","4":"format-standard","5":"has-post-thumbnail","7":"category-politique"},"_links":{"self":[{"href":"https:\/\/conakrynews.org\/index.php\/wp-json\/wp\/v2\/posts\/5915","targetHints":{"allow":["GET"]}}],"collection":[{"href":"https:\/\/conakrynews.org\/index.php\/wp-json\/wp\/v2\/posts"}],"about":[{"href":"https:\/\/conakrynews.org\/index.php\/wp-json\/wp\/v2\/types\/post"}],"author":[{"embeddable":true,"href":"https:\/\/conakrynews.org\/index.php\/wp-json\/wp\/v2\/users\/2"}],"replies":[{"embeddable":true,"href":"https:\/\/conakrynews.org\/index.php\/wp-json\/wp\/v2\/comments?post=5915"}],"version-history":[{"count":0,"href":"https:\/\/conakrynews.org\/index.php\/wp-json\/wp\/v2\/posts\/5915\/revisions"}],"wp:featuredmedia":[{"embeddable":true,"href":"https:\/\/conakrynews.org\/index.php\/wp-json\/wp\/v2\/media\/5916"}],"wp:attachment":[{"href":"https:\/\/conakrynews.org\/index.php\/wp-json\/wp\/v2\/media?parent=5915"}],"wp:term":[{"taxonomy":"category","embeddable":true,"href":"https:\/\/conakrynews.org\/index.php\/wp-json\/wp\/v2\/categories?post=5915"},{"taxonomy":"post_tag","embeddable":true,"href":"https:\/\/conakrynews.org\/index.php\/wp-json\/wp\/v2\/tags?post=5915"}],"curies":[{"name":"wp","href":"https:\/\/api.w.org\/{rel}","templated":true}]}}