{"id":5983,"date":"2020-11-02T13:35:06","date_gmt":"2020-11-02T12:35:06","guid":{"rendered":"https:\/\/conakrynews.org\/?p=5983"},"modified":"2020-11-03T07:30:47","modified_gmt":"2020-11-03T06:30:47","slug":"conakry-lancement-concours-dentree-institutions-denseignement-technique-professionnelle","status":"publish","type":"post","link":"https:\/\/conakrynews.org\/index.php\/conakry-lancement-concours-dentree-institutions-denseignement-technique-professionnelle\/","title":{"rendered":"Conakry: Lancement du Concours d&rsquo;entr\u00e9e dans les Institutions d&rsquo;Enseignement Technique et Professionnelle"},"content":{"rendered":"<p><img loading=\"lazy\" decoding=\"async\" class=\"alignright size-medium wp-image-5997\" src=\"https:\/\/conakrynews.org\/wp-content\/uploads\/2020\/11\/IMG_20201102_083230_2-1.jpg\" alt=\"\" width=\"1\" height=\"1\" \/><img loading=\"lazy\" decoding=\"async\" class=\"alignright size-medium wp-image-5996\" src=\"https:\/\/conakrynews.org\/wp-content\/uploads\/2020\/11\/IMG_20201102_083004_5-375x375.jpg\" alt=\"\" width=\"375\" height=\"375\" srcset=\"https:\/\/conakrynews.org\/wp-content\/uploads\/2020\/11\/IMG_20201102_083004_5-375x375.jpg 375w, https:\/\/conakrynews.org\/wp-content\/uploads\/2020\/11\/IMG_20201102_083004_5-70x70.jpg 70w, https:\/\/conakrynews.org\/wp-content\/uploads\/2020\/11\/IMG_20201102_083004_5-768x768.jpg 768w\" sizes=\"auto, (max-width: 375px) 100vw, 375px\" \/><img loading=\"lazy\" decoding=\"async\" class=\"alignright size-medium wp-image-5992\" src=\"https:\/\/conakrynews.org\/wp-content\/uploads\/2020\/11\/IMG_20201102_083230_2-375x375.jpg\" alt=\"\" width=\"375\" height=\"375\" srcset=\"https:\/\/conakrynews.org\/wp-content\/uploads\/2020\/11\/IMG_20201102_083230_2-375x375.jpg 375w, https:\/\/conakrynews.org\/wp-content\/uploads\/2020\/11\/IMG_20201102_083230_2-70x70.jpg 70w, https:\/\/conakrynews.org\/wp-content\/uploads\/2020\/11\/IMG_20201102_083230_2-768x768.jpg 768w\" sizes=\"auto, (max-width: 375px) 100vw, 375px\" \/><img loading=\"lazy\" decoding=\"async\" class=\"alignright size-medium wp-image-5986\" src=\"https:\/\/conakrynews.org\/wp-content\/uploads\/2020\/11\/IMG_20201102_083259_5-375x375.jpg\" alt=\"\" width=\"375\" height=\"375\" srcset=\"https:\/\/conakrynews.org\/wp-content\/uploads\/2020\/11\/IMG_20201102_083259_5-375x375.jpg 375w, https:\/\/conakrynews.org\/wp-content\/uploads\/2020\/11\/IMG_20201102_083259_5-70x70.jpg 70w, https:\/\/conakrynews.org\/wp-content\/uploads\/2020\/11\/IMG_20201102_083259_5-768x768.jpg 768w\" sizes=\"auto, (max-width: 375px) 100vw, 375px\" \/>Ce Lundi,02 Novembre 2020,les responsables du minist\u00e8re de l&rsquo;Enseignement TEchnique,de la Formation professionnelle et de l&rsquo;Emploi\u00a0 ont proc\u00e9d\u00e9 au lancement officiel du concours d&rsquo;entr\u00e9e dans les institutions d&rsquo;enseignement technique et Professionnelle.Le lancement dudit concours\u00a0 s&rsquo;est d\u00e9roul\u00e9 dans l&rsquo;enceinte du\u00a0 Lyc\u00e9e Matam,\u00a0 en pr\u00e9sence du secr\u00e9taire g\u00e9n\u00e9ral du minist\u00e8re de l&rsquo;Enseignement TEchnique de la Formation professionnelle et de l&rsquo;Emploi,du Chef de Cabinet dudit minist\u00e8re ,de l&rsquo;inspectrice r\u00e9gionale de l&rsquo;Enseignement Technique et de Formations professionnelles ainsi que des des responsables du syst\u00e8me \u00e9ducatif du pays.<\/p>\n<p>Pour cette ann\u00e9e, trois \u00c9coles professionnelles sont en lice pour ce concours \u00e0 savoir: ENEPS(Ecole Nationale de l&rsquo;Education physique et du Sport),CEED-Pita(Centre d&rsquo;environnement et de recherche du d\u00e9veloppement),ENATEF(Ecole Nationale de l&rsquo;Environnement et de la for\u00eat).<\/p>\n<p>D&rsquo;entr\u00e9e de jeu,Mme Tour\u00e9 Fatou Sylla, Inspectrice r\u00e9gionale de l&rsquo;Enseignement Technique et de formations professionnelles, a donn\u00e9 des statistiques du concours.\u2039\u2039 Nous avons 5630 candidats\u00a0 au niveau de Conakry.Et 1130 Candidats inscrits\u00a0 de l&rsquo;ENAM\u203a\u203a, a d\u00e9clar\u00e9 l&rsquo;inspectrice r\u00e9gionale de l&rsquo;Enseignement Technique et formations professionnelles.<\/p>\n<p>Parlant de la particularit\u00e9 du concours de cette ann\u00e9e, elle a pr\u00e9cis\u00e9 que ledit concours se tient dans un contexte particulier avec la pr\u00e9sence de la Covid-19.\u2039\u2039Nous avons pris des dispositions par rapport au respect des mesures\u00a0 sanitaires.Parce que tous les candidats ont port\u00e9 des bavettes et\u00a0 respectent strictement\u00a0 tous le syst\u00e8me de lavage\u00a0 des mains\u00a0 \u00a0\u203a\u203a, a indiqu\u00e9 Mme Fatou Sylla, inspectrice r\u00e9gionale de l&rsquo;Enseignement et Formations professionnelles.<\/p>\n<p>Interrog\u00e9,le secr\u00e9taire g\u00e9n\u00e9ral du minist\u00e8re de l&rsquo;Enseignement TEchnique, de la formation professionnelle et de l&rsquo;Emploi, a expliqu\u00e9:\u2039\u2039 La particularit\u00e9 de cette ann\u00e9e,c&rsquo;est la \u2039\u2039tol\u00e9rance z\u00e9ro\u203a\u203a,c&rsquo;est la \u2039\u2039vigilance\u203a\u203a,c&rsquo;est le\u00a0 \u2039\u2039recrutement\u203a\u203a d&rsquo;apprenants soucieux de venir dans nos institutions de se former et de servir l&rsquo;\u00c9tat Guin\u00e9en\u203a\u203a, a-t-il expliqu\u00e9.<\/p>\n<p>Sur le taux de participation du concours,le secr\u00e9taire g\u00e9n\u00e9ral du minist\u00e8re de l&rsquo;Enseignement TEchnique,de la formation professionnelle et de l&rsquo;Emploi,a affirm\u00e9 :\u2039\u2039Le taux de participation du concours de cette ann\u00e9e est tr\u00e8s satisfaisant dans la mesure o\u00f9 nous sommes d\u00e9j\u00e0\u00a0 \u00e0 17000 candidats.Rien\u00a0 que\u00a0 pour l&rsquo;ENAM de Conakry, nous avons plus de 1200 candidats pour le compte\u00a0 du\u00a0 centre de Matam seulement.\u00c7a veut dire que les jeunes gens ont compris combien de fois qu&rsquo;il faut s&rsquo;orienter dans les \u00c9coles professionnelles.Et surtout ce qui est plus impressionnant,c&rsquo;est le fait que les hommes dipl\u00f4mes ;C&rsquo;est \u00e0 dire des licenci\u00e9s soit l&rsquo;enseignement Sup\u00e9rieur ou d&rsquo;autres reviennent dans nos Centres pour se former\u203a\u203a, a -t-il affirm\u00e9..<\/p>\n<p>Et d&rsquo;ajouter :\u2039\u2039Sur plus de 1200 candidats pour l&rsquo;ENAM et le centre de Conakry,nous avons au moins 500 candidats qui sont licenci\u00e9s, \u00e7a nous am\u00e8ne beaucoup\u00a0 aujourd&rsquo;hui \u00e0 r\u00e9fl\u00e9chir\u203a\u203a ajoutera t-il.<\/p>\n<p>Pour mettre un terme \u00e0 ses propos, il\u00a0 a dit:\u2039\u2039 Nous voulons des apprenants dispos\u00e9s et disponibles qui viennent dans l&rsquo;intention de se pr\u00e9parer pas th\u00e9oriquement seulement mais surtout pratiquement.Parce que l&rsquo;enseignement technique est une question de main.Il faut se faire la main,il faut\u00a0 savoir manipuler les outils de travail,il faut savoir aussi fabriquer.Donc,on peut pas se former en enseignement Technique si on vient avec des pr\u00e9tentions \u00e0 ne pas toucher comme ce qui est outils de travail\u203a\u203a,a conclu le secr\u00e9taire g\u00e9n\u00e9ral du minist\u00e8re de l&rsquo;Enseignement Technique,de la formation professionnelle et de l&rsquo;Emploi.<\/p>\n<p>Sylla Ibrahima Kalil pour www.conakrynews625444534<\/p>\n<p>&nbsp;<\/p>\n<p>&nbsp;<\/p>\n","protected":false},"excerpt":{"rendered":"<p>Ce Lundi,02 Novembre 2020,les responsables du minist\u00e8re de l&rsquo;Enseignement TEchnique,de la Formation professionnelle et de l&rsquo;Emploi\u00a0 ont proc\u00e9d\u00e9 au lancement officiel du concours d&rsquo;entr\u00e9e dans les institutions d&rsquo;enseignement technique et Professionnelle.Le lancement dudit concours\u00a0 s&rsquo;est d\u00e9roul\u00e9 dans l&rsquo;enceinte du\u00a0 Lyc\u00e9e Matam,\u00a0 en pr\u00e9sence du secr\u00e9taire g\u00e9n\u00e9ral du minist\u00e8re de l&rsquo;Enseignement TEchnique de la Formation professionnelle [&hellip;]<\/p>\n","protected":false},"author":2,"featured_media":5992,"comment_status":"open","ping_status":"open","sticky":false,"template":"","format":"standard","meta":{"footnotes":""},"categories":[62],"tags":[],"class_list":{"0":"post-5983","1":"post","2":"type-post","3":"status-publish","4":"format-standard","5":"has-post-thumbnail","7":"category-culture"},"_links":{"self":[{"href":"https:\/\/conakrynews.org\/index.php\/wp-json\/wp\/v2\/posts\/5983","targetHints":{"allow":["GET"]}}],"collection":[{"href":"https:\/\/conakrynews.org\/index.php\/wp-json\/wp\/v2\/posts"}],"about":[{"href":"https:\/\/conakrynews.org\/index.php\/wp-json\/wp\/v2\/types\/post"}],"author":[{"embeddable":true,"href":"https:\/\/conakrynews.org\/index.php\/wp-json\/wp\/v2\/users\/2"}],"replies":[{"embeddable":true,"href":"https:\/\/conakrynews.org\/index.php\/wp-json\/wp\/v2\/comments?post=5983"}],"version-history":[{"count":0,"href":"https:\/\/conakrynews.org\/index.php\/wp-json\/wp\/v2\/posts\/5983\/revisions"}],"wp:featuredmedia":[{"embeddable":true,"href":"https:\/\/conakrynews.org\/index.php\/wp-json\/wp\/v2\/media\/5992"}],"wp:attachment":[{"href":"https:\/\/conakrynews.org\/index.php\/wp-json\/wp\/v2\/media?parent=5983"}],"wp:term":[{"taxonomy":"category","embeddable":true,"href":"https:\/\/conakrynews.org\/index.php\/wp-json\/wp\/v2\/categories?post=5983"},{"taxonomy":"post_tag","embeddable":true,"href":"https:\/\/conakrynews.org\/index.php\/wp-json\/wp\/v2\/tags?post=5983"}],"curies":[{"name":"wp","href":"https:\/\/api.w.org\/{rel}","templated":true}]}}