{"id":6021,"date":"2020-11-04T19:16:24","date_gmt":"2020-11-04T18:16:24","guid":{"rendered":"https:\/\/conakrynews.org\/?p=6021"},"modified":"2020-11-04T20:20:32","modified_gmt":"2020-11-04T19:20:32","slug":"ouverture-ecoles-professionnelles-techniques-communique-departement","status":"publish","type":"post","link":"https:\/\/conakrynews.org\/index.php\/ouverture-ecoles-professionnelles-techniques-communique-departement\/","title":{"rendered":"Ouverture des \u00c9coles Professionnelles et Techniques  : Communiqu\u00e9 du d\u00e9partement"},"content":{"rendered":"<p style=\"text-align: center\">Ce mercredi,04 Novembre 2020 \u00e0 Conakry,les autorit\u00e9s du minist\u00e8re de l&rsquo;Enseignement Technique,de la Formation Professionnelle et de l&rsquo;Emploi ont rendu public un communiqu\u00e9 relatif \u00e0 l&rsquo;ouverture des classes des \u00e9coles professionnelles et Techinques(publiques et priv\u00e9es) de la Guin\u00e9e.<\/p>\n<p>Ledit communiqu\u00e9 du d\u00e9partement de l&rsquo;Enseignement Technique informe\u00a0 l&rsquo;ensemble des parents d&rsquo;\u00e9l\u00e8ves ,des apprenants,des amis des \u00e9coles professionnelles et des partenaires, que l&rsquo;ouverture officielle des \u00e9coles pour les classes de 2 \u00e8me\u00a0 et 3\u00e8me\u00a0 Ann\u00e9e\u00a0 au compte de l&rsquo;ann\u00e9e 2020-2021, est pr\u00e9vue pour\u00a0 le lundi ,09 Novembre 2020 sur toute l&rsquo;\u00e9tendue du territoire national.<\/p>\n<p>Le m\u00eame communiqu\u00e9 indique que l&rsquo;ouverture pour\u00a0 des\u00a0 classes de la 1\u00e8re Ann\u00e9e des \u00e9coles professionnelles sera pour le lundi,16 Novembre 2020.<\/p>\n<p>Les responsables du\u00a0 minist\u00e8re de l&rsquo;Enseignement Technique,de la Formation Professionnelle\u00a0 et de l&rsquo;Emploi invitent les parents d&rsquo;\u00e9leves et \u00e9l\u00e8ves,les partenaires et responsables des \u00e9coles priv\u00e9es et publiques professionnelles et Techniques\u00a0 au respect de l&rsquo;application du pr\u00e9sent communiqu\u00e9.<\/p>\n<p>Lisez le contenu du pr\u00e9sent communiqu\u00e9 !<img loading=\"lazy\" decoding=\"async\" class=\"alignright size-full wp-image-6027\" src=\"https:\/\/conakrynews.org\/wp-content\/uploads\/2020\/11\/t\u00e9l\u00e9chargement-6-1.jpeg\" alt=\"\" width=\"256\" height=\"197\" \/><img loading=\"lazy\" decoding=\"async\" class=\"alignright size-medium wp-image-6025\" src=\"https:\/\/conakrynews.org\/wp-content\/uploads\/2020\/11\/received_354251162467948-263x375.jpeg\" alt=\"\" width=\"263\" height=\"375\" srcset=\"https:\/\/conakrynews.org\/wp-content\/uploads\/2020\/11\/received_354251162467948-263x375.jpeg 263w, https:\/\/conakrynews.org\/wp-content\/uploads\/2020\/11\/received_354251162467948-768x1097.jpeg 768w, https:\/\/conakrynews.org\/wp-content\/uploads\/2020\/11\/received_354251162467948.jpeg 1434w\" sizes=\"auto, (max-width: 263px) 100vw, 263px\" \/><\/p>\n<p>&nbsp;<\/p>\n<p>Sylla Ibrahima Kalil pour www Conakry news.org 625444534<\/p>\n","protected":false},"excerpt":{"rendered":"<p>Ce mercredi,04 Novembre 2020 \u00e0 Conakry,les autorit\u00e9s du minist\u00e8re de l&rsquo;Enseignement Technique,de la Formation Professionnelle et de l&rsquo;Emploi ont rendu public un communiqu\u00e9 relatif \u00e0 l&rsquo;ouverture des classes des \u00e9coles professionnelles et Techinques(publiques et priv\u00e9es) de la Guin\u00e9e. Ledit communiqu\u00e9 du d\u00e9partement de l&rsquo;Enseignement Technique informe\u00a0 l&rsquo;ensemble des parents d&rsquo;\u00e9l\u00e8ves ,des apprenants,des amis des \u00e9coles [&hellip;]<\/p>\n","protected":false},"author":2,"featured_media":6027,"comment_status":"open","ping_status":"open","sticky":false,"template":"","format":"standard","meta":{"footnotes":""},"categories":[62],"tags":[],"class_list":{"0":"post-6021","1":"post","2":"type-post","3":"status-publish","4":"format-standard","5":"has-post-thumbnail","7":"category-culture"},"_links":{"self":[{"href":"https:\/\/conakrynews.org\/index.php\/wp-json\/wp\/v2\/posts\/6021","targetHints":{"allow":["GET"]}}],"collection":[{"href":"https:\/\/conakrynews.org\/index.php\/wp-json\/wp\/v2\/posts"}],"about":[{"href":"https:\/\/conakrynews.org\/index.php\/wp-json\/wp\/v2\/types\/post"}],"author":[{"embeddable":true,"href":"https:\/\/conakrynews.org\/index.php\/wp-json\/wp\/v2\/users\/2"}],"replies":[{"embeddable":true,"href":"https:\/\/conakrynews.org\/index.php\/wp-json\/wp\/v2\/comments?post=6021"}],"version-history":[{"count":0,"href":"https:\/\/conakrynews.org\/index.php\/wp-json\/wp\/v2\/posts\/6021\/revisions"}],"wp:featuredmedia":[{"embeddable":true,"href":"https:\/\/conakrynews.org\/index.php\/wp-json\/wp\/v2\/media\/6027"}],"wp:attachment":[{"href":"https:\/\/conakrynews.org\/index.php\/wp-json\/wp\/v2\/media?parent=6021"}],"wp:term":[{"taxonomy":"category","embeddable":true,"href":"https:\/\/conakrynews.org\/index.php\/wp-json\/wp\/v2\/categories?post=6021"},{"taxonomy":"post_tag","embeddable":true,"href":"https:\/\/conakrynews.org\/index.php\/wp-json\/wp\/v2\/tags?post=6021"}],"curies":[{"name":"wp","href":"https:\/\/api.w.org\/{rel}","templated":true}]}}