{"id":6104,"date":"2020-11-15T15:50:46","date_gmt":"2020-11-15T14:50:46","guid":{"rendered":"https:\/\/conakrynews.org\/?p=6104"},"modified":"2020-11-15T21:26:30","modified_gmt":"2020-11-15T20:26:30","slug":"celebration-de-journee-mondiale-recyclage-fegedeg-cnp-guinee-organisent-conference-de-presse","status":"publish","type":"post","link":"https:\/\/conakrynews.org\/index.php\/celebration-de-journee-mondiale-recyclage-fegedeg-cnp-guinee-organisent-conference-de-presse\/","title":{"rendered":"C\u00e9l\u00e9bration de la journ\u00e9e mondiale du recyclage :La FEGEDEG et le CNP-Guin\u00e9e   sur les probl\u00e9matiques de la Gestion des d\u00e9chets en Guin\u00e9e"},"content":{"rendered":"<p><img loading=\"lazy\" decoding=\"async\" class=\"alignright size-medium wp-image-6114\" src=\"https:\/\/conakrynews.org\/wp-content\/uploads\/2020\/11\/IMG_20201115_104618_7-375x375.jpg\" alt=\"\" width=\"375\" height=\"375\" srcset=\"https:\/\/conakrynews.org\/wp-content\/uploads\/2020\/11\/IMG_20201115_104618_7-375x375.jpg 375w, https:\/\/conakrynews.org\/wp-content\/uploads\/2020\/11\/IMG_20201115_104618_7-70x70.jpg 70w, https:\/\/conakrynews.org\/wp-content\/uploads\/2020\/11\/IMG_20201115_104618_7-768x768.jpg 768w\" sizes=\"auto, (max-width: 375px) 100vw, 375px\" \/><img loading=\"lazy\" decoding=\"async\" class=\"alignright size-medium wp-image-6115\" src=\"https:\/\/conakrynews.org\/wp-content\/uploads\/2020\/11\/IMG_20201115_102327_7-375x375.jpg\" alt=\"\" width=\"375\" height=\"375\" srcset=\"https:\/\/conakrynews.org\/wp-content\/uploads\/2020\/11\/IMG_20201115_102327_7-375x375.jpg 375w, https:\/\/conakrynews.org\/wp-content\/uploads\/2020\/11\/IMG_20201115_102327_7-70x70.jpg 70w, https:\/\/conakrynews.org\/wp-content\/uploads\/2020\/11\/IMG_20201115_102327_7-768x768.jpg 768w\" sizes=\"auto, (max-width: 375px) 100vw, 375px\" \/><\/p>\n<hr \/>\n<p style=\"text-align: left\"><img loading=\"lazy\" decoding=\"async\" class=\"alignright size-medium wp-image-6116\" src=\"https:\/\/conakrynews.org\/wp-content\/uploads\/2020\/11\/IMG_20201115_104647_3-375x375.jpg\" alt=\"\" width=\"375\" height=\"375\" srcset=\"https:\/\/conakrynews.org\/wp-content\/uploads\/2020\/11\/IMG_20201115_104647_3-375x375.jpg 375w, https:\/\/conakrynews.org\/wp-content\/uploads\/2020\/11\/IMG_20201115_104647_3-70x70.jpg 70w, https:\/\/conakrynews.org\/wp-content\/uploads\/2020\/11\/IMG_20201115_104647_3-768x768.jpg 768w\" sizes=\"auto, (max-width: 375px) 100vw, 375px\" \/>Le 15 Novembre de chaque ann\u00e9e, l&rsquo;humanit\u00e9 c\u00e9l\u00e8bre la journ\u00e9e mondiale du recyclage. \u00c0 cette occasion,la F\u00e9d\u00e9ration des\u00a0 Gestionnaires des d\u00e9chets de Guin\u00e9e en collaboration avec le Conseil National du Patronat Guin\u00e9en (CNP-Guin\u00e9e)\u00a0 ont organis\u00e9 une conference de presse ce Dimanche ,15 Novembre 2020 au si\u00e8ge de la FEGEDEG pour parler des probl\u00e9matiques li\u00e9es au secteur d&rsquo;assainissement en R\u00e9publique de Guin\u00e9e.Le\u00a0 th\u00e8me retenu\u00a0 cette ann\u00e9e est:\u2039\u2039Les H\u00e9ros du recyclage\u203a\u203a. La c\u00e9l\u00e9bration de cette importante journ\u00e9e a connu la participation du pr\u00e9sident de la FEGEDEG,du secr\u00e9taire g\u00e9n\u00e9ral du CNP-Guin\u00e9e et repr\u00e9sentant du pr\u00e9sident dudit Patronat,El Hadj Mohamed Habib Hann \u00e0 cette conf\u00e9rence de presse,du\u00a0 \u00a0repr\u00e9sentant\u00a0 de L&rsquo;A N S P (l&rsquo;Agence Nationale d&rsquo;assainissement et de salubrit\u00e9 publique) et des repr\u00e9sentants des PME \u00e9voluant dans le secteur de recyclage.<\/p>\n<p>Prenant la parole,le pr\u00e9sident de la Federation des Gestionnaires des d\u00e9chets de Guin\u00e9e,M.Sory Camara, a d\u00e9clar\u00e9 aux medias.\u2039\u2039Nous sommes\u00a0 l\u00e0 aujourd&rsquo;hui , c&rsquo;est pour c\u00e9l\u00e9brer la journ\u00e9e mondiale de l&rsquo;assainissement,prevue pour le 15 Novembre de chaque ann\u00e9e, \u00e0 l&rsquo;occasion du lancement officiel de la 1\u00e8re \u00e9dition\u00a0 de la semaine nationale de l&rsquo;assainissement\u00a0 du 16 au 22 Novembre prochain \u00e0 Conakry\u203a\u203a, a t-il.declar\u00e9.<\/p>\n<p>Avant de pr\u00e9ciser :\u2039\u2039Aujourd&rsquo;hui,il est principalement question de discuter des probl\u00e8mes lies \u00e0 la valorisation et la recyclation des dechets .Proposer des solutions au Gouvernement et \u00e0 l&rsquo;ensemble des partenaires techniques et financiers,mais aussi\u00a0 de prodiguer des conseils aux jeunes entrepreneurs\u00a0 qui \u00e9voluant\u00a0 dans le secteur d&rsquo;assainissement en Republique de Guin\u00e9e\u203a\u203a, a-t-il precis\u00e9.<\/p>\n<p>De poursuivre,il a dit:\u2039\u2039 Nous avons aujourd&rsquo;hui une forte production des d\u00e9chets par jour ,qui est \u00e0 l&rsquo;ordre de 1800 tonnes de d\u00e9chets m\u00e9nagers,dont 270 tonnes de dechets plastiques,108 tonnes de verres,162 tonnes de papiers,900 tonnes de d\u00e9chets organiques et 300 tonnes des autres d\u00e9chets sont potentiellement produits par jour dans la ville de Conakry\u203a\u203a.<\/p>\n<p>Sur les probl\u00e9matiques li\u00e9es au recyclage des d\u00e9chets,le pr\u00e9sident de la F\u00e9d\u00e9ration des Gestionnaires de Guin\u00e9e, a indiqu\u00e9 que le probl\u00e8me est \u00e0 la fois environnemental, \u00e9conomique et socio-culturel.<\/p>\n<p>\u2039\u2039Pour palier cela,ce n&rsquo;est pas seulement la collecte des transferts,de tris\u00a0 et l&rsquo;acharnement des d\u00e9chets \u00e0 la d\u00e9charge,mais il faut trouver une autre alternative qui\u00a0 va r\u00e9duire la production des d\u00e9chets ,valoriser\u00a0 et recycl\u00e9 les dechets ,seul qui pourrait garantir ce secteur\u203a\u203a, a fait savoir M.Sory Camara, pr\u00e9sident de la F\u00e9deration des Gestionnaires des d\u00e9chets de Guin\u00e9e (FEGEDEG).<\/p>\n<p>Pour terminer,le pr\u00e9sident de la FEGEDEG a remerci\u00e9\u00a0 les responsables du Conseil National du Patronat Guin\u00e9en (CNP-Guin\u00e9e) pour leur\u00a0 accompagnement en faveur des jeunes entrepreneurs d&rsquo;evoluant dans les activit\u00e9s de recyclage de d\u00e9chets en Guin\u00e9e.<\/p>\n<p>Pour sa part,le secr\u00e9taire g\u00e9n\u00e9ral du Conseil National du Patronat Guin\u00e9en (CNP-Guin\u00e9e), M.Mario Mamou Mara, a affirm\u00e9 :\u2039\u2039 Nous sommes tr\u00e8s partant du c\u00f4t\u00e9 du Conseil National du Patronat Guin\u00e9en,parce que nous avons a plusieurs reprises aupr\u00e8s du Gouvernement demand\u00e9 \u00e0 ce qu&rsquo;on s&rsquo;occupe de ces PME de ramassage d&rsquo;ordures.Maintenant que le Gouvernement est en train de prendre cet aspect l\u00e0 en main,on ne peut que remercier le Gouvernement et en m\u00eame temps l&rsquo;encourag\u00e9 d&rsquo;ouvrir les bras pour que nous aussi \u00e0 notre tour, nous puissions voir un jour des usines de recyclage avec\u00a0 des jeunes qui ont commenc\u00e9 \u00e0 faire ce travail\u203a\u203a, a- affirm\u00e9 le secr\u00e9taire g\u00e9n\u00e9ral du CNP-Guin\u00e9e.<\/p>\n<p>Avant d&rsquo;inviter les jeunes entrepreneurs \u00e0 la formation professionnelle pour r\u00e9ussir leurs initiatives en mati\u00e8re du recyclage.<\/p>\n<p>Pour mettre un terme \u00e0 ses propos,il a dit:\u2039\u2039 \u00c0 notre tour,nous attendons que le Gouvernement nous donne\u00a0 les moyens afin que nous r\u00e9alisons ce que nous voulons pour notre pays dans le cadre du d\u00e9veloppement du secteur priv\u00e9\u203a\u203a.<\/p>\n<p>De son c\u00f4t\u00e9,le charg\u00e9 de la Gestion et de la valorisation des d\u00e9chets \u00e0 l&rsquo;Agence Nationale de l&rsquo;Assainissement et de salubrit\u00e9 publique,M.Mohamed V, a pr\u00e9cis\u00e9 que leur agence a initi\u00e9 une fili\u00e8re de recyclage et de valorisation des d\u00e9chets en R\u00e9publique de Guin\u00e9e.<\/p>\n<p>\u2039\u2039Nous avons lanc\u00e9s les projets pilotes depuis un bon moment.Il y a des zones de Tri et de transit qui sont en construction actuellement mais qui\u00a0 sont bas\u00e9es sur le Tri des plastiques et aussi des mati\u00e8res confortables\u203a\u203a, a conclu le charg\u00e9 de la Gestion et de\u00a0 la valorisation des d\u00e9chets au niveau de l&rsquo;Agence Nationale de l&rsquo;Assainissement et de Salubrit\u00e9 publique (ANSP).<\/p>\n<p>Sylla Ibrahima Kalil pour www Conakrynews.org 625444534<\/p>\n","protected":false},"excerpt":{"rendered":"<p>Le 15 Novembre de chaque ann\u00e9e, l&rsquo;humanit\u00e9 c\u00e9l\u00e8bre la journ\u00e9e mondiale du recyclage. \u00c0 cette occasion,la F\u00e9d\u00e9ration des\u00a0 Gestionnaires des d\u00e9chets de Guin\u00e9e en collaboration avec le Conseil National du Patronat Guin\u00e9en (CNP-Guin\u00e9e)\u00a0 ont organis\u00e9 une conference de presse ce Dimanche ,15 Novembre 2020 au si\u00e8ge de la FEGEDEG pour parler des probl\u00e9matiques li\u00e9es au [&hellip;]<\/p>\n","protected":false},"author":2,"featured_media":6114,"comment_status":"open","ping_status":"open","sticky":false,"template":"","format":"standard","meta":{"footnotes":""},"categories":[58],"tags":[],"class_list":{"0":"post-6104","1":"post","2":"type-post","3":"status-publish","4":"format-standard","5":"has-post-thumbnail","7":"category-societe"},"_links":{"self":[{"href":"https:\/\/conakrynews.org\/index.php\/wp-json\/wp\/v2\/posts\/6104","targetHints":{"allow":["GET"]}}],"collection":[{"href":"https:\/\/conakrynews.org\/index.php\/wp-json\/wp\/v2\/posts"}],"about":[{"href":"https:\/\/conakrynews.org\/index.php\/wp-json\/wp\/v2\/types\/post"}],"author":[{"embeddable":true,"href":"https:\/\/conakrynews.org\/index.php\/wp-json\/wp\/v2\/users\/2"}],"replies":[{"embeddable":true,"href":"https:\/\/conakrynews.org\/index.php\/wp-json\/wp\/v2\/comments?post=6104"}],"version-history":[{"count":0,"href":"https:\/\/conakrynews.org\/index.php\/wp-json\/wp\/v2\/posts\/6104\/revisions"}],"wp:featuredmedia":[{"embeddable":true,"href":"https:\/\/conakrynews.org\/index.php\/wp-json\/wp\/v2\/media\/6114"}],"wp:attachment":[{"href":"https:\/\/conakrynews.org\/index.php\/wp-json\/wp\/v2\/media?parent=6104"}],"wp:term":[{"taxonomy":"category","embeddable":true,"href":"https:\/\/conakrynews.org\/index.php\/wp-json\/wp\/v2\/categories?post=6104"},{"taxonomy":"post_tag","embeddable":true,"href":"https:\/\/conakrynews.org\/index.php\/wp-json\/wp\/v2\/tags?post=6104"}],"curies":[{"name":"wp","href":"https:\/\/api.w.org\/{rel}","templated":true}]}}