{"id":6162,"date":"2020-11-19T22:42:46","date_gmt":"2020-11-19T21:42:46","guid":{"rendered":"https:\/\/conakrynews.org\/?p=6162"},"modified":"2020-11-19T22:48:41","modified_gmt":"2020-11-19T21:48:41","slug":"appui-aux-groupements-dinteret-economique-comite-de-pilotage-presente-resultats-de-premiere-phase-programme","status":"publish","type":"post","link":"https:\/\/conakrynews.org\/index.php\/appui-aux-groupements-dinteret-economique-comite-de-pilotage-presente-resultats-de-premiere-phase-programme\/","title":{"rendered":"Appui aux groupements d\u2019int\u00e9r\u00eat \u00e9conomique\u00a0: le comit\u00e9 de pilotage pr\u00e9sente les r\u00e9sultats de la premi\u00e8re phase du programme"},"content":{"rendered":"<div class=\"td-post-header\"><img loading=\"lazy\" decoding=\"async\" class=\"alignright size-medium wp-image-6166\" src=\"https:\/\/conakrynews.org\/wp-content\/uploads\/2020\/11\/FODIP-515x343.jpg\" alt=\"\" width=\"515\" height=\"343\" srcset=\"https:\/\/conakrynews.org\/wp-content\/uploads\/2020\/11\/FODIP-515x343.jpg 515w, https:\/\/conakrynews.org\/wp-content\/uploads\/2020\/11\/FODIP.jpg 696w\" sizes=\"auto, (max-width: 515px) 100vw, 515px\" \/><\/div>\n<div class=\"td-post-sharing td-post-sharing-top \">\n<div class=\"td-default-sharing\"><i class=\"td-icon-facebook\"><\/i>\u00a0<i class=\"td-icon-twitter\"><\/i>\u00a0<i class=\"td-icon-googleplus\"><\/i>\u00a0<i class=\"td-icon-pinterest\"><\/i>\u00a0<i class=\"td-icon-whatsapp\"><\/i><\/div>\n<\/div>\n<div class=\"td-post-content\">\n<div class=\"td-post-featured-image\"><a class=\"td-modal-image\" href=\"http:\/\/leverificateur.net\/wp-content\/uploads\/2020\/11\/FODIP.jpg\"><img loading=\"lazy\" decoding=\"async\" class=\"entry-thumb td-animation-stack-type0-1\" title=\"FODIP\" src=\"http:\/\/leverificateur.net\/wp-content\/uploads\/2020\/11\/FODIP-696x464.jpg\" alt=\"\" width=\"696\" height=\"464\" \/><\/a><\/div>\n<p><strong>Sous la houlette\u00a0 du Fonds de D\u00e9veloppement Industriel et des PME, la pr\u00e9sentation de la premi\u00e8re phase du programme d\u2019appui aux Groupements d\u2019int\u00e9r\u00eat \u00e9conomique et aux entrepreneurs a r\u00e9uni ce mercredi \u00e0 Conakry les membres du comit\u00e9 de pilotage.<\/strong><\/p>\n<p>Le secr\u00e9taire g\u00e9n\u00e9ral du minist\u00e8re de l\u2019Industrie et des PME, M. Alseny Sylla qui pr\u00e9sid\u00e9 l\u2019\u00e9v\u00e9nement, \u00a0a d\u2019ailleurs f\u00e9licit\u00e9 la commission ainsi que le pr\u00e9sident du Comit\u00e9 de pilotage, Mamadou Aliou Souar\u00e9, \u00ab\u00a0\u00a0<strong><em>les r\u00e9sultats aboutis\u00a0 sont \u00e9logieux parce que dit-il, le d\u00e9partement de tutelle a r\u00e9guli\u00e8rement re\u00e7u le rapport.\u00a0\u00bb<\/em><\/strong><\/p>\n<p>Par ailleurs, M. Sylla a indiqu\u00e9 que lorsque le gouvernement d\u00e9cide de venir en aide en termes d\u2019accompagnement\u00a0 \u00e0 ces entit\u00e9s \u00e9conomiques ceux qui les accompagnent \u00a0\u00a0fournissent \u00a0des efforts non n\u00e9gligeables.<\/p>\n<p>Pour cl\u00f4turer, le repr\u00e9sentant du ministre Tibou Kamara a laiss\u00e9 entendre\u00a0:<\/p>\n<p><strong><em>\u00ab\u00a0 je voudrais vous dire, en tant que structure d\u2019orientation, en tant que comit\u00e9 de pilotage vous avez la possibilit\u00e9 en votre intime conviction d\u2019appuyer des secteurs m\u00eame si auparavant\u00a0 ces secteurs n\u2019\u00e9taient pas initialement indiqu\u00e9s.\u00a0 D\u00e9j\u00e0,\u00a0 compte tenu des r\u00e9sultats de la premi\u00e8re phase, nous aussi au d\u00e9partement de tutelle nous sommes en train de travailler pour qu\u2019avant m\u00eame la fin de la premi\u00e8re phase\u00a0 qu\u2019il y ait un r\u00e9abonnement\u00a0 en terme de ressources plus appropri\u00e9es pour que cette op\u00e9ration\u00a0 qui est d\u00e9j\u00e0 bien partie ne puisse pas s\u2019arr\u00eater en si bon chemin.\u00bb<\/em><\/strong><\/p>\n<p>Prenant \u00e0 son tour la parole le\u00a0 pr\u00e9sident du Comit\u00e9 de pilotage d\u2019appui aux groupements d\u2019int\u00e9r\u00eat \u00e9conomique, Mamadou Aliou Souar\u00e9 a indiqu\u00e9\u00a0:<\/p>\n<p>\u00ab\u00a0<strong><em>Nous comptons mettre un focus sur les entreprises \u00e0 l\u2019int\u00e9rieur du pays pour essayer de faire plus de b\u00e9n\u00e9ficiaires l\u00e0-bas qui ont aussi \u00e9t\u00e9 impact\u00e9s par la pand\u00e9mie. Cette \u00e9quit\u00e9 territoriale permettra, \u00e0 coup s\u00fbr, de valoriser, de cr\u00e9er une dynamique, un d\u00e9veloppement au niveau des GIE<\/em><\/strong>\u00a0\u00bb.<\/p>\n<p>Cette premi\u00e8re phase du programme d\u2019Appui aux GIE et aux entreprises a permis de financer 136 entreprises et GIE impact\u00e9s par la pand\u00e9mie COVID 19 sur toute l\u2019\u00e9tendue du territoire. Ce qui a permis de pr\u00e9server plus de 700 emplois directs et indirects.<\/p>\n<p>Il faut noter que les prochaines phases consisteront entre autres \u00e0 apporter une assistance techniques aux b\u00e9n\u00e9ficiaires, \u00e9tendre l\u2019acc\u00e8s du programme d\u2019appui au secteur informel mais aussi et surtout financer et accompagner 35 pour cent au minimum d\u2019entreprises g\u00e9r\u00e9es par des femmes et 70 pour cent de jeunes entrepreneurs conform\u00e9ment \u00e0 la volont\u00e9 du pr\u00e9sident Alpha Cond\u00e9.<\/p>\n<p><img loading=\"lazy\" decoding=\"async\" class=\"alignnone size-medium wp-image-13546 td-animation-stack-type0-1\" src=\"http:\/\/leverificateur.net\/wp-content\/uploads\/2020\/11\/FB_IMG_1605812878955-300x178.jpg\" alt=\"\" width=\"300\" height=\"178\" \/><\/p>\n<p><img loading=\"lazy\" decoding=\"async\" class=\"alignnone size-medium wp-image-13548 td-animation-stack-type0-1\" src=\"http:\/\/leverificateur.net\/wp-content\/uploads\/2020\/11\/FB_IMG_1605812887167-300x165.jpg\" alt=\"\" width=\"300\" height=\"165\" \/><\/p>\n<p><img loading=\"lazy\" decoding=\"async\" class=\"alignnone size-medium wp-image-13549 td-animation-stack-type0-1\" src=\"http:\/\/leverificateur.net\/wp-content\/uploads\/2020\/11\/FB_IMG_1605812926409-300x144.jpg\" alt=\"\" width=\"300\" height=\"144\" \/><\/p>\n<p><strong>Minkael BARRY\u00a0<\/strong><\/p>\n<p><strong>623 47 69 48\u00a0<\/strong><\/p>\n<\/div>\n","protected":false},"excerpt":{"rendered":"<p>\u00a0\u00a0\u00a0\u00a0 Sous la houlette\u00a0 du Fonds de D\u00e9veloppement Industriel et des PME, la pr\u00e9sentation de la premi\u00e8re phase du programme d\u2019appui aux Groupements d\u2019int\u00e9r\u00eat \u00e9conomique et aux entrepreneurs a r\u00e9uni ce mercredi \u00e0 Conakry les membres du comit\u00e9 de pilotage. Le secr\u00e9taire g\u00e9n\u00e9ral du minist\u00e8re de l\u2019Industrie et des PME, M. Alseny Sylla qui pr\u00e9sid\u00e9 [&hellip;]<\/p>\n","protected":false},"author":2,"featured_media":6166,"comment_status":"open","ping_status":"open","sticky":false,"template":"","format":"standard","meta":{"footnotes":""},"categories":[58],"tags":[],"class_list":{"0":"post-6162","1":"post","2":"type-post","3":"status-publish","4":"format-standard","5":"has-post-thumbnail","7":"category-societe"},"_links":{"self":[{"href":"https:\/\/conakrynews.org\/index.php\/wp-json\/wp\/v2\/posts\/6162","targetHints":{"allow":["GET"]}}],"collection":[{"href":"https:\/\/conakrynews.org\/index.php\/wp-json\/wp\/v2\/posts"}],"about":[{"href":"https:\/\/conakrynews.org\/index.php\/wp-json\/wp\/v2\/types\/post"}],"author":[{"embeddable":true,"href":"https:\/\/conakrynews.org\/index.php\/wp-json\/wp\/v2\/users\/2"}],"replies":[{"embeddable":true,"href":"https:\/\/conakrynews.org\/index.php\/wp-json\/wp\/v2\/comments?post=6162"}],"version-history":[{"count":0,"href":"https:\/\/conakrynews.org\/index.php\/wp-json\/wp\/v2\/posts\/6162\/revisions"}],"wp:featuredmedia":[{"embeddable":true,"href":"https:\/\/conakrynews.org\/index.php\/wp-json\/wp\/v2\/media\/6166"}],"wp:attachment":[{"href":"https:\/\/conakrynews.org\/index.php\/wp-json\/wp\/v2\/media?parent=6162"}],"wp:term":[{"taxonomy":"category","embeddable":true,"href":"https:\/\/conakrynews.org\/index.php\/wp-json\/wp\/v2\/categories?post=6162"},{"taxonomy":"post_tag","embeddable":true,"href":"https:\/\/conakrynews.org\/index.php\/wp-json\/wp\/v2\/tags?post=6162"}],"curies":[{"name":"wp","href":"https:\/\/api.w.org\/{rel}","templated":true}]}}