{"id":6180,"date":"2020-11-22T12:05:26","date_gmt":"2020-11-22T11:05:26","guid":{"rendered":"https:\/\/conakrynews.org\/?p=6180"},"modified":"2020-11-22T12:06:18","modified_gmt":"2020-11-22T11:06:18","slug":"guillaume-soro-desormais-indesirable-sol-francais","status":"publish","type":"post","link":"https:\/\/conakrynews.org\/index.php\/guillaume-soro-desormais-indesirable-sol-francais\/","title":{"rendered":"Guillaume Soro d\u00e9sormais ind\u00e9sirable sur le sol fran\u00e7ais"},"content":{"rendered":"<div class=\"td-post-header\">\n<header class=\"td-post-title\">\n<h1 class=\"entry-title\"><img loading=\"lazy\" decoding=\"async\" class=\"alignright size-medium wp-image-6181\" src=\"https:\/\/conakrynews.org\/wp-content\/uploads\/2020\/11\/soro-guillaume-1-515x294.jpg\" alt=\"\" width=\"515\" height=\"294\" srcset=\"https:\/\/conakrynews.org\/wp-content\/uploads\/2020\/11\/soro-guillaume-1-515x294.jpg 515w, https:\/\/conakrynews.org\/wp-content\/uploads\/2020\/11\/soro-guillaume-1.jpg 700w\" sizes=\"auto, (max-width: 515px) 100vw, 515px\" \/><\/h1>\n<div class=\"td-module-meta-info\"><\/div>\n<\/header>\n<\/div>\n<div class=\"td-post-sharing td-post-sharing-top \">\n<div class=\"td-default-sharing\"><i class=\"td-icon-facebook\"><\/i>\u00a0<i class=\"td-icon-twitter\"><\/i>\u00a0<i class=\"td-icon-googleplus\"><\/i>\u00a0<i class=\"td-icon-pinterest\"><\/i>\u00a0<i class=\"td-icon-whatsapp\"><\/i><\/div>\n<\/div>\n<div class=\"td-post-content\">\n<div class=\"td-post-featured-image\"><a class=\"td-modal-image\" href=\"http:\/\/leverificateur.net\/wp-content\/uploads\/2020\/11\/soro-guillaume-1.jpg\"><img loading=\"lazy\" decoding=\"async\" class=\"entry-thumb td-animation-stack-type0-1\" title=\"soro guillaume-1\" src=\"http:\/\/leverificateur.net\/wp-content\/uploads\/2020\/11\/soro-guillaume-1-696x398.jpg\" alt=\"\" width=\"696\" height=\"398\" \/><\/a><\/div>\n<p><strong>O\u00f9 se trouve actuellement Guillaume Soro ? La question se pose apr\u00e8s la petite phrase l\u00e2ch\u00e9e hier par Emmanuel Macron dans \u00ab Jeune Afrique \u00bb : \u00ab Je crois qu\u2019il n\u2019est plus en France \u00bb, a dit \u00e0 son propos le pr\u00e9sident fran\u00e7ais. L\u2019entourage de l\u2019ancien Premier ministre ivoirien n\u2019a pas voulu en dire plus. Ce qui est s\u00fbr, c\u2019est que la France ne\u00a0 veut plus de lui sur son territoire.\u00a0<\/strong><\/p>\n<p>Guillaume Soro est d\u00e9sormais ind\u00e9sirable sur le sol fran\u00e7ais. Emmanuel Macron l\u2019a clairement notifi\u00e9 hier dans l\u2019interview qu\u2019il a accord\u00e9 \u00e0 nos confr\u00e8res de\u00a0<em>Jeune Afrique<\/em>\u00a0: \u00ab<em>\u00a0Il n\u2019a pas \u00e0 cr\u00e9er le d\u00e9sordre et sa pr\u00e9sence n\u2019est pas souhait\u00e9e, sur notre territoire, tant qu\u2019il se comportera de cette mani\u00e8re<\/em>\u00a0\u00bb, a dit le pr\u00e9sident fran\u00e7ais en r\u00e9f\u00e9rence \u00e0 l\u2019appel \u00e0 l\u2019insurrection en C\u00f4te d\u2019Ivoire lanc\u00e9 le 4 novembre 2020 depuis la France par l\u2019ancien Premier ministre ivoirien.<\/p>\n<p><strong>Col\u00e8re des autorit\u00e9s ivoiriennes<\/strong><\/p>\n<p>Un appel qui avait suscit\u00e9 la col\u00e8re des autorit\u00e9s ivoiriennes. Abidjan avait demand\u00e9 \u00e0 Paris de r\u00e9agir. Dans l\u2019entourage du pr\u00e9sident fran\u00e7ais, on expliquait alors avoir fait passer un message \u00e0 Guillaume Soro, l\u2019appelant\u00a0\u00ab<em>\u00a0\u00e0 ne pas confondre opposition politique et coup d\u2019Etat\u00a0<\/em>\u00bb. Mais les autorit\u00e9s fran\u00e7aises sont visiblement all\u00e9es plus loin. Elles auraient demand\u00e9 \u00e0 l\u2019ancien chef rebelle de quitter le sol fran\u00e7ais. Ce qu\u2019il aurait fait.<\/p>\n<div id=\"tms-ad-inread-9779693025855303\" class=\"tms-ad\"><\/div>\n<p><strong>Mandats d\u2019arr\u00eat<\/strong><\/p>\n<p>Questions\u00a0: que se passerait-il si Guillaume Soro venait \u00e0 regagner la France\u00a0? Pourrait-il \u00eatre arr\u00eat\u00e9\u00a0? Selon un document que RFI s\u2019est procur\u00e9, la justice ivoirienne a en tout cas transmis ce mercredi aux autorit\u00e9s fran\u00e7aises des mandats d\u2019arr\u00eats contre Guillaume Soro et trois de ses proches qui r\u00e9sideraient en France. Parmi eux, Moussa Tour\u00e9, son directeur de communication et Abdoulaye Fofana, son aide de camp.<\/p>\n<p>rfi<\/p>\n<\/div>\n","protected":false},"excerpt":{"rendered":"<p>\u00a0\u00a0\u00a0\u00a0 O\u00f9 se trouve actuellement Guillaume Soro ? La question se pose apr\u00e8s la petite phrase l\u00e2ch\u00e9e hier par Emmanuel Macron dans \u00ab Jeune Afrique \u00bb : \u00ab Je crois qu\u2019il n\u2019est plus en France \u00bb, a dit \u00e0 son propos le pr\u00e9sident fran\u00e7ais. L\u2019entourage de l\u2019ancien Premier ministre ivoirien n\u2019a pas voulu en dire [&hellip;]<\/p>\n","protected":false},"author":2,"featured_media":6181,"comment_status":"open","ping_status":"open","sticky":false,"template":"","format":"standard","meta":{"footnotes":""},"categories":[57],"tags":[],"class_list":{"0":"post-6180","1":"post","2":"type-post","3":"status-publish","4":"format-standard","5":"has-post-thumbnail","7":"category-politique"},"_links":{"self":[{"href":"https:\/\/conakrynews.org\/index.php\/wp-json\/wp\/v2\/posts\/6180","targetHints":{"allow":["GET"]}}],"collection":[{"href":"https:\/\/conakrynews.org\/index.php\/wp-json\/wp\/v2\/posts"}],"about":[{"href":"https:\/\/conakrynews.org\/index.php\/wp-json\/wp\/v2\/types\/post"}],"author":[{"embeddable":true,"href":"https:\/\/conakrynews.org\/index.php\/wp-json\/wp\/v2\/users\/2"}],"replies":[{"embeddable":true,"href":"https:\/\/conakrynews.org\/index.php\/wp-json\/wp\/v2\/comments?post=6180"}],"version-history":[{"count":0,"href":"https:\/\/conakrynews.org\/index.php\/wp-json\/wp\/v2\/posts\/6180\/revisions"}],"wp:featuredmedia":[{"embeddable":true,"href":"https:\/\/conakrynews.org\/index.php\/wp-json\/wp\/v2\/media\/6181"}],"wp:attachment":[{"href":"https:\/\/conakrynews.org\/index.php\/wp-json\/wp\/v2\/media?parent=6180"}],"wp:term":[{"taxonomy":"category","embeddable":true,"href":"https:\/\/conakrynews.org\/index.php\/wp-json\/wp\/v2\/categories?post=6180"},{"taxonomy":"post_tag","embeddable":true,"href":"https:\/\/conakrynews.org\/index.php\/wp-json\/wp\/v2\/tags?post=6180"}],"curies":[{"name":"wp","href":"https:\/\/api.w.org\/{rel}","templated":true}]}}