{"id":6288,"date":"2020-12-08T17:43:02","date_gmt":"2020-12-08T16:43:02","guid":{"rendered":"https:\/\/conakrynews.org\/?p=6288"},"modified":"2020-12-08T17:49:16","modified_gmt":"2020-12-08T16:49:16","slug":"conakry-responsables-de-maison-r-chevet-personnes-demunies","status":"publish","type":"post","link":"https:\/\/conakrynews.org\/index.php\/conakry-responsables-de-maison-r-chevet-personnes-demunies\/","title":{"rendered":"Conakry : Les responsables de la \u00ab\u00a0Maison R\u00a0\u00bb au chevet des personnes d\u00e9munies"},"content":{"rendered":"<p><img loading=\"lazy\" decoding=\"async\" src=\"https:\/\/conakrynews.org\/wp-content\/uploads\/2020\/12\/MR-660x330-515x258.jpg\" alt=\"\" width=\"515\" height=\"258\" class=\"alignright size-medium wp-image-6291\" srcset=\"https:\/\/conakrynews.org\/wp-content\/uploads\/2020\/12\/MR-660x330-515x258.jpg 515w, https:\/\/conakrynews.org\/wp-content\/uploads\/2020\/12\/MR-660x330.jpg 660w\" sizes=\"auto, (max-width: 515px) 100vw, 515px\" \/> En cette p\u00e9riode pand\u00e9mique du Covid 19 marqu\u00e9e par une crise \u00e9conomique g\u00e9n\u00e9ralis\u00e9e, la structure d\u00e9nomm\u00e9e \u00a0\u00bbla Maison R\u00a0\u00bb a organis\u00e9 samedi, 5 d\u00e9cembre 2020 \u00e0 Nongo dans la commune de Ratoma, une c\u00e9r\u00e9monie de mobilisation de fonds et de biens \u00e0 destination des enfants d\u00e9munis de la rue et des orphelinats.<\/p>\n<p>Objectif, r\u00e9colter des fonds qui serviront \u00e0 redonner le sourire et l&rsquo;espoir aux enfants vuln\u00e9rables en leur remettant des denr\u00e9es alimentaires, des kits d&rsquo;hygi\u00e8ne et de fournitures scolaires.<\/p>\n<p>Dans discours de circonstances, la Fondatrice de la \u00ab\u00a0Maison R\u00a0\u00bb Ramatoulaye Thierno Diallo, a remerci\u00e9 toutes les personnes de bonne volont\u00e9 qui ont contribu\u00e9 \u00e0 la r\u00e9ussite de cet \u00e9v\u00e9nement avant de d\u00e9clarer que ce projet \u00e9tait un r\u00eave d&rsquo;enfance.<\/p>\n<p>\u00ab Je dirais avant tout, depuis toute petite j&rsquo;avais cette initiative d&rsquo;aider les personnes d\u00e9munies. Parce que quand j&rsquo;\u00e9tais petite, je faisais des dons. Mon papa est militaire, quand les denr\u00e9es venaient \u00e0 la maison, je faisais sortir et donner aux personnes n\u00e9cessiteuses et aussi mes amis de classe qui n&rsquo;avaient pas de situation. Donc, quand j&rsquo;ai pris l&rsquo;\u00e2ge, je me suis dit que je peux faire quelques choses dans vie. C&rsquo;est d&rsquo;aider, c&rsquo;est vrai que, je ne suis pas encore riche, mais je peux cr\u00e9er des choses qui me rendront riche et apporter du soutien aux personnes d\u00e9munies \u00bb a-t-elle soulign\u00e9.<\/p>\n<p>Poursuivant, la Fondatrice de &lsquo;la Maison R\u00a0\u00bb a fait savoir qu&rsquo;elle ne compte pas arr\u00eater l\u00e0. Pour y arriver, elle compte sur la bonne volont\u00e9 des uns et des autres.<br \/>\n\u00ab mon objectif, ce n&rsquo;est pas seulement d&rsquo;aider les personnes vuln\u00e9rables, c&rsquo;est aller au-del\u00e0 de \u00e7a. Notre objectif, c&rsquo;est d&rsquo;aider aussi les femmes enceintes, les veuves, les personnes \u00e2g\u00e9es. Je souhaite vraiment l&rsquo;aide des personnes de bonne volont\u00e9 a-t-elle martel\u00e9.<\/p>\n<p>Pr\u00e9sente \u00e0 cette c\u00e9r\u00e9monie Mme, Laurence Zouya Camara, Fondatrice de l&rsquo;orphelinat Kunamatata, l&rsquo;un des b\u00e9n\u00e9ficiaire de ses dons, s&rsquo;est r\u00e9jouie de cette initiative de \u00ab\u00a0&lsquo;la maison R'\u00a0\u00bb.<\/p>\n<p>\u00ab Je suis ravie d&rsquo;avoir \u00e9t\u00e9 choisie par \u00ab\u00a0la maison R\u00a0\u00bb pour donner un geste \u00e0 nos enfants, parce que vraiment on en a besoin pour avancer. Il faut encourager ce genre d&rsquo;initiative, parce qu\u2019on est compl\u00e9mentaire. J&rsquo;appelle toutes les personnes de bonne volont\u00e9 \u00e0 venir soutenir les orphelinats de Guin\u00e9e parce que vraiment on n\u2019a aucun soutien. En g\u00e9n\u00e9ral ce sont des actes spontan\u00e9s comme \u00e7a. Il n&rsquo;y a pas d&rsquo;orphelinat aujourd&rsquo;hui qui appartient au gouvernement. Ce sont des personnes priv\u00e9es comme nous qui \u0153uvrent pour ouvrir les orphelinats. On a vraiment besoin d&rsquo;aider pour pouvoir fonctionner surtout en cette p\u00e9riode de covid 19 \u00bb a-t-elle not\u00e9.<\/p>\n<p>Pour sa part, Sekou Ke\u00efta, conseil en communication du minist\u00e8re de la justice a f\u00e9licit\u00e9 et encourag\u00e9 \u00ab\u00a0la Maison R \u00ab\u00a0pour cette initiative avant de pr\u00e9ciser&rsquo;, \u00ab ma pr\u00e9sence \u00e0 cette c\u00e9r\u00e9monie s&rsquo;explique sur deux sens: le premier sens, nous sommes dans une c\u00e9r\u00e9monie qui consiste \u00e0 faire sourire des enfants d\u00e9munis et personnes qui n&rsquo;ont pas souvent l&rsquo;obligation ou parfois qui n&rsquo;ont pas l&rsquo;occasion d&rsquo;exprimer, de faire prot\u00e9ger ou au-del\u00e0, de se faire entendre sans le sens propre du droit dans la soci\u00e9t\u00e9. Si aujourd&rsquo;hui \u00e0 travers une structure qu&rsquo;on appelle \u00ab\u00a0la maison R\u00a0\u00bb de Rama .Elle organise pour faire entendre ses voix qui sont des voix passives parce qu&rsquo;elles ne sont jamais entendues \u00bb.<\/p>\n<p>\u00ab Le deuxi\u00e8me sens, cette maison qui est repr\u00e9sent\u00e9 par Rama, la conception, la r\u00e9alisation, la vulgarisation, la promotion de ce projet m&rsquo;a \u00e9t\u00e9 personnellement confi\u00e9 pour la supervision, la coordination et l&rsquo;orientation. Rama aujourd&rsquo;hui \u00e0 travers sa structure s&rsquo;inscrit dans une lanc\u00e9e qui n&rsquo;est autre que, la protection, la promotion et la d\u00e9fense des droits des d\u00e9munis et des personnes qui sont r\u00e9duites en terme de mobilit\u00e9 \u00bb a-t-il indiqu\u00e9.<\/p>\n<p>De son cot\u00e9, Daouda Bangoura, \u00e9crivain a encourag\u00e9 la structure pour cette action avant d&rsquo;exhorter la jeunesse guin\u00e9enne \u00e0 s&rsquo;inspirer des actes de Rama.<\/p>\n<p>\u00ab  L&rsquo;objectif de ma pr\u00e9sence ici d&rsquo;aujourd&rsquo;hui, c&rsquo;est d&rsquo;abord r\u00e9pondre \u00e0 l&rsquo;appel d&rsquo;une amie qui m\u00e9rite d&rsquo;\u00eatre soutenue et appuy\u00e9e. Parce que ce n&rsquo;est pas du tout fr\u00e9quent de nos jours, qu&rsquo;un jeune qui cr\u00e9\u00e9 une entreprise et apr\u00e8s d\u00e9cide de donner les retomb\u00e9es de son entreprise \u00e0 une \u0153uvre de charit\u00e9. C&rsquo;est une cause noble qu&rsquo;il m\u00e9rite d&rsquo;\u00eatre encourag\u00e9e et soutenue, surtout venant d&rsquo;une femme. Soutenir la cause des d\u00e9munis, soutenir la cause des personnes en situation de pr\u00e9carit\u00e9, je ne pense qu&rsquo;il y&rsquo;a quelques choses de plus noble que cela\u00a0\u00bb a-t-il signifi\u00e9.<\/p>\n<p>\u00c0 noter que le remise ce don a \u00e9t\u00e9 rendue possible gr\u00e2ce \u00e0 la contribution du parrain de la \u00ab\u00a0Maison R\u00a0\u00bb, Monsieur Baidy Aribot, 2\u00e8me -vice-gouverneur de la Banque Centrale de la R\u00e9publique de Guin\u00e9e.<\/p>\n<p>Ibrahima Limbita Camara<\/p>\n","protected":false},"excerpt":{"rendered":"<p>En cette p\u00e9riode pand\u00e9mique du Covid 19 marqu\u00e9e par une crise \u00e9conomique g\u00e9n\u00e9ralis\u00e9e, la structure d\u00e9nomm\u00e9e \u00a0\u00bbla Maison R\u00a0\u00bb a organis\u00e9 samedi, 5 d\u00e9cembre 2020 \u00e0 Nongo dans la commune de Ratoma, une c\u00e9r\u00e9monie de mobilisation de fonds et de biens \u00e0 destination des enfants d\u00e9munis de la rue et des orphelinats. Objectif, r\u00e9colter des [&hellip;]<\/p>\n","protected":false},"author":2,"featured_media":6291,"comment_status":"open","ping_status":"open","sticky":false,"template":"","format":"standard","meta":{"footnotes":""},"categories":[58],"tags":[],"class_list":{"0":"post-6288","1":"post","2":"type-post","3":"status-publish","4":"format-standard","5":"has-post-thumbnail","7":"category-societe"},"_links":{"self":[{"href":"https:\/\/conakrynews.org\/index.php\/wp-json\/wp\/v2\/posts\/6288","targetHints":{"allow":["GET"]}}],"collection":[{"href":"https:\/\/conakrynews.org\/index.php\/wp-json\/wp\/v2\/posts"}],"about":[{"href":"https:\/\/conakrynews.org\/index.php\/wp-json\/wp\/v2\/types\/post"}],"author":[{"embeddable":true,"href":"https:\/\/conakrynews.org\/index.php\/wp-json\/wp\/v2\/users\/2"}],"replies":[{"embeddable":true,"href":"https:\/\/conakrynews.org\/index.php\/wp-json\/wp\/v2\/comments?post=6288"}],"version-history":[{"count":0,"href":"https:\/\/conakrynews.org\/index.php\/wp-json\/wp\/v2\/posts\/6288\/revisions"}],"wp:featuredmedia":[{"embeddable":true,"href":"https:\/\/conakrynews.org\/index.php\/wp-json\/wp\/v2\/media\/6291"}],"wp:attachment":[{"href":"https:\/\/conakrynews.org\/index.php\/wp-json\/wp\/v2\/media?parent=6288"}],"wp:term":[{"taxonomy":"category","embeddable":true,"href":"https:\/\/conakrynews.org\/index.php\/wp-json\/wp\/v2\/categories?post=6288"},{"taxonomy":"post_tag","embeddable":true,"href":"https:\/\/conakrynews.org\/index.php\/wp-json\/wp\/v2\/tags?post=6288"}],"curies":[{"name":"wp","href":"https:\/\/api.w.org\/{rel}","templated":true}]}}