{"id":6411,"date":"2021-01-06T14:32:06","date_gmt":"2021-01-06T13:32:06","guid":{"rendered":"https:\/\/conakrynews.org\/?p=6411"},"modified":"2021-01-06T14:39:21","modified_gmt":"2021-01-06T13:39:21","slug":"boulanger-francais-en-greve-de-la-faim-contre-lexpulsion-de-son-apprenti-guineen","status":"publish","type":"post","link":"https:\/\/conakrynews.org\/index.php\/boulanger-francais-en-greve-de-la-faim-contre-lexpulsion-de-son-apprenti-guineen\/","title":{"rendered":"Un boulanger fran\u00e7ais en gr\u00e8ve de la faim contre l\u2019expulsion de son apprenti guin\u00e9en"},"content":{"rendered":"<h1 class=\"name post-title entry-title\"><a style=\"font-family: Georgia, 'Times New Roman', 'Bitstream Charter', Times, serif;font-size: 16px\" title=\"\" href=\"https:\/\/www.guineequotidien.com\/author\/guiquo-admin\/\"><img loading=\"lazy\" decoding=\"async\" class=\"alignright size-medium wp-image-6412\" src=\"https:\/\/conakrynews.org\/wp-content\/uploads\/2021\/01\/boulan-660x330-1-515x258.jpg\" alt=\"\" width=\"515\" height=\"258\" srcset=\"https:\/\/conakrynews.org\/wp-content\/uploads\/2021\/01\/boulan-660x330-1-515x258.jpg 515w, https:\/\/conakrynews.org\/wp-content\/uploads\/2021\/01\/boulan-660x330-1.jpg 660w\" sizes=\"auto, (max-width: 515px) 100vw, 515px\" \/><\/a><\/h1>\n<div class=\"clear\"><\/div>\n<div class=\"entry\">\n<div class=\"intro intro--bold\">\n<p>Un boulanger de l\u2019est de la France a entam\u00e9 dimanche une gr\u00e8ve de la faim pour garder son apprenti guin\u00e9en, jeune majeur vis\u00e9 par une obligation de quitter le territoire fran\u00e7ais.<\/p>\n<\/div>\n<div id=\"article-content\" class=\"content-floated-wrap fb-quotable\">\n<div class=\"wsw\">\n<p><em>\u00ab\u00a0J\u2019ai 50 ans, j\u2019ai fait trois embolies pulmonaires en trois ans, mon m\u00e9decin me dit que je suis fragile, mais je m\u2019en fous, je sais que j\u2019ai raison\u00a0\u00bb<\/em>: St\u00e9phane Ravacley est d\u00e9termin\u00e9 \u00e0 tout faire pour que son apprenti, Laye Fod\u00e9 Traore, continue \u00e0 travailler avec lui.<\/p>\n<p>Le patron de<em>\u00a0\u00ab\u00a0La Huche \u00e0 Pain<\/em>\u00ab\u00a0, situ\u00e9e au centre-ville de Besan\u00e7on (est), ne s\u2019alimente plus depuis dimanche \u00e0 minuit. \u00ab\u00a0<em>Je ne m\u2019arr\u00eaterai pas avant d\u2019avoir obtenu quelque chose\u00a0\u00bb<\/em>, pr\u00e9vient-il.<\/p>\n<p>En septembre 2019, M. Ravacley a pris en contrat d\u2019apprentissage de deux ans\u00a0<em>\u00ab\u00a0un bon gamin<\/em>\u00a0\u00bb parti de Guin\u00e9e et arriv\u00e9 en France comme mineur isol\u00e9 apr\u00e8s \u00eatre pass\u00e9 par le Mali, la Libye et avoir travers\u00e9 la M\u00e9diterran\u00e9e pour rejoindre l\u2019Italie, avant de relier la France, raconte-il \u00e0 l\u2019AFP.<\/p>\n<p>\u00ab\u00a0<em>Discret<\/em>\u00ab\u00a0, mais avide d\u2019apprendre le m\u00e9tier, Laye s\u2019est imm\u00e9diatement montr\u00e9 volontaire et travailleur, poursuit l\u2019artisan qui oeuvre six jours sur sept de 3 heures du matin \u00e0 20 heures (19 heures GMT), avec une pause en milieu de journ\u00e9e.<\/p>\n<p><em>\u00ab\u00a0Il y a une place pour lui dans mon fournil\u00a0\u00bb<\/em>, insiste le boulanger qui pr\u00e9voyait de le prendre comme ouvrier au terme de sa formation.<\/p>\n<p>Mais en novembre, la tutrice du foyer voisin qui suit le jeune homme lui a annonc\u00e9 que son apprenti, devenu majeur, faisait d\u00e9sormais l\u2019objet d\u2019une obligation de quitter e territoire et devrait arr\u00eater de travailler aupr\u00e8s de lui.<\/p>\n<p>Le jeune Guin\u00e9en a saisi le tribunal administratif de Besan\u00e7on pour contester le rejet de sa demande de titre de s\u00e9jour. Son recours sera examin\u00e9 le 26 janvier.<\/p>\n<p><em>\u00ab\u00a0On perd 70% des jeunes apr\u00e8s le CAP (certificat obtenu en deux ans) parce qu\u2019ils n\u2019ont plus envie ou parce que les patrons ne s\u2019occupent pas bien d\u2019eux\u00a0\u00bb,<\/em>\u00a0d\u00e9plore le boulanger, qui peine comme beaucoup d\u2019artisans \u00e0 trouver des apprentis.\u00a0<em>\u00ab\u00a0Alors pourquoi on accepte pas ces gamins qui meurent de faim dans leur pays et veulent travailler chez nous ? Ils ne prennent pas la place des Fran\u00e7ais\u00a0\u00bb.<\/em><\/p>\n<p>Le boulanger a lanc\u00e9 une p\u00e9tition sur internet (http:\/\/www.chng.it\/LNcZmShs). Cette derni\u00e8re a recueilli pr\u00e8s de 100.000 signatures et plus de 100.000 \u00ab\u00a0j\u2019aime\u00a0\u00bb sur Instagram depuis que l\u2019eurod\u00e9put\u00e9 de gauche Rapha\u00ebl Glucksmann l\u2019a relay\u00e9e.<\/p>\n<p>&nbsp;<\/p>\n<\/div>\n<p><strong>Avec VOA<\/strong><\/p>\n<\/div>\n<\/div>\n","protected":false},"excerpt":{"rendered":"<p>Un boulanger de l\u2019est de la France a entam\u00e9 dimanche une gr\u00e8ve de la faim pour garder son apprenti guin\u00e9en, jeune majeur vis\u00e9 par une obligation de quitter le territoire fran\u00e7ais. \u00ab\u00a0J\u2019ai 50 ans, j\u2019ai fait trois embolies pulmonaires en trois ans, mon m\u00e9decin me dit que je suis fragile, mais je m\u2019en fous, je [&hellip;]<\/p>\n","protected":false},"author":2,"featured_media":6412,"comment_status":"open","ping_status":"open","sticky":false,"template":"","format":"standard","meta":{"footnotes":""},"categories":[58],"tags":[],"class_list":{"0":"post-6411","1":"post","2":"type-post","3":"status-publish","4":"format-standard","5":"has-post-thumbnail","7":"category-societe"},"_links":{"self":[{"href":"https:\/\/conakrynews.org\/index.php\/wp-json\/wp\/v2\/posts\/6411","targetHints":{"allow":["GET"]}}],"collection":[{"href":"https:\/\/conakrynews.org\/index.php\/wp-json\/wp\/v2\/posts"}],"about":[{"href":"https:\/\/conakrynews.org\/index.php\/wp-json\/wp\/v2\/types\/post"}],"author":[{"embeddable":true,"href":"https:\/\/conakrynews.org\/index.php\/wp-json\/wp\/v2\/users\/2"}],"replies":[{"embeddable":true,"href":"https:\/\/conakrynews.org\/index.php\/wp-json\/wp\/v2\/comments?post=6411"}],"version-history":[{"count":0,"href":"https:\/\/conakrynews.org\/index.php\/wp-json\/wp\/v2\/posts\/6411\/revisions"}],"wp:featuredmedia":[{"embeddable":true,"href":"https:\/\/conakrynews.org\/index.php\/wp-json\/wp\/v2\/media\/6412"}],"wp:attachment":[{"href":"https:\/\/conakrynews.org\/index.php\/wp-json\/wp\/v2\/media?parent=6411"}],"wp:term":[{"taxonomy":"category","embeddable":true,"href":"https:\/\/conakrynews.org\/index.php\/wp-json\/wp\/v2\/categories?post=6411"},{"taxonomy":"post_tag","embeddable":true,"href":"https:\/\/conakrynews.org\/index.php\/wp-json\/wp\/v2\/tags?post=6411"}],"curies":[{"name":"wp","href":"https:\/\/api.w.org\/{rel}","templated":true}]}}