{"id":6417,"date":"2021-01-07T00:12:22","date_gmt":"2021-01-06T23:12:22","guid":{"rendered":"https:\/\/conakrynews.org\/?p=6417"},"modified":"2021-01-07T00:12:22","modified_gmt":"2021-01-06T23:12:22","slug":"guinee-le-chef-de-file-de-lopposition-elhadj-mamadou-sylla-demande-a-cellou-dalein-diallo-de-reconnaitre-la-victoire-dalpha-conde","status":"publish","type":"post","link":"https:\/\/conakrynews.org\/index.php\/guinee-le-chef-de-file-de-lopposition-elhadj-mamadou-sylla-demande-a-cellou-dalein-diallo-de-reconnaitre-la-victoire-dalpha-conde\/","title":{"rendered":"Guin\u00e9e: Le chef de file de l\u2019opposition, Elhadj Mamadou Sylla demande \u00e0 Cellou Dalein Diallo de reconna\u00eetre la victoire d\u2019Alpha Cond\u00e9"},"content":{"rendered":"<p><img loading=\"lazy\" decoding=\"async\" class=\"alignright size-medium wp-image-6418\" src=\"https:\/\/conakrynews.org\/wp-content\/uploads\/2021\/01\/mamadou-sylla-udg-660x330-1-515x258.jpg\" alt=\"\" width=\"515\" height=\"258\" srcset=\"https:\/\/conakrynews.org\/wp-content\/uploads\/2021\/01\/mamadou-sylla-udg-660x330-1-515x258.jpg 515w, https:\/\/conakrynews.org\/wp-content\/uploads\/2021\/01\/mamadou-sylla-udg-660x330-1.jpg 660w\" sizes=\"auto, (max-width: 515px) 100vw, 515px\" \/><\/p>\n<div class=\"clear\"><\/div>\n<div class=\"entry\">\n<p>Au cours de l\u2019\u00e9mission des Grandes\u00a0gueules de ce mercredi, 6 janvier \u00a0de la\u00a0radio\u00a0Espace FM, le chef de file de l\u2019opposition guin\u00e9enne,\u00a0Elhadj\u00a0Mamadou Sylla a demand\u00e9\u00a0\u00e0\u00a0son pr\u00e9d\u00e9cesseur, Cellou Dalein Diallo de l\u2019UFDG reconna\u00eetre la victoire d\u2019Alpha Cond\u00e9 \u00e0 l\u2019\u00e9lection pr\u00e9sidentielle du 18 octobre 2020.<\/p>\n<p>Dans son intervention,\u00a0Elhadj\u00a0Mamadou Sylla, chef de file de l\u2019opposition parlementaire a demand\u00e9 \u00e0 Cellou Dalein Diallo de reconna\u00eetre d\u2019abord la victoire d\u2019Alpha Cond\u00e9 \u00e0 la t\u00eate de la magistrature\u00a0supr\u00eame\u00a0avant d\u2019esp\u00e9rer\u00a0\u00e0 quelconque dialogue politique.<\/p>\n<p>\u201cIl faut que Cellou Dalein Diallo qui est croyant et musulman accepte sa d\u00e9faite. L\u00e0 \u00e7a peut faciliter les choses parce qu\u2019on ne peut pas dire au camp d\u2019en face qu\u2019on va dialoguer alors que l\u2019un dit qu\u2019il est pr\u00e9sident et l\u2019autre aussi dit que \u201cje suis pr\u00e9sident\u201d. Deux pr\u00e9sidents d\u00e9j\u00e0 dans un pays c\u2019est la pagaille. D\u2019abord la premi\u00e8re crise c\u2019est l\u00e0-bas, une fois que cela est r\u00e9solu en ce moment on va demander le dialogue\u201d.<\/p>\n<p>Pour finir, il a soulign\u00e9 que le pr\u00e9sident de l\u2019UFR, Sidya Tour\u00e9 a reconnu \u00e0 son tour la victoire d\u2019Alpha Cond\u00e9, c\u2019est pourquoi il demande d\u2019aller au dialogue.<\/p>\n<p>&nbsp;<\/p>\n<p><strong>Fanta Kamano<\/strong><\/p>\n<p>&nbsp;<\/p>\n<\/div>\n","protected":false},"excerpt":{"rendered":"<p>Au cours de l\u2019\u00e9mission des Grandes\u00a0gueules de ce mercredi, 6 janvier \u00a0de la\u00a0radio\u00a0Espace FM, le chef de file de l\u2019opposition guin\u00e9enne,\u00a0Elhadj\u00a0Mamadou Sylla a demand\u00e9\u00a0\u00e0\u00a0son pr\u00e9d\u00e9cesseur, Cellou Dalein Diallo de l\u2019UFDG reconna\u00eetre la victoire d\u2019Alpha Cond\u00e9 \u00e0 l\u2019\u00e9lection pr\u00e9sidentielle du 18 octobre 2020. Dans son intervention,\u00a0Elhadj\u00a0Mamadou Sylla, chef de file de l\u2019opposition parlementaire a demand\u00e9 \u00e0 [&hellip;]<\/p>\n","protected":false},"author":2,"featured_media":6418,"comment_status":"open","ping_status":"open","sticky":false,"template":"","format":"standard","meta":{"footnotes":""},"categories":[57],"tags":[],"class_list":{"0":"post-6417","1":"post","2":"type-post","3":"status-publish","4":"format-standard","5":"has-post-thumbnail","7":"category-politique"},"_links":{"self":[{"href":"https:\/\/conakrynews.org\/index.php\/wp-json\/wp\/v2\/posts\/6417","targetHints":{"allow":["GET"]}}],"collection":[{"href":"https:\/\/conakrynews.org\/index.php\/wp-json\/wp\/v2\/posts"}],"about":[{"href":"https:\/\/conakrynews.org\/index.php\/wp-json\/wp\/v2\/types\/post"}],"author":[{"embeddable":true,"href":"https:\/\/conakrynews.org\/index.php\/wp-json\/wp\/v2\/users\/2"}],"replies":[{"embeddable":true,"href":"https:\/\/conakrynews.org\/index.php\/wp-json\/wp\/v2\/comments?post=6417"}],"version-history":[{"count":0,"href":"https:\/\/conakrynews.org\/index.php\/wp-json\/wp\/v2\/posts\/6417\/revisions"}],"wp:featuredmedia":[{"embeddable":true,"href":"https:\/\/conakrynews.org\/index.php\/wp-json\/wp\/v2\/media\/6418"}],"wp:attachment":[{"href":"https:\/\/conakrynews.org\/index.php\/wp-json\/wp\/v2\/media?parent=6417"}],"wp:term":[{"taxonomy":"category","embeddable":true,"href":"https:\/\/conakrynews.org\/index.php\/wp-json\/wp\/v2\/categories?post=6417"},{"taxonomy":"post_tag","embeddable":true,"href":"https:\/\/conakrynews.org\/index.php\/wp-json\/wp\/v2\/tags?post=6417"}],"curies":[{"name":"wp","href":"https:\/\/api.w.org\/{rel}","templated":true}]}}