{"id":6430,"date":"2021-01-07T17:37:19","date_gmt":"2021-01-07T17:37:19","guid":{"rendered":"https:\/\/conakrynews.org\/?p=6430"},"modified":"2021-01-07T17:37:19","modified_gmt":"2021-01-07T17:37:19","slug":"guinee-justice-oumar-sylla-alias-fonike-mengue-sera-juge-le-lundi-11-janvier-prochain-au-tpi-de-mafanco","status":"publish","type":"post","link":"https:\/\/conakrynews.org\/index.php\/guinee-justice-oumar-sylla-alias-fonike-mengue-sera-juge-le-lundi-11-janvier-prochain-au-tpi-de-mafanco\/","title":{"rendered":"Guin\u00e9e\/Justice : Oumar Sylla alias, \u2018\u2019Fonik\u00e9 Mengu\u00e8\u2019\u2019 sera jug\u00e9 le lundi 11 janvier prochain au TPI de Mafanco"},"content":{"rendered":"<h1 class=\"name post-title entry-title\"><a style=\"font-family: Georgia, 'Times New Roman', 'Bitstream Charter', Times, serif;font-size: 16px\" title=\"\" href=\"https:\/\/www.guineequotidien.com\/author\/guiquo-admin\/\"><img loading=\"lazy\" decoding=\"async\" class=\"alignright size-medium wp-image-6431\" src=\"https:\/\/conakrynews.org\/wp-content\/uploads\/2021\/01\/fonikee-644x330-1-515x264.jpg\" alt=\"\" width=\"515\" height=\"264\" srcset=\"https:\/\/conakrynews.org\/wp-content\/uploads\/2021\/01\/fonikee-644x330-1-515x264.jpg 515w, https:\/\/conakrynews.org\/wp-content\/uploads\/2021\/01\/fonikee-644x330-1.jpg 644w\" sizes=\"auto, (max-width: 515px) 100vw, 515px\" \/><\/a><\/h1>\n<div class=\"clear\"><\/div>\n<div class=\"entry\">\n<p>Le jugement de Oumar Sylla alias, \u2018\u2019Fonik\u00e9 Mengu\u00e8\u2019\u2019, membre du Front National pour la D\u00e9fense de la Constitution (FNDC) est enfin programm\u00e9 pour le lundi 11\u00a0 janvier prochain au tribunal de premi\u00e8re instance de Mafanco dans la commune de Matam.<\/p>\n<p>Cette annonce a \u00e9t\u00e9 faite ce jeudi 7 janvier 2021 par son avocat Me. Salifou B\u00e9avogui au terme d\u2019une rencontre avec le procureur et la pr\u00e9sidente dudit tribunal.<\/p>\n<p>\u00c0 rappeler qu\u2019avant d\u2019entamer une gr\u00e8ve de la faim ces derniers temps en cellule pour manifester contre sa d\u00e9tention prolong\u00e9e \u00e0 la maison centrale de Conakry, Oumar Sylla alias, \u2018\u2019Fonik\u00e9 Mengu\u00e8\u2019\u2019 est un activiste qui luttait contre un troisi\u00e8me mandat d\u2019Alpha Cond\u00e9.<\/p>\n<p>&nbsp;<\/p>\n<p><strong>Fod\u00e9 Keita<\/strong><\/p>\n<\/div>\n","protected":false},"excerpt":{"rendered":"<p>Le jugement de Oumar Sylla alias, \u2018\u2019Fonik\u00e9 Mengu\u00e8\u2019\u2019, membre du Front National pour la D\u00e9fense de la Constitution (FNDC) est enfin programm\u00e9 pour le lundi 11\u00a0 janvier prochain au tribunal de premi\u00e8re instance de Mafanco dans la commune de Matam. Cette annonce a \u00e9t\u00e9 faite ce jeudi 7 janvier 2021 par son avocat Me. Salifou [&hellip;]<\/p>\n","protected":false},"author":2,"featured_media":6431,"comment_status":"open","ping_status":"open","sticky":false,"template":"","format":"standard","meta":{"footnotes":""},"categories":[1],"tags":[],"class_list":{"0":"post-6430","1":"post","2":"type-post","3":"status-publish","4":"format-standard","5":"has-post-thumbnail","7":"category-non-classe"},"_links":{"self":[{"href":"https:\/\/conakrynews.org\/index.php\/wp-json\/wp\/v2\/posts\/6430","targetHints":{"allow":["GET"]}}],"collection":[{"href":"https:\/\/conakrynews.org\/index.php\/wp-json\/wp\/v2\/posts"}],"about":[{"href":"https:\/\/conakrynews.org\/index.php\/wp-json\/wp\/v2\/types\/post"}],"author":[{"embeddable":true,"href":"https:\/\/conakrynews.org\/index.php\/wp-json\/wp\/v2\/users\/2"}],"replies":[{"embeddable":true,"href":"https:\/\/conakrynews.org\/index.php\/wp-json\/wp\/v2\/comments?post=6430"}],"version-history":[{"count":0,"href":"https:\/\/conakrynews.org\/index.php\/wp-json\/wp\/v2\/posts\/6430\/revisions"}],"wp:featuredmedia":[{"embeddable":true,"href":"https:\/\/conakrynews.org\/index.php\/wp-json\/wp\/v2\/media\/6431"}],"wp:attachment":[{"href":"https:\/\/conakrynews.org\/index.php\/wp-json\/wp\/v2\/media?parent=6430"}],"wp:term":[{"taxonomy":"category","embeddable":true,"href":"https:\/\/conakrynews.org\/index.php\/wp-json\/wp\/v2\/categories?post=6430"},{"taxonomy":"post_tag","embeddable":true,"href":"https:\/\/conakrynews.org\/index.php\/wp-json\/wp\/v2\/tags?post=6430"}],"curies":[{"name":"wp","href":"https:\/\/api.w.org\/{rel}","templated":true}]}}