{"id":6451,"date":"2021-01-08T13:40:55","date_gmt":"2021-01-08T13:40:55","guid":{"rendered":"https:\/\/conakrynews.org\/?p=6451"},"modified":"2021-01-08T13:40:55","modified_gmt":"2021-01-08T13:40:55","slug":"usa-le-congres-confirme-joe-biden-comme-president","status":"publish","type":"post","link":"https:\/\/conakrynews.org\/index.php\/usa-le-congres-confirme-joe-biden-comme-president\/","title":{"rendered":"USA: Le Congr\u00e8s confirme Joe Biden comme pr\u00e9sident"},"content":{"rendered":"<h1 class=\"name post-title entry-title\"><img loading=\"lazy\" decoding=\"async\" class=\"alignright size-medium wp-image-6452\" src=\"https:\/\/conakrynews.org\/wp-content\/uploads\/2021\/01\/congres-USA-624x330-1-515x272.jpg\" alt=\"\" width=\"515\" height=\"272\" srcset=\"https:\/\/conakrynews.org\/wp-content\/uploads\/2021\/01\/congres-USA-624x330-1-515x272.jpg 515w, https:\/\/conakrynews.org\/wp-content\/uploads\/2021\/01\/congres-USA-624x330-1.jpg 624w\" sizes=\"auto, (max-width: 515px) 100vw, 515px\" \/><\/h1>\n<p class=\"post-meta\">\n<div class=\"clear\"><\/div>\n<div class=\"entry\">\n<div class=\"css-hl9dz2-GridComponent e57qer20\" dir=\"ltr\">\n<p class=\"css-qg6qrj-Paragraph e1cc2ql70\" dir=\"ltr\"><b>Les votes \u00e9lectoraux ont \u00e9t\u00e9 approuv\u00e9s apr\u00e8s que le S\u00e9nat et la Chambre des repr\u00e9sentants ont rejet\u00e9 les objections aux votes dans les \u00c9tats de Pennsylvanie et d\u2019Arizona.<\/b><\/p>\n<\/div>\n<div class=\"css-hl9dz2-GridComponent e57qer20\" dir=\"ltr\">\n<p class=\"css-qg6qrj-Paragraph e1cc2ql70\" dir=\"ltr\">La session du Congr\u00e8s, normalement consacr\u00e9e \u00e0 la proc\u00e9dure, a \u00e9t\u00e9 perturb\u00e9e mercredi lorsque des partisans du pr\u00e9sident Trump ont pris d\u2019assaut le b\u00e2timent du Capitole.<\/p>\n<\/div>\n<div class=\"css-hl9dz2-GridComponent e57qer20\" dir=\"ltr\">\n<p class=\"css-qg6qrj-Paragraph e1cc2ql70\" dir=\"ltr\">La session a repris et s\u2019est poursuivie toute la nuit apr\u00e8s que le b\u00e2timent a \u00e9t\u00e9 \u00e9vacu\u00e9 par une intervention des forces de s\u00e9curit\u00e9.<\/p>\n<div class=\"css-hl9dz2-GridComponent e57qer20\" dir=\"ltr\">\n<p class=\"css-qg6qrj-Paragraph e1cc2ql70\" dir=\"ltr\"><b>Trump s\u2019engage<\/b><b>\u00a0<\/b><b>pour une \u00ab\u00a0transition ordonn\u00e9e\u00a0\u00bb<\/b><\/p>\n<\/div>\n<div class=\"css-hl9dz2-GridComponent e57qer20\" dir=\"ltr\">\n<p class=\"css-qg6qrj-Paragraph e1cc2ql70\" dir=\"ltr\">Le pr\u00e9sident Trump a publi\u00e9 une d\u00e9claration dans laquelle il s\u2019engage pour \u00a0\u00bb une transition ordonn\u00e9e le 20 janvier \u00a0\u00bb mais r\u00e9it\u00e8re ses all\u00e9gations non fond\u00e9es de fraude \u00e9lectorale.<\/p>\n<\/div>\n<div class=\"css-hl9dz2-GridComponent e57qer20\" dir=\"ltr\">\n<p class=\"css-qg6qrj-Paragraph e1cc2ql70\" dir=\"ltr\">\u00ab\u00a0M\u00eame si je suis en total d\u00e9saccord avec le r\u00e9sultat de l\u2019\u00e9lection, et que les faits me confirment, il y aura n\u00e9anmoins une transition ordonn\u00e9e le 20 janvier\u00a0\u00bb, a-t-il d\u00e9clar\u00e9, dans un commentaire publi\u00e9 sur le compte Twitter de son porte-parole.<\/p>\n<div class=\"css-hl9dz2-GridComponent e57qer20\" dir=\"ltr\">\n<p class=\"css-qg6qrj-Paragraph e1cc2ql70\" dir=\"ltr\">Le pr\u00e9sident Trump a temporairement \u00e9t\u00e9 incapable d\u2019utiliser son propre compte sur Twitter et sur Facebook.<\/p>\n<\/div>\n<div class=\"css-hl9dz2-GridComponent e57qer20\" dir=\"ltr\">\n<p class=\"css-qg6qrj-Paragraph e1cc2ql70\" dir=\"ltr\">\u00ab\u00a0J\u2019ai toujours dit que nous continuerions notre combat pour que seuls les votes l\u00e9gaux soient compt\u00e9s. Bien que cela repr\u00e9sente la fin du plus grand premier mandat de l\u2019histoire pr\u00e9sidentielle, ce n\u2019est que le d\u00e9but de notre combat pour rendre l\u2019Am\u00e9rique \u00e0 nouveau grande\u00a0\u00bb, a-t-il ajout\u00e9.<\/p>\n<\/div>\n<div class=\"css-hl9dz2-GridComponent e57qer20\" dir=\"ltr\">\n<p class=\"css-qg6qrj-Paragraph e1cc2ql70\" dir=\"ltr\">Plus de 60 proc\u00e8s intent\u00e9s par l\u2019\u00e9quipe de campagne de M. Trump pour contester le r\u00e9sultat de novembre ont \u00e9chou\u00e9.<\/p>\n<div class=\"css-hl9dz2-GridComponent e57qer20\" dir=\"ltr\">\n<p class=\"css-qg6qrj-Paragraph e1cc2ql70\" dir=\"ltr\">Plus t\u00f4t dans la journ\u00e9e, deux anciens fonctionnaires qui ont travaill\u00e9 en \u00e9troite collaboration avec Donald Trump se sont joints aux dirigeants politiques pour condamner la prise d\u2019assaut du Congr\u00e8s. L\u2019ancien secr\u00e9taire \u00e0 la d\u00e9fense James Mattis a directement accus\u00e9 Trump d\u2019alimenter la violence.<\/p>\n<\/div>\n<div class=\"css-hl9dz2-GridComponent e57qer20\" dir=\"ltr\">\n<p class=\"css-qg6qrj-Paragraph e1cc2ql70\" dir=\"ltr\">\u00ab\u00a0L\u2019attaque violente d\u2019aujourd\u2019hui contre notre Capitole, un effort pour soumettre la d\u00e9mocratie am\u00e9ricaine \u00e0 la loi de la populace, a \u00e9t\u00e9 foment\u00e9e par M. Trump\u00a0\u00bb, dit-il dans une d\u00e9claration.<\/p>\n<\/div>\n<div class=\"css-hl9dz2-GridComponent e57qer20\" dir=\"ltr\">\n<p class=\"css-qg6qrj-Paragraph e1cc2ql70\" dir=\"ltr\">Il a \u00e9galement affirm\u00e9 que M. Trump a \u00e9t\u00e9 \u00a0\u00bb aid\u00e9 par de pseudo-dirigeants politiques dont les noms vivront dans l\u2019infamie et la l\u00e2chet\u00e9\u00a0\u00bb.<\/p>\n<\/div>\n<div class=\"css-hl9dz2-GridComponent e57qer20\" dir=\"ltr\">\n<p class=\"css-qg6qrj-Paragraph e1cc2ql70\" dir=\"ltr\">Mattis a d\u00e9missionn\u00e9 de son poste en 2018 apr\u00e8s avoir \u00e9t\u00e9 en d\u00e9saccord avec le pr\u00e9sident sur la guerre en Syrie. Il a aussi vivement critiqu\u00e9 la r\u00e9ponse de Trump en juillet aux manifestations nationales de Black Lives Matter.<\/p>\n<div class=\"css-hl9dz2-GridComponent e57qer20\" dir=\"ltr\">\n<p class=\"css-qg6qrj-Paragraph e1cc2ql70\" dir=\"ltr\">Pour sa part, l\u2019ancien chef de cabinet \u00e0 la Maison Blanche John Kelly a publi\u00e9 sur Twitter que les Etats-Unis \u00ab\u00a0doivent regarder plus attentivement qui nous \u00e9lisons \u00e0 n\u2019importe quel poste dans notre pays\u00a0\u00bb.<\/p>\n<\/div>\n<div class=\"css-hl9dz2-GridComponent e57qer20\" dir=\"ltr\">\n<p class=\"css-qg6qrj-Paragraph e1cc2ql70\" dir=\"ltr\">Selon lui, le caract\u00e8re, la morale, l\u2019\u00e9thique et l\u2019int\u00e9grit\u00e9 des candidats devraient \u00eatre examin\u00e9s de plus pr\u00e8s.<\/p>\n<\/div>\n<div class=\"css-hl9dz2-GridComponent e57qer20\" dir=\"ltr\">\n<p class=\"css-qg6qrj-Paragraph e1cc2ql70\" dir=\"ltr\">Il a qualifi\u00e9 de \u00ab\u00a0pr\u00e9sidentielles\u00a0\u00bb les remarques du pr\u00e9sident \u00e9lu Joe Biden \u00e0 la nation concernant la violence au Capitole. Le g\u00e9n\u00e9ral \u00e0 la retraite a d\u00e9missionn\u00e9 de la Maison Blanche en 2018 et, comme Mattis, il a depuis critiqu\u00e9 publiquement Trump.<\/p>\n<\/div>\n<p dir=\"ltr\"><strong>Avec BBC<\/strong><\/p>\n<\/div>\n<\/div>\n<\/div>\n<\/div>\n<\/div>\n","protected":false},"excerpt":{"rendered":"<p>Les votes \u00e9lectoraux ont \u00e9t\u00e9 approuv\u00e9s apr\u00e8s que le S\u00e9nat et la Chambre des repr\u00e9sentants ont rejet\u00e9 les objections aux votes dans les \u00c9tats de Pennsylvanie et d\u2019Arizona. La session du Congr\u00e8s, normalement consacr\u00e9e \u00e0 la proc\u00e9dure, a \u00e9t\u00e9 perturb\u00e9e mercredi lorsque des partisans du pr\u00e9sident Trump ont pris d\u2019assaut le b\u00e2timent du Capitole. La [&hellip;]<\/p>\n","protected":false},"author":2,"featured_media":6452,"comment_status":"open","ping_status":"open","sticky":false,"template":"","format":"standard","meta":{"footnotes":""},"categories":[57],"tags":[],"class_list":{"0":"post-6451","1":"post","2":"type-post","3":"status-publish","4":"format-standard","5":"has-post-thumbnail","7":"category-politique"},"_links":{"self":[{"href":"https:\/\/conakrynews.org\/index.php\/wp-json\/wp\/v2\/posts\/6451","targetHints":{"allow":["GET"]}}],"collection":[{"href":"https:\/\/conakrynews.org\/index.php\/wp-json\/wp\/v2\/posts"}],"about":[{"href":"https:\/\/conakrynews.org\/index.php\/wp-json\/wp\/v2\/types\/post"}],"author":[{"embeddable":true,"href":"https:\/\/conakrynews.org\/index.php\/wp-json\/wp\/v2\/users\/2"}],"replies":[{"embeddable":true,"href":"https:\/\/conakrynews.org\/index.php\/wp-json\/wp\/v2\/comments?post=6451"}],"version-history":[{"count":0,"href":"https:\/\/conakrynews.org\/index.php\/wp-json\/wp\/v2\/posts\/6451\/revisions"}],"wp:featuredmedia":[{"embeddable":true,"href":"https:\/\/conakrynews.org\/index.php\/wp-json\/wp\/v2\/media\/6452"}],"wp:attachment":[{"href":"https:\/\/conakrynews.org\/index.php\/wp-json\/wp\/v2\/media?parent=6451"}],"wp:term":[{"taxonomy":"category","embeddable":true,"href":"https:\/\/conakrynews.org\/index.php\/wp-json\/wp\/v2\/categories?post=6451"},{"taxonomy":"post_tag","embeddable":true,"href":"https:\/\/conakrynews.org\/index.php\/wp-json\/wp\/v2\/tags?post=6451"}],"curies":[{"name":"wp","href":"https:\/\/api.w.org\/{rel}","templated":true}]}}