{"id":6456,"date":"2021-01-08T18:54:48","date_gmt":"2021-01-08T18:54:48","guid":{"rendered":"https:\/\/conakrynews.org\/?p=6456"},"modified":"2021-01-08T18:54:48","modified_gmt":"2021-01-08T18:54:48","slug":"candidatures-a-la-caf-ahmad-ecarte-antonio-souare-retenu-mais","status":"publish","type":"post","link":"https:\/\/conakrynews.org\/index.php\/candidatures-a-la-caf-ahmad-ecarte-antonio-souare-retenu-mais\/","title":{"rendered":"Candidatures \u00e0 la CAF : Ahmad \u00e9cart\u00e9, Antonio Souar\u00e9 retenu mais\u2026"},"content":{"rendered":"<div class=\"td-post-header td-pb-padding-side\">\n<header>\n<h1 class=\"entry-title\"><img loading=\"lazy\" decoding=\"async\" class=\"alignright size-medium wp-image-6457\" src=\"https:\/\/conakrynews.org\/wp-content\/uploads\/2021\/01\/Antonio-Souare-780x440-745x420-1-515x290.jpg\" alt=\"\" width=\"515\" height=\"290\" srcset=\"https:\/\/conakrynews.org\/wp-content\/uploads\/2021\/01\/Antonio-Souare-780x440-745x420-1-515x290.jpg 515w, https:\/\/conakrynews.org\/wp-content\/uploads\/2021\/01\/Antonio-Souare-780x440-745x420-1.jpg 745w\" sizes=\"auto, (max-width: 515px) 100vw, 515px\" \/><\/h1>\n<div class=\"meta-info\">\n<div class=\"td-post-author-name\">\n<div class=\"td-author-by\"><\/div>\n<\/div>\n<\/div>\n<\/header>\n<\/div>\n<div class=\"td-post-sharing td-post-sharing-top td-pb-padding-side\">\n<div class=\"td-default-sharing \">\n<div class=\"td-sp td-sp-facebook\"><\/div>\n<div class=\"td-sp td-sp-twitter\"><\/div>\n<div class=\"td-sp td-sp-googleplus\"><\/div>\n<div class=\"td-sp td-sp-pinterest\"><\/div>\n<div class=\"td-sp td-sp-whatsapp\"><\/div>\n<div class=\"clearfix\"><\/div>\n<\/div>\n<\/div>\n<div class=\"td-post-content td-pb-padding-side\">\n<div class=\"td-post-featured-image\"><\/div>\n<p>La Commission de Gouvernance de la Conf\u00e9d\u00e9ration Africaine de Football (CAF) s\u2019est r\u00e9unie au Caire les 5 et 6 janvier 2020, sur convocation de son Pr\u00e9sident Me Michel Kizito Brizoua-Bi, pour effectuer les contr\u00f4les d\u2019\u00e9ligibilit\u00e9 des candidats pour les postes de Pr\u00e9sident et de membres du Comit\u00e9 Ex\u00e9cutif de la CAF.<\/p>\n<p>Cinq candidatures ont \u00e9t\u00e9 officiellement enregistr\u00e9es pour le poste de Pr\u00e9sident de la CAF et seize candidatures pour les postes de membre du Comit\u00e9 Ex\u00e9cutif \u00e0 pourvoir.<\/p>\n<p>Au terme des travaux, la commission a statu\u00e9 comme suit :<\/p>\n<p>\u00d8 Candidats autoris\u00e9s \u00e0 figurer sur la liste des candidats \u00e9ligibles \u00e0 la Pr\u00e9sidence de la CAF :<\/p>\n<p>Me Augustin Emmanuel Senghor (S\u00e9n\u00e9gal), Avocat, 55 ans : Pr\u00e9sident de la F\u00e9d\u00e9ration S\u00e9n\u00e9galaise de Football depuis ao\u00fbt 2009 et membre du comit\u00e9 ex\u00e9cutif de la CAF depuis f\u00e9vrier 2018.<\/p>\n<p>M. Jacques Bernard Daniel Anouma (C\u00f4te d\u2019ivoire), 69 ans, Cadre Financier : Ancien membre du comit\u00e9 ex\u00e9cutif de la FIFA, ancien Pr\u00e9sident de la F\u00e9d\u00e9ration Ivoirienne de Football et Pr\u00e9sident d\u2019Honneur de la F\u00e9d\u00e9ration Ivoirienne de Football.<\/p>\n<p>\u00d8 Candidat d\u00e9clar\u00e9 in\u00e9ligible :<\/p>\n<p>M. Ahmad Ahmad (Madagascar), Pr\u00e9sident sortant<\/p>\n<p>\u00d8 Candidats \u00e0 la Pr\u00e9sidence n\u00e9cessitant des v\u00e9rifications compl\u00e9mentaires :<\/p>\n<p>M. Ahmed Yahya (Mauritanie), 44 ans, Homme d\u2019affaires, Pr\u00e9sident de F\u00e9d\u00e9ration Mauritanienne de football et Membre du Comit\u00e9 Ex\u00e9cutif.<\/p>\n<p>M. Patrice Tlhopane Motsepe (Afrique du Sud), 58 ans, Homme d\u2019affaires, Pr\u00e9sident de Club (Mamelodi Sundowns FC).<\/p>\n<p>Leurs candidatures ont \u00e9t\u00e9 jug\u00e9es recevables. Cependant, la commission a estim\u00e9 que des v\u00e9rifications compl\u00e9mentaires sont n\u00e9cessaires avant une d\u00e9cision finale. A cet effet, une audition de ces candidats sera organis\u00e9e au Caire le 28 janvier 2021.<\/p>\n<p>\u00d8 Candidats autoris\u00e9s \u00e0 figurer sur la liste des candidats \u00e9ligibles \u00e0 l\u2019\u00e9lection des membres du Comit\u00e9 Ex\u00e9cutif<\/p>\n<p>Wadie Jary ( Tunisie )<\/p>\n<p>Mustapha Ishola Raji ( Lib\u00e9ria)<\/p>\n<p>Djibrilla Hima Hamidou (Niger)<\/p>\n<p>Edwin Simeon- Okraku (Ghana)<\/p>\n<p>Adoum Djibrine (Tchad)<\/p>\n<p>Suleiman Waberi (Djibouti)<\/p>\n<p>Isayas Jira ( Ethiopie)<\/p>\n<p>Feizal Ismael Sidat (Mozambique)<\/p>\n<p>Elvis Raja Chetty (Seychelles)<\/p>\n<p>Maclean Cortez Letshwithi (Botswana)<\/p>\n<p>Kanizat Ibrahim ( Comores)<\/p>\n<p>Patricia Rajeriarison (Madagascar)<\/p>\n<p>Lawson Hogban-Latr\u00e9-Kayti Edzona (Togo)<\/p>\n<p>\u00d8 Candidatures au Comit\u00e9 Ex\u00e9cutif n\u00e9cessitant des v\u00e9rifications compl\u00e9mentaires :<\/p>\n<p>Mamadou Antonio Souar\u00e9 (Guin\u00e9e)<\/p>\n<p>Seidou Mbombo Njoya (Cameroun)<\/p>\n<p>Arthur De Almeida E. Silva (Angola)<\/p>\n<p>Leurs candidatures ont \u00e9t\u00e9 jug\u00e9es recevables. Cependant, la commission a estim\u00e9 que des v\u00e9rifications compl\u00e9mentaires sont n\u00e9cessaires avant une d\u00e9cision finale. A cet effet, une audition de ces candidats sera organis\u00e9e au Caire le 28 janvier 2021.<\/p>\n<p>La CAF \u00e9lira pour un mandat de quatre ans le successeur de M. Ahmad Ahmad lors de la 43eme Assembl\u00e9e g\u00e9n\u00e9rale ordinaire \u00e9lective pr\u00e9vue le 12 mars 2021 \u00e0 Rabat au Maroc.<\/p>\n<p>Par ailleurs, pour les candidats au Conseil de la FIFA, le contr\u00f4le d\u2019\u00e9ligibilit\u00e9 est en cours au niveau des instances de la FIFA et le r\u00e9sultat sera communiqu\u00e9 en temps utile.<\/p>\n<p>A propos des missions de la Commission de Gouvernance de la CAF :<\/p>\n<p>La commission de gouvernance est l\u2019un des quatre organes ind\u00e9pendants de la CAF.Elle est compos\u00e9e d\u2019\u00e9minents juristes du continent, reconnus pour leur expertise et leur probit\u00e9 morale. Elle est pr\u00e9sid\u00e9e par Michel Brizoua-Bi (C\u00f4te d\u2019Ivoire), Vice-Pr\u00e9sident Happi Dieudonn\u00e9 (Cameroun), et Maya Boureghda (Tunisie), Monica Musonda (Zambie), Tumi Dlamini (Afrique du Sud), membres. Conform\u00e9ment \u00e0 l\u2019article 44 des statuts de la Conf\u00e9d\u00e9ration Africaine de football, la commission de gouvernance a analys\u00e9 scrupuleusement les candidatures re\u00e7ues en s\u2019appuyant sur le rapport \u00e9tabli par une soci\u00e9t\u00e9 internationale et ind\u00e9pendante de services d\u2019investigation, sp\u00e9cialis\u00e9e dans les contr\u00f4les d\u2019int\u00e9grit\u00e9 -firme internationale partenaire notamment de la FIFA- de m\u00eame que sur les informations fournies par le\/la candidat(e) concern\u00e9(e) \u00e0 travers un questionnaire d\u2019\u00e9ligibilit\u00e9. En application des r\u00e8gles et bonnes pratiques en vigueur, lors de l\u2019examen des candidatures de Messieurs Motsepe, Anouma, Njoya et Jary, chaque membre ayant la m\u00eame nationalit\u00e9 qu\u2019un candidat, s\u2019est retir\u00e9 et n\u2019a pas pris part \u00e0 la d\u00e9cision de la commission.<\/p>\n<p>Le Caire, le 7 janvier 2021<\/p>\n<p>Source : CAF<\/p>\n<\/div>\n","protected":false},"excerpt":{"rendered":"<p>La Commission de Gouvernance de la Conf\u00e9d\u00e9ration Africaine de Football (CAF) s\u2019est r\u00e9unie au Caire les 5 et 6 janvier 2020, sur convocation de son Pr\u00e9sident Me Michel Kizito Brizoua-Bi, pour effectuer les contr\u00f4les d\u2019\u00e9ligibilit\u00e9 des candidats pour les postes de Pr\u00e9sident et de membres du Comit\u00e9 Ex\u00e9cutif de la CAF. Cinq candidatures ont \u00e9t\u00e9 [&hellip;]<\/p>\n","protected":false},"author":2,"featured_media":6457,"comment_status":"open","ping_status":"open","sticky":false,"template":"","format":"standard","meta":{"footnotes":""},"categories":[64],"tags":[],"class_list":{"0":"post-6456","1":"post","2":"type-post","3":"status-publish","4":"format-standard","5":"has-post-thumbnail","7":"category-sport"},"_links":{"self":[{"href":"https:\/\/conakrynews.org\/index.php\/wp-json\/wp\/v2\/posts\/6456","targetHints":{"allow":["GET"]}}],"collection":[{"href":"https:\/\/conakrynews.org\/index.php\/wp-json\/wp\/v2\/posts"}],"about":[{"href":"https:\/\/conakrynews.org\/index.php\/wp-json\/wp\/v2\/types\/post"}],"author":[{"embeddable":true,"href":"https:\/\/conakrynews.org\/index.php\/wp-json\/wp\/v2\/users\/2"}],"replies":[{"embeddable":true,"href":"https:\/\/conakrynews.org\/index.php\/wp-json\/wp\/v2\/comments?post=6456"}],"version-history":[{"count":0,"href":"https:\/\/conakrynews.org\/index.php\/wp-json\/wp\/v2\/posts\/6456\/revisions"}],"wp:featuredmedia":[{"embeddable":true,"href":"https:\/\/conakrynews.org\/index.php\/wp-json\/wp\/v2\/media\/6457"}],"wp:attachment":[{"href":"https:\/\/conakrynews.org\/index.php\/wp-json\/wp\/v2\/media?parent=6456"}],"wp:term":[{"taxonomy":"category","embeddable":true,"href":"https:\/\/conakrynews.org\/index.php\/wp-json\/wp\/v2\/categories?post=6456"},{"taxonomy":"post_tag","embeddable":true,"href":"https:\/\/conakrynews.org\/index.php\/wp-json\/wp\/v2\/tags?post=6456"}],"curies":[{"name":"wp","href":"https:\/\/api.w.org\/{rel}","templated":true}]}}