{"id":6465,"date":"2021-01-09T20:22:00","date_gmt":"2021-01-09T20:22:00","guid":{"rendered":"https:\/\/conakrynews.org\/?p=6465"},"modified":"2021-01-09T21:40:46","modified_gmt":"2021-01-09T21:40:46","slug":"conakry-des-premieres-epreuves-du-concours-dadmission-dans-les-ecoles-professionnelles-lancees-par-michel-koivogui","status":"publish","type":"post","link":"https:\/\/conakrynews.org\/index.php\/conakry-des-premieres-epreuves-du-concours-dadmission-dans-les-ecoles-professionnelles-lancees-par-michel-koivogui\/","title":{"rendered":"Conakry :Des premi\u00e8res \u00e9preuves du concours d&rsquo;admission dans les \u00c9coles professionnelles lanc\u00e9es par Michel Koivogui"},"content":{"rendered":"<div class=\"td-post-header\">\n<header class=\"td-post-title\">\n<h1 class=\"entry-title\"><img loading=\"lazy\" decoding=\"async\" class=\"alignright size-medium wp-image-6471\" src=\"https:\/\/conakrynews.org\/wp-content\/uploads\/2021\/01\/IMG_20210109_090831_0-515x247.jpg\" alt=\"\" width=\"515\" height=\"247\" srcset=\"https:\/\/conakrynews.org\/wp-content\/uploads\/2021\/01\/IMG_20210109_090831_0-515x247.jpg 515w, https:\/\/conakrynews.org\/wp-content\/uploads\/2021\/01\/IMG_20210109_090831_0-768x369.jpg 768w, https:\/\/conakrynews.org\/wp-content\/uploads\/2021\/01\/IMG_20210109_090831_0-1536x737.jpg 1536w, https:\/\/conakrynews.org\/wp-content\/uploads\/2021\/01\/IMG_20210109_090831_0-2048x983.jpg 2048w\" sizes=\"auto, (max-width: 515px) 100vw, 515px\" \/><img loading=\"lazy\" decoding=\"async\" class=\"alignright size-medium wp-image-6472\" src=\"https:\/\/conakrynews.org\/wp-content\/uploads\/2021\/01\/IMG_20210109_090717_7-515x247.jpg\" alt=\"\" width=\"515\" height=\"247\" srcset=\"https:\/\/conakrynews.org\/wp-content\/uploads\/2021\/01\/IMG_20210109_090717_7-515x247.jpg 515w, https:\/\/conakrynews.org\/wp-content\/uploads\/2021\/01\/IMG_20210109_090717_7-768x369.jpg 768w, https:\/\/conakrynews.org\/wp-content\/uploads\/2021\/01\/IMG_20210109_090717_7-1536x737.jpg 1536w, https:\/\/conakrynews.org\/wp-content\/uploads\/2021\/01\/IMG_20210109_090717_7-2048x983.jpg 2048w\" sizes=\"auto, (max-width: 515px) 100vw, 515px\" \/><img loading=\"lazy\" decoding=\"async\" class=\"alignright size-medium wp-image-6473\" src=\"https:\/\/conakrynews.org\/wp-content\/uploads\/2021\/01\/IMG_20210109_090524_2-515x247.jpg\" alt=\"\" width=\"515\" height=\"247\" srcset=\"https:\/\/conakrynews.org\/wp-content\/uploads\/2021\/01\/IMG_20210109_090524_2-515x247.jpg 515w, https:\/\/conakrynews.org\/wp-content\/uploads\/2021\/01\/IMG_20210109_090524_2-768x369.jpg 768w, https:\/\/conakrynews.org\/wp-content\/uploads\/2021\/01\/IMG_20210109_090524_2-1536x737.jpg 1536w, https:\/\/conakrynews.org\/wp-content\/uploads\/2021\/01\/IMG_20210109_090524_2-2048x983.jpg 2048w\" sizes=\"auto, (max-width: 515px) 100vw, 515px\" \/><\/h1>\n<div class=\"td-module-meta-info\">\n<div class=\"td-post-author-name\">\n<div class=\"td-author-line\"><\/div>\n<\/div>\n<\/div>\n<\/header>\n<\/div>\n<div class=\"td-post-sharing td-post-sharing-top \">\n<div class=\"td-default-sharing\"><i class=\"td-icon-facebook\"><\/i>\u00a0<i class=\"td-icon-twitter\"><\/i>\u00a0<i class=\"td-icon-googleplus\"><\/i>\u00a0<i class=\"td-icon-pinterest\"><\/i>\u00a0<i class=\"td-icon-whatsapp\"><\/i><\/div>\n<\/div>\n<div class=\"td-post-content\">\n<div class=\"td-post-featured-image\"><a class=\"td-modal-image\" href=\"https:\/\/liberationinfo.com\/wp-content\/uploads\/2021\/01\/received_2981479612138351-1.jpg\" data-caption=\"\"><img loading=\"lazy\" decoding=\"async\" class=\"entry-thumb td-animation-stack-type0-1\" title=\"received_2981479612138351-1\" src=\"https:\/\/liberationinfo.com\/wp-content\/uploads\/2021\/01\/received_2981479612138351-1-696x500.jpg\" alt=\"\" width=\"696\" height=\"500\" \/><\/a><\/div>\n<div><\/div>\n<div><\/div>\n<div><strong>Ce Samedi,09 janvier 2021,les\u00a0 responsables du ministere de l&rsquo;Enseignement Technique,de la formation Professionnelle et de\u00a0 l&rsquo;Emploi ont proced\u00e9 au lancement officiel du concours national d\u2019admission<\/strong><strong>\u00a0 dans les\u00a0 \u00e9coles professionnelles.Cette\u00a0 c\u00e9r\u00e9monie de lancement des premi\u00e8res preuves du concours d&rsquo;acc\u00e8s aux \u00e9coles professionnelles\u00a0 s&rsquo;est d\u00e9roul\u00e9e sous la presidence du secr\u00e9taire g\u00e9n\u00e9ral \u00a0dudit minist\u00e8re,M.Michel Koivogui,ainsi que la pr\u00e9sence du\u00a0 chef de cabinet et de Madame la daffe du minist\u00e8re de l&rsquo;Enseignement\u00a0 TEchnique,de la formation professionnelle et de l&rsquo;Emploi.<\/strong><\/div>\n<div><\/div>\n<div><strong>Cette c\u00e9r\u00e9monie\u00a0 \u00a0s&rsquo;est tenue\u00a0 dans les locaux de\u00a0 \u00a0l\u2019\u00e9cole nationale de secr\u00e9tariat administratif guin\u00e9en (ENSAG).<\/strong><\/div>\n<div><\/div>\n<div><strong>Pour cette ann\u00e9e,ils sont au total\u00a0 5637 candidats dont 615 pour les ERAM, 262 pour les ENI et 4 760 venus des \u00e9coles priv\u00e9es de sant\u00e9, qui participent \u00e0 ce concours national<\/strong>.<\/div>\n<div><\/div>\n<div><em>Prenant la parole,le secr\u00e9taire g\u00e9n\u00e9ral du minist\u00e8re de l&rsquo;Enseignement Technique de la formation professionnelle et de l&rsquo;Emploi,M.Michel Koivogui, a declar\u00e9:\u2039\u2039 C\u2019est un devoir pour le minist\u00e8re de l\u2019enseignement technique de recruter des jeunes guin\u00e9ens et de les placer au niveau des \u00e9coles de formation professionnelle pour qu\u2019ils puissent b\u00e9n\u00e9ficier d\u2019une comp\u00e9tence leur permettant de s\u2019ins\u00e9rer dans la vie professionnelle de la soci\u00e9t\u00e9. C\u2019est vrai qu\u2019il y a eu un premier recrutement parmi ces candidats. Mais nous ne l\u2019avions pas fait pour les ERAM. Et les ENI n\u2019ont pas \u00e9t\u00e9 suffisamment combl\u00e9es. Ensuite, les \u00e9coles priv\u00e9es n\u2019ont pas pu avoir le quota qu\u2019elles souhaitaient.<\/em><\/div>\n<div><em>Nous nous sommes dit, pour une question d\u2019obligation d\u2019\u00e9quit\u00e9 et de normalisation, nous devons refaire un deuxi\u00e8me concours de recrutement permettant non seulement de pouvoir ouvrir les ERAM, de compl\u00e9ter les effectifs des ENI mais aussi, aux \u00e9coles priv\u00e9es d\u2019engager\u00a0 le nombre de candidats qu\u2019elles souhaitent \u00bb<\/em>, a d\u00e9clar\u00e9 le le secr\u00e9taire g\u00e9n\u00e9ral du minist\u00e8re de l&rsquo;Enseignement TEchnique de la formation professionnelle et de l&rsquo;Emploi.<\/div>\n<div>\n<div><\/div>\n<div><\/div>\n<div><strong>Rench\u00e9rissement,le secr\u00e9taire g\u00e9n\u00e9ral du minist\u00e8re de l&rsquo;Enseignement TEchnique de la formation professionnelle et de l&rsquo;Emploi, a soulign\u00e9 :\u2039\u2039 Nous<\/strong><em> estimons que tout candidat qui postule et qui veut apprendre \u00e0 l\u2019enseignement technique doit \u00eatre d\u2019abord d\u2019une moralit\u00e9 irr\u00e9prochable;c\u2019est-\u00e0-dire, il doit \u00e9viter de copier ou de tricher. Les surveillants sont invit\u00e9s \u00e0 observer la m\u00eame rigueur, ils ne seront pas m\u00e9chants mais rigoureux pour que seulement les m\u00e9ritants puissent \u00eatre admis, a-t-il soulign\u00e9.<\/em><\/div>\n<div><\/div>\n<div><em>Selon le secr\u00e9taire g\u00e9n\u00e9ral,pour cette fois-ci, la nouveaut\u00e9 c\u2019est l\u2019inauguration des ERAM (Ecoles R\u00e9gionales des Arts et M\u00e9tiers) notamment de Bok\u00e9, Lab\u00e9, Siguiri et Nz\u00e9r\u00e9kor\u00e9 qui re\u00e7oivent au total 615 candidats.<\/em><\/div>\n<div><\/div>\n<div><em>\u2039\u2039Ces \u00e9coles sont d\u00e9sormais pr\u00eates pour accueillir des apprenants.<\/em><\/div>\n<\/div>\n<div><em>Les ERAM sont pr\u00eates dans la mesure o\u00f9 les infrastructures sont finies, les \u00e9quipements sont l\u00e0, les formateurs sont form\u00e9s et affect\u00e9s dans les centres. Nous sommes en train de recruter, parall\u00e8lement finaliser les installations et former les formateurs qui doivent les utiliser. Il y a une particularit\u00e9 que l\u2019on doit comprendre : chacun se dit \u00e9cole des arts et m\u00e9tiers et on les compare \u00e0 l\u2019ENAM. Quand bien-m\u00eame l\u2019ENAM est une \u00e9cole nationale des arts et m\u00e9tiers, mais elle s\u2019occupe du secteur secondaire uniquement alors que les \u00e9coles r\u00e9gionales des arts et m\u00e9tiers qui sont dans les huit r\u00e9gions vont non seulement \u00e9voluer dans le secondaire mais aussi le primaire et tertiaire. Ce qui est une fondamentale diff\u00e9rence. Les formateurs de ces ERAM sont form\u00e9s sp\u00e9cialement sur les fili\u00e8res bien d\u00e9finies dont ont besoin les secteurs cit\u00e9s ci-haut, a\u00a0 fait <\/em>\u00a0 Michel Koivogui.<\/div>\n<div><\/div>\n<div><strong>Interrog\u00e9e,Mme Fatou Tour\u00e9, l\u2019inspetrice r\u00e9gionale du minist\u00e8re de l\u2019Enseignement ,\u00a0 de la formation professionnelle et de l\u2019emploi, a\u00a0 rappel\u00e9\u00a0 des\u00a0 dispositions s\u00e9curitaires et sanitaires prises par le d\u00e9partement pour le bon d\u00e9roulement des \u00e9preuves.\u2039\u2039 Les candidats sont soumis au lavage de mains\u00a0 \u00a0ainsi qu\u2019au port obligatoire de masques. Cette mesure sanitaire est respect\u00e9e \u00e9galement par l\u2019ensemble des surveillants et encadreurs\u203a\u203a, a\u00a0 \u00a0indiqu\u00e9 l&rsquo;inspectrice r\u00e9gionale du minist\u00e8re de l&rsquo;Enseignement TEchnique,de la formation professionnelle et de l&rsquo;Emploi.<\/strong><\/div>\n<div><\/div>\n<div><i>Sylla Ibrahima Kalil pour www.conakrynews.org 625444534<\/i><\/div>\n<\/div>\n","protected":false},"excerpt":{"rendered":"<p>\u00a0\u00a0\u00a0\u00a0 Ce Samedi,09 janvier 2021,les\u00a0 responsables du ministere de l&rsquo;Enseignement Technique,de la formation Professionnelle et de\u00a0 l&rsquo;Emploi ont proced\u00e9 au lancement officiel du concours national d\u2019admission\u00a0 dans les\u00a0 \u00e9coles professionnelles.Cette\u00a0 c\u00e9r\u00e9monie de lancement des premi\u00e8res preuves du concours d&rsquo;acc\u00e8s aux \u00e9coles professionnelles\u00a0 s&rsquo;est d\u00e9roul\u00e9e sous la presidence du secr\u00e9taire g\u00e9n\u00e9ral \u00a0dudit minist\u00e8re,M.Michel Koivogui,ainsi que la [&hellip;]<\/p>\n","protected":false},"author":2,"featured_media":6472,"comment_status":"open","ping_status":"open","sticky":false,"template":"","format":"standard","meta":{"footnotes":""},"categories":[62],"tags":[],"class_list":{"0":"post-6465","1":"post","2":"type-post","3":"status-publish","4":"format-standard","5":"has-post-thumbnail","7":"category-culture"},"_links":{"self":[{"href":"https:\/\/conakrynews.org\/index.php\/wp-json\/wp\/v2\/posts\/6465","targetHints":{"allow":["GET"]}}],"collection":[{"href":"https:\/\/conakrynews.org\/index.php\/wp-json\/wp\/v2\/posts"}],"about":[{"href":"https:\/\/conakrynews.org\/index.php\/wp-json\/wp\/v2\/types\/post"}],"author":[{"embeddable":true,"href":"https:\/\/conakrynews.org\/index.php\/wp-json\/wp\/v2\/users\/2"}],"replies":[{"embeddable":true,"href":"https:\/\/conakrynews.org\/index.php\/wp-json\/wp\/v2\/comments?post=6465"}],"version-history":[{"count":0,"href":"https:\/\/conakrynews.org\/index.php\/wp-json\/wp\/v2\/posts\/6465\/revisions"}],"wp:featuredmedia":[{"embeddable":true,"href":"https:\/\/conakrynews.org\/index.php\/wp-json\/wp\/v2\/media\/6472"}],"wp:attachment":[{"href":"https:\/\/conakrynews.org\/index.php\/wp-json\/wp\/v2\/media?parent=6465"}],"wp:term":[{"taxonomy":"category","embeddable":true,"href":"https:\/\/conakrynews.org\/index.php\/wp-json\/wp\/v2\/categories?post=6465"},{"taxonomy":"post_tag","embeddable":true,"href":"https:\/\/conakrynews.org\/index.php\/wp-json\/wp\/v2\/tags?post=6465"}],"curies":[{"name":"wp","href":"https:\/\/api.w.org\/{rel}","templated":true}]}}