{"id":6477,"date":"2021-01-11T09:27:50","date_gmt":"2021-01-11T09:27:50","guid":{"rendered":"https:\/\/conakrynews.org\/?p=6477"},"modified":"2021-01-11T09:30:02","modified_gmt":"2021-01-11T09:30:02","slug":"guinee-cooperation-le-vice-president-du-malien-assimi-goita-recu-en-audience-par-le-chef-de-letat-pr-alpha-conde","status":"publish","type":"post","link":"https:\/\/conakrynews.org\/index.php\/guinee-cooperation-le-vice-president-du-malien-assimi-goita-recu-en-audience-par-le-chef-de-letat-pr-alpha-conde\/","title":{"rendered":"Guin\u00e9e\/Coop\u00e9ration : le vice-pr\u00e9sident du Malien, Assimi Go\u00efta re\u00e7u en audience par le chef de l\u2019Etat Pr Alpha Cond\u00e9"},"content":{"rendered":"<h1 class=\"name post-title entry-title\"><img loading=\"lazy\" decoding=\"async\" class=\"alignright size-full wp-image-6478\" src=\"https:\/\/conakrynews.org\/wp-content\/uploads\/2021\/01\/audience-Assimi.jpg\" alt=\"\" width=\"480\" height=\"320\" \/><\/h1>\n<div class=\"clear\"><\/div>\n<div class=\"entry\">\n<p>Le pr\u00e9sident de la R\u00e9publique, Pr Alpha Cond\u00e9 a re\u00e7u en audience ce vendredi, 8 janvier 2021 au palais S\u00e9khoutoureyah, le vice-pr\u00e9sident du Mali, Assimi Go\u00efta,a-t-on appris de source officielle.<\/p>\n<p>Selon les informations, le vice-pr\u00e9sident malien, Assimi Go\u00efta est\u00a0 en Guin\u00e9e il y a quelques heures dans le cadre de la coop\u00e9ration entre les deux pays fr\u00e8res.<\/p>\n<p>Dans une publication faite sur sa page, le chef de l\u2019Etat guin\u00e9en, Pr Alpha Cond\u00e9 a indiqu\u00e9 que son pays \u00a0\u00a0est pleinement engag\u00e9 dans la r\u00e9solution globale de la crise malienne.<\/p>\n<p>Nous y reviendrons<\/p>\n<p><strong>\u00a0<\/strong><\/p>\n<p><strong>Fanta Kamano<\/strong><\/p>\n<\/div>\n","protected":false},"excerpt":{"rendered":"<p>Le pr\u00e9sident de la R\u00e9publique, Pr Alpha Cond\u00e9 a re\u00e7u en audience ce vendredi, 8 janvier 2021 au palais S\u00e9khoutoureyah, le vice-pr\u00e9sident du Mali, Assimi Go\u00efta,a-t-on appris de source officielle. Selon les informations, le vice-pr\u00e9sident malien, Assimi Go\u00efta est\u00a0 en Guin\u00e9e il y a quelques heures dans le cadre de la coop\u00e9ration entre les deux [&hellip;]<\/p>\n","protected":false},"author":2,"featured_media":6478,"comment_status":"open","ping_status":"open","sticky":false,"template":"","format":"standard","meta":{"footnotes":""},"categories":[57],"tags":[],"class_list":{"0":"post-6477","1":"post","2":"type-post","3":"status-publish","4":"format-standard","5":"has-post-thumbnail","7":"category-politique"},"_links":{"self":[{"href":"https:\/\/conakrynews.org\/index.php\/wp-json\/wp\/v2\/posts\/6477","targetHints":{"allow":["GET"]}}],"collection":[{"href":"https:\/\/conakrynews.org\/index.php\/wp-json\/wp\/v2\/posts"}],"about":[{"href":"https:\/\/conakrynews.org\/index.php\/wp-json\/wp\/v2\/types\/post"}],"author":[{"embeddable":true,"href":"https:\/\/conakrynews.org\/index.php\/wp-json\/wp\/v2\/users\/2"}],"replies":[{"embeddable":true,"href":"https:\/\/conakrynews.org\/index.php\/wp-json\/wp\/v2\/comments?post=6477"}],"version-history":[{"count":0,"href":"https:\/\/conakrynews.org\/index.php\/wp-json\/wp\/v2\/posts\/6477\/revisions"}],"wp:featuredmedia":[{"embeddable":true,"href":"https:\/\/conakrynews.org\/index.php\/wp-json\/wp\/v2\/media\/6478"}],"wp:attachment":[{"href":"https:\/\/conakrynews.org\/index.php\/wp-json\/wp\/v2\/media?parent=6477"}],"wp:term":[{"taxonomy":"category","embeddable":true,"href":"https:\/\/conakrynews.org\/index.php\/wp-json\/wp\/v2\/categories?post=6477"},{"taxonomy":"post_tag","embeddable":true,"href":"https:\/\/conakrynews.org\/index.php\/wp-json\/wp\/v2\/tags?post=6477"}],"curies":[{"name":"wp","href":"https:\/\/api.w.org\/{rel}","templated":true}]}}