{"id":6483,"date":"2021-01-11T10:15:25","date_gmt":"2021-01-11T10:15:25","guid":{"rendered":"https:\/\/conakrynews.org\/?p=6483"},"modified":"2021-01-11T10:18:05","modified_gmt":"2021-01-11T10:18:05","slug":"paternite-de-macenta-les-mises-en-garde-des-toma-aux-toma-manian","status":"publish","type":"post","link":"https:\/\/conakrynews.org\/index.php\/paternite-de-macenta-les-mises-en-garde-des-toma-aux-toma-manian\/","title":{"rendered":"Paternit\u00e9 de Macenta : les mises en garde des Toma aux Toma-Manian"},"content":{"rendered":"<h1 class=\"name post-title entry-title\"><img loading=\"lazy\" decoding=\"async\" class=\"alignright size-medium wp-image-6485\" src=\"https:\/\/conakrynews.org\/wp-content\/uploads\/2021\/01\/20210109_132155-660x330-1-515x258.jpg\" alt=\"\" width=\"515\" height=\"258\" srcset=\"https:\/\/conakrynews.org\/wp-content\/uploads\/2021\/01\/20210109_132155-660x330-1-515x258.jpg 515w, https:\/\/conakrynews.org\/wp-content\/uploads\/2021\/01\/20210109_132155-660x330-1.jpg 660w\" sizes=\"auto, (max-width: 515px) 100vw, 515px\" \/><\/h1>\n<div class=\"clear\"><\/div>\n<div class=\"entry\">\n<p><strong>Les ressortissants de la communaut\u00e9 Toma ont fait une d\u00e9claration samedi 9 janvier 2021 suite au conflit intercommunautaire qui a eu lieu entre Toma et Toma-Manian dans la commune urbaine de Macenta.<\/strong><\/p>\n<p><strong>Voici l\u2019int\u00e9gralit\u00e9 de la d\u00e9claration qui a \u00e9t\u00e9 rendu public par Benjamin B\u00e9avogui dans la salle de conf\u00e9rence de la maison de la presse sise \u00e0 Kip\u00e9\/Ratoma. \u00a0<\/strong><\/p>\n<p>Suite aux \u00e9v\u00e8nements malheureux survenus \u00e0 Macenta au sujet de<br \/>\nl\u2019inauguration de la r\u00e9sidence du patriarche du 26 au 27 d\u00e9cembre 2020, ayant entrain\u00e9 vingt-deux (22) morts et de nombreux bless\u00e9s ainsi que des d\u00e9g\u00e2ts mat\u00e9riels importants, nous, jeunes loma\u00a0 de Macenta r\u00e9sidents \u00e0 Conakry, regrettons de tels actes de barbarie.<\/p>\n<p>Nous adressons nos Condol\u00e9ances les plus attrist\u00e9es aux familles<br \/>\nendeuill\u00e9es et souhaitons un r\u00e9tablissement rapide aux bless\u00e9s.<br \/>\nCependant, nous contestons un paradoxe \u00e0 Macenta: Une communaut\u00e9 qui revendique le statut de fondateur d\u2019une ville o\u00f9 ses arri\u00e8res parents ont \u00e9t\u00e9 accueillis\u00a0 avec hospitalit\u00e9. ( Lire le rapport final du PNUD sur l\u2019\u00c9tude diagnostique des causes des<br \/>\nConflits r\u00e9currents en Guin\u00e9e foresti\u00e8re, 2016, \u00e0 la page 45 et 71<br \/>\ndisponible sure net).<\/p>\n<p>La chefferie traditionnelle ne s\u2019acquiert pas par les armes, ni par<br \/>\nl\u2019intelligence ou les moyens, \u00abelle se transmet par h\u00e9ritage de p\u00e8re aux fr\u00e8res et fils ou aux neveux<br \/>\n(lire les ouvrages de Jacques Germain, Peuples de la For\u00eat publi\u00e9 en 1984, et \u00a0de Domi Jean-Marie Dor\u00e9, La r\u00e9sistance contre l\u2019occupation coloniale en R\u00e9gion Foresti\u00e8re<br \/>\npubli\u00e9 en 2009).<\/p>\n<p>Par m\u00e9connaissance de l\u2019histoire g\u00e9n\u00e9rale de la Guin\u00e9e qui reconnait<br \/>\nle statut\u00a0 d\u2019autochtones aux peuples de la for\u00eat dont les Toma ou Loma \u00e0 Macenta, les Kp\u00e9l\u00e8 \u00e0 Nz\u00e9r\u00e9kor\u00e9, les K\u00f6n\u00f6 \u00e0 Lola,\u00a0 les Manon \u00e0 Yomou et les Kissi \u00e0 Gu\u00e9ck\u00e9dou et Kissidougou, ces personnes continuent de propager des contre v\u00e9rit\u00e9s.<br \/>\nQui peut\u00a0 contester l\u2019administrateur colonial Jacques Germain et<br \/>\nl\u2019\u00e9crivain Domi Jean-Marie Dor\u00e9 ?<\/p>\n<p>Les Toma se sont d\u2019abord s\u00e9dentaris\u00e9s en pays Kouranko et Kissi<br \/>\nactuels vers 1570-1600, avant de descendre en trois vagues<br \/>\nsuccessives vers Macenta o\u00f9 ils n\u2019ont trouv\u00e9\u00a0 sur\u00a0 les lieux aucune esp\u00e8ce de vie humaine avant de rencontrer les Kp\u00e9l\u00e8\u00a0 \u00e0 l\u2019Est.\u00a0 On parle de Malink\u00e9 et de Konianik\u0117 au Nord de Macenta. Les Konianik\u00e9 y avaient form\u00e9 un royaume en 1864 notamment \u00e0 Kouankan.<br \/>\nLa Tombe du Fondateur de Macenta,\u00a0 Massa Konogui existe. La marque de la langue toma sur le nom de la ville (Massata devenu par d\u00e9formation Macenta),\u00a0 les collines et plateaux environnant la commune urbaine de Macenta nomm\u00e9s en toma (Kpainghiz\u00e9), Woko, Woloto, Kalivassa, etc.) et les cours d\u2019eau (Z\u00e9zinada, Wonigba,<br \/>\nZazazia, Bologo etc.) sont des preuves de la paternit\u00e9 du statut de<br \/>\nfondateur de Macenta \u00e0 la communaut\u00e9 loma. Le couplage du toma avec le koniak\u00e9, communaut\u00e9 allochtone que communaut\u00e9 autochtone loma a accueillie \u00e0 Macenta sont des preuves tangibles de l\u2019hospitalit\u00e9 l\u00e9gendaire des tomas que les soi-disant intellectuels veulent falsifier. On ne confond pas la cr\u00e9ation d\u2019une organisation \u00e0 la cr\u00e9ation d\u2019un Village.<\/p>\n<p>En attendant la r\u00e9ponse de la communaut\u00e9 loma.<br \/>\nLes jeunes loma de Macenta\u00a0 r\u00e9sident \u00e0 Conakry, mettent en garde ces personnes contre toute falsification de l\u2019histoire de la fondation de Macenta. Nous invitons les jeunes de la Guin\u00e9e foresti\u00e8re et des autres r\u00e9gions du pays \u00e0 signer un pacte de paix et de d\u00e9veloppement pour freiner le repli identitaire en Guin\u00e9e.<\/p>\n<p>Nous encourageons I\u2019Etat \u00e0 poursuivre l\u2019enqu\u00eate d\u00e9j\u00e0 ouverte et \u00e0<br \/>\nacc\u00e9l\u00e9rer la proc\u00e9dure judiciaire concernant les personnes arr\u00eat\u00e9es<br \/>\ndans cette tragique affaire afin de lib\u00e9rer les innocents et d\u2019\u00e9tablir<br \/>\nla v\u00e9rit\u00e9 historique de la fondation de Macenta.<br \/>\nQuant \u00e0 la fondation du village de Massata (Macenta), nous invitons<br \/>\nfraternellement la communaut\u00e9 Toma-Manian \u00e0 une confrontation<br \/>\nintellectuelle pour \u00e9lucider l\u2019appartenance de la paternit\u00e9 de la<br \/>\nville de Macenta.<\/p>\n<p>K\u2019warpone pour Guineequotidien.com<\/p>\n<\/div>\n","protected":false},"excerpt":{"rendered":"<p>Les ressortissants de la communaut\u00e9 Toma ont fait une d\u00e9claration samedi 9 janvier 2021 suite au conflit intercommunautaire qui a eu lieu entre Toma et Toma-Manian dans la commune urbaine de Macenta. Voici l\u2019int\u00e9gralit\u00e9 de la d\u00e9claration qui a \u00e9t\u00e9 rendu public par Benjamin B\u00e9avogui dans la salle de conf\u00e9rence de la maison de la [&hellip;]<\/p>\n","protected":false},"author":2,"featured_media":6485,"comment_status":"open","ping_status":"open","sticky":false,"template":"","format":"standard","meta":{"footnotes":""},"categories":[58],"tags":[],"class_list":{"0":"post-6483","1":"post","2":"type-post","3":"status-publish","4":"format-standard","5":"has-post-thumbnail","7":"category-societe"},"_links":{"self":[{"href":"https:\/\/conakrynews.org\/index.php\/wp-json\/wp\/v2\/posts\/6483","targetHints":{"allow":["GET"]}}],"collection":[{"href":"https:\/\/conakrynews.org\/index.php\/wp-json\/wp\/v2\/posts"}],"about":[{"href":"https:\/\/conakrynews.org\/index.php\/wp-json\/wp\/v2\/types\/post"}],"author":[{"embeddable":true,"href":"https:\/\/conakrynews.org\/index.php\/wp-json\/wp\/v2\/users\/2"}],"replies":[{"embeddable":true,"href":"https:\/\/conakrynews.org\/index.php\/wp-json\/wp\/v2\/comments?post=6483"}],"version-history":[{"count":0,"href":"https:\/\/conakrynews.org\/index.php\/wp-json\/wp\/v2\/posts\/6483\/revisions"}],"wp:featuredmedia":[{"embeddable":true,"href":"https:\/\/conakrynews.org\/index.php\/wp-json\/wp\/v2\/media\/6485"}],"wp:attachment":[{"href":"https:\/\/conakrynews.org\/index.php\/wp-json\/wp\/v2\/media?parent=6483"}],"wp:term":[{"taxonomy":"category","embeddable":true,"href":"https:\/\/conakrynews.org\/index.php\/wp-json\/wp\/v2\/categories?post=6483"},{"taxonomy":"post_tag","embeddable":true,"href":"https:\/\/conakrynews.org\/index.php\/wp-json\/wp\/v2\/tags?post=6483"}],"curies":[{"name":"wp","href":"https:\/\/api.w.org\/{rel}","templated":true}]}}