{"id":6491,"date":"2021-01-12T11:07:23","date_gmt":"2021-01-12T11:07:23","guid":{"rendered":"https:\/\/conakrynews.org\/?p=6491"},"modified":"2021-01-12T11:19:59","modified_gmt":"2021-01-12T11:19:59","slug":"proces-fonike-mengue-un-an-requis-laffaire-renvoyee-au-14-decembre-prochain","status":"publish","type":"post","link":"https:\/\/conakrynews.org\/index.php\/proces-fonike-mengue-un-an-requis-laffaire-renvoyee-au-14-decembre-prochain\/","title":{"rendered":"Proc\u00e8s Fonik\u00e9 Mengu\u00e8 : un an requis, l\u2019affaire renvoy\u00e9e au 14 d\u00e9cembre prochain"},"content":{"rendered":"<header class=\"entry-header\">\n<h1 class=\"post-title entry-title\"><img loading=\"lazy\" decoding=\"async\" class=\"alignright size-full wp-image-6497\" src=\"https:\/\/conakrynews.org\/wp-content\/uploads\/2021\/01\/Fonike.jpg\" alt=\"\" width=\"258\" height=\"196\" \/><\/h1>\n<\/header>\n<div class=\"entry-content\">\n<aside class=\"mashsb-container mashsb-main mashsb-stretched\">\n<div class=\"mashsb-box\">\n<div class=\"mashsb-count\">\n<div class=\"counts mashsbcount\"><\/div>\n<\/div>\n<\/div>\n<div><\/div>\n<\/aside>\n<p>Le dossier minist\u00e8re public Oumar Sylla alias Fonik\u00e9 Mengu\u00e8, poursuivi pour attroupement ill\u00e9gal s\u2019est tenu ce lundi 11 janvier 2021, au tribunal de premi\u00e8re instance de Mafanco.<\/p>\n<p>Appel\u00e9 \u00e0 la barre, le pr\u00e9venu a ni\u00e9 en bloc toutes les charges retenues contre lui. D\u2019apr\u00e8s Fonik\u00e9 mengu\u00e8, il a \u00e9t\u00e9 kidnapp\u00e9 par un groupe de gendarmes le 29 septembre dernier \u00e0 Gbessia.<\/p>\n<p>\u00ab\u00a0<em>Je ne reconnais pas les fais qui me sont reproch\u00e9s dans cette affaire. C\u2019\u00e9tait le 29 septembre dernier que je me suis d\u00e9plac\u00e9 sur la moto pour Gbessia. C\u2019est en cours de route qu\u2019un groupe de gendarmes sont tomb\u00e9s sur moi pour m\u2019arr\u00eater. J\u2019ai \u00e9t\u00e9 bless\u00e9 et je garde jusqu\u2019\u00e0 maintenant les cicatrices. C\u2019est la moto qu\u2019il m\u2019ont pris<\/em>\u00a0\u00bb, a-t-il expliqu\u00e9.<\/p>\n<p>Contrairement \u00e0 ce que l\u2019accusation dit, il a dit que c\u2019est la victime dans cette affaire.\u00a0<em>\u00ab\u00a0J\u2019ai \u00e9t\u00e9 victime de kidnapping et je dois porter plainte contre ces agents<\/em>\u00a0\u00bb, s\u2019est d\u00e9fendu Oumar Sylla.<\/p>\n<p>Faisant un rappel des faits, le \u00a0procureur a dit ceci\u00a0: \u00ab\u00a0<em>Madame la pr\u00e9sidente, vous avez par devant vous Oumar Sylla, Fonik\u00e9 Mengu\u00e8, le roi des jeunes. Le FNDC a appel\u00e9 \u00e0 une manifestation non autoris\u00e9e. Vu l\u2019ampleur de la manifestation, le gouvernement a jug\u00e9 utile de l\u2019interdire.<\/em><\/p>\n<p><em>Malgr\u00e9 cette interdiction, le 29 septembre donc, Oumar Sylla, alias Fonik\u00e9 Mengu\u00e8, domicili\u00e9 \u00e0 Comandanyah, \u00e0 la Mini\u00e8re, a pris une moto pour aller\u00a0 inciter les jeunes \u00e0 sortir. C\u2019est en cours de route \u00a0qu\u2019il a \u00e9t\u00e9 interpell\u00e9 \u00e0 Gbessia-Olympio et conduit \u00e0 la DPJ o\u00f9 il fut interrog\u00e9. Devant la police judiciaire, Oumar Sylla a refus\u00e9 cat\u00e9goriquement de r\u00e9pondre aux agents. C\u2019est ainsi qu\u2019 il a \u00e9t\u00e9 envoy\u00e9 par devant notre tribunal<\/em>\u00a0\u00bb.<\/p>\n<p>Poursuivant, l\u2019empereur des poursuites a dit\u00a0:\u00a0\u00ab\u00a0<em>Madame la pr\u00e9sidente, Oumar Sylla, alias Fonik\u00e9 Mengu\u00e8 est par devant ce tribunal pour des faits d\u2019attroupement non autoris\u00e9e. Son attitude a caus\u00e9 un trouble \u00e9norme \u00e0 l\u2019ordre public. C\u2019est pourquoi, je demande \u00a0qu\u2019il vous plaise de le retenir dans les liens de la\u00a0pr\u00e9vention. Pour la r\u00e9pression, le condamner \u00e0 un an d\u2019emprisonnement ferme<\/em>\u00a0\u00bb, a requis le procureur, Lansana Sangar\u00e9.<\/p>\n<p>Contrairement aux propos du parquet, la d\u00e9fense a estim\u00e9 que cette affaire est vide dans son contenu et mont\u00e9e de toutes pi\u00e8ces.<\/p>\n<p>Selon Me Antoine P\u00e9p\u00e9 Lamah, c\u2019est une affaire politico-judiciaire.\u00a0\u00ab\u00a0<em>Le procureur a \u00e9t\u00e9 incapable de prouver la culpabilit\u00e9 de leur client. Aucun \u00e9l\u00e9ment de preuve ne d\u00e9montre que Monsieur Oumar Sylla a particip\u00e9 \u00e0 un attroupement ill\u00e9gal.<\/em><em>\u00a0Nous vous prions Madame la pr\u00e9sidente de renvoyer M. Oumar Sylla dit Fonik\u00e9 Mengu\u00ea\u00e0\u00a0des fins de la poursuite pour d\u00e9lit non constitu\u00e9, renvoy\u00e9 le minist\u00e8re public \u00e0 mieux se pourvoir\u201d<\/em>, a-t-il plaid\u00e9 \u00a0l\u2019avocat.<\/p>\n<p>Les autres avocats de la d\u00e9fense dont Me Mohamed Traor\u00e9, Me Salifou Beavogui, Me Thierno Souleymane Barry et autres ont tous sollicit\u00e9 la relaxe pure et simple de leur client.<\/p>\n<p>C\u2019est sur ces mots que la pr\u00e9sidente du tribunal \u00a0Madame Djeinabou Donghol Diallo a renvoy\u00e9 l\u2019affaire au 14 janvier prochain pour rendre la d\u00e9cision.<\/p>\n<p><strong>Alkhaly Cond\u00e9 depuis Mafanco pour guineelive<\/strong><\/p>\n<\/div>\n","protected":false},"excerpt":{"rendered":"<p>Le dossier minist\u00e8re public Oumar Sylla alias Fonik\u00e9 Mengu\u00e8, poursuivi pour attroupement ill\u00e9gal s\u2019est tenu ce lundi 11 janvier 2021, au tribunal de premi\u00e8re instance de Mafanco. Appel\u00e9 \u00e0 la barre, le pr\u00e9venu a ni\u00e9 en bloc toutes les charges retenues contre lui. D\u2019apr\u00e8s Fonik\u00e9 mengu\u00e8, il a \u00e9t\u00e9 kidnapp\u00e9 par un groupe de gendarmes [&hellip;]<\/p>\n","protected":false},"author":2,"featured_media":6497,"comment_status":"open","ping_status":"open","sticky":false,"template":"","format":"standard","meta":{"footnotes":""},"categories":[1],"tags":[],"class_list":{"0":"post-6491","1":"post","2":"type-post","3":"status-publish","4":"format-standard","5":"has-post-thumbnail","7":"category-non-classe"},"_links":{"self":[{"href":"https:\/\/conakrynews.org\/index.php\/wp-json\/wp\/v2\/posts\/6491","targetHints":{"allow":["GET"]}}],"collection":[{"href":"https:\/\/conakrynews.org\/index.php\/wp-json\/wp\/v2\/posts"}],"about":[{"href":"https:\/\/conakrynews.org\/index.php\/wp-json\/wp\/v2\/types\/post"}],"author":[{"embeddable":true,"href":"https:\/\/conakrynews.org\/index.php\/wp-json\/wp\/v2\/users\/2"}],"replies":[{"embeddable":true,"href":"https:\/\/conakrynews.org\/index.php\/wp-json\/wp\/v2\/comments?post=6491"}],"version-history":[{"count":0,"href":"https:\/\/conakrynews.org\/index.php\/wp-json\/wp\/v2\/posts\/6491\/revisions"}],"wp:featuredmedia":[{"embeddable":true,"href":"https:\/\/conakrynews.org\/index.php\/wp-json\/wp\/v2\/media\/6497"}],"wp:attachment":[{"href":"https:\/\/conakrynews.org\/index.php\/wp-json\/wp\/v2\/media?parent=6491"}],"wp:term":[{"taxonomy":"category","embeddable":true,"href":"https:\/\/conakrynews.org\/index.php\/wp-json\/wp\/v2\/categories?post=6491"},{"taxonomy":"post_tag","embeddable":true,"href":"https:\/\/conakrynews.org\/index.php\/wp-json\/wp\/v2\/tags?post=6491"}],"curies":[{"name":"wp","href":"https:\/\/api.w.org\/{rel}","templated":true}]}}