{"id":6549,"date":"2021-01-15T11:13:11","date_gmt":"2021-01-15T11:13:11","guid":{"rendered":"https:\/\/conakrynews.org\/?p=6549"},"modified":"2021-01-15T11:13:11","modified_gmt":"2021-01-15T11:13:11","slug":"lapprenti-guineen-du-boulanger-de-besancon-en-greve-de-la-faim-a-ete-regularise","status":"publish","type":"post","link":"https:\/\/conakrynews.org\/index.php\/lapprenti-guineen-du-boulanger-de-besancon-en-greve-de-la-faim-a-ete-regularise\/","title":{"rendered":"L\u2019apprenti guin\u00e9en du boulanger de Besan\u00e7on en gr\u00e8ve de la faim a \u00e9t\u00e9 r\u00e9gularis\u00e9"},"content":{"rendered":"<h1 class=\"name post-title entry-title\"><img loading=\"lazy\" decoding=\"async\" class=\"alignright size-medium wp-image-6550\" src=\"https:\/\/conakrynews.org\/wp-content\/uploads\/2021\/01\/60005cf5260000497f0c6e1f-660x330-1-515x258.jpeg\" alt=\"\" width=\"515\" height=\"258\" srcset=\"https:\/\/conakrynews.org\/wp-content\/uploads\/2021\/01\/60005cf5260000497f0c6e1f-660x330-1-515x258.jpeg 515w, https:\/\/conakrynews.org\/wp-content\/uploads\/2021\/01\/60005cf5260000497f0c6e1f-660x330-1.jpeg 660w\" sizes=\"auto, (max-width: 515px) 100vw, 515px\" \/><\/h1>\n<p class=\"post-meta\">\n<div class=\"clear\"><\/div>\n<div class=\"entry\">\n<p>Le boulanger de Besan\u00e7on (est de la France)\u00a0qui \u00e9tait en gr\u00e8ve de la faim depuis une semaine pour protester contre l\u2019expulsion de son apprenti guin\u00e9en va pouvoir continuer de l\u2019employer\u00a0: le jeune homme a \u00e9t\u00e9 r\u00e9gularis\u00e9\u00a0et va pouvoir rester en France.<\/p>\n<p>\u00ab\u00a0Laye est r\u00e9gularis\u00e9 ! Et il reprend le travail mardi !\u00a0\u00bb St\u00e9phane Ravacley a de quoi se r\u00e9jouir.\u00a0Le boulanger de Besan\u00e7on \u00e9tait en gr\u00e8ve de la faim depuis plusieurs jours pour r\u00e9clamer la r\u00e9gularisation de son apprenti, Laye Fod\u00e9 Traor\u00e9, un Guin\u00e9en de 18 ans vis\u00e9 par une obligation de quitter le territoire fran\u00e7ais. St\u00e9phane Ravacley a annonc\u00e9 la nouvelle \u00e0 la sortie de la pr\u00e9fecture de Haute-Sa\u00f4ne, o\u00f9 tous deux ont \u00e9t\u00e9 re\u00e7us ce jeudi.<\/p>\n<p>\u00c0\u00a0l\u2019annonce de sa r\u00e9gularisation, le jeune homme a \u00ab\u00a0pratiquement pleur\u00e9\u00a0\u00bb, a confi\u00e9 son ma\u00eetre d\u2019apprentissage. \u00ab\u00a0Il a remerci\u00e9 son patron, ses \u00e9ducatrices et l\u2019\u00c9tat fran\u00e7ais\u00a0\u00bb, a ajout\u00e9 St\u00e9phane\u00a0Ravacley.\u00a0\u00ab\u00a0C\u2019est une grande joie, une victoire. Maintenant, on va aussi se battre pour les autres\u00a0\u00bb qui sont dans le m\u00eame cas ailleurs en France, a-t-il ajout\u00e9.<\/p>\n<p>Une p\u00e9tition a recueilli plus de 220\u00a0000 signatures<\/p>\n<p>Pris en charge en France en tant que mineur isol\u00e9, Laye Fod\u00e9 Traor\u00e9 n\u2019avait pas obtenu de titre de s\u00e9jour \u00e0 sa majorit\u00e9. La pr\u00e9fecture consid\u00e9rait jusqu\u2019\u00e0 pr\u00e9sent que les documents d\u2019identit\u00e9 du jeune homme n\u2019\u00e9taient pas authentiques. Mais leur validation r\u00e9cente par l\u2019ambassade de Guin\u00e9e, qui \u00ab\u00a0lui a d\u00e9livr\u00e9 un acte de naissance\u00a0\u00bb, et une forte mobilisation citoyenne en faveur de Laye Fod\u00e9 Traor\u00e9 ont men\u00e9 la pr\u00e9fecture \u00e0 revoir sa position, selon St\u00e9phane Ravacley.<\/p>\n<p>Une p\u00e9tition en faveur du jeune boulanger, lanc\u00e9e par son patron, avait recueilli mardi plus de 220\u00a0000 signatures. Le boulanger, en gr\u00e8ve de la faim depuis 10 jours, avait \u00e9t\u00e9 pris en charge aux urgences mardi apr\u00e8s un malaise. Il a annonc\u00e9 qu\u2019il allait recommencer \u00e0 s\u2019alimenter normalement.<\/p>\n<p>Des personnalit\u00e9s du monde politique, syndical, artistique ou litt\u00e9raire dont Omar Sy, Nicolas Hulot et Marion Cotillard avaient appel\u00e9 lundi 11 janvier le pr\u00e9sident fran\u00e7ais Emmanuel Macron \u00e0 \u00ab\u00a0aider le boulanger de Besan\u00e7on en gr\u00e8ve de la faim\u00a0\u00bb, dans une tribune publi\u00e9e dans le Nouvel Observateur.<\/p>\n<p>&nbsp;<\/p>\n<p>Avec AFP<\/p>\n<\/div>\n","protected":false},"excerpt":{"rendered":"<p>Le boulanger de Besan\u00e7on (est de la France)\u00a0qui \u00e9tait en gr\u00e8ve de la faim depuis une semaine pour protester contre l\u2019expulsion de son apprenti guin\u00e9en va pouvoir continuer de l\u2019employer\u00a0: le jeune homme a \u00e9t\u00e9 r\u00e9gularis\u00e9\u00a0et va pouvoir rester en France. \u00ab\u00a0Laye est r\u00e9gularis\u00e9 ! Et il reprend le travail mardi !\u00a0\u00bb St\u00e9phane Ravacley a [&hellip;]<\/p>\n","protected":false},"author":2,"featured_media":6550,"comment_status":"open","ping_status":"open","sticky":false,"template":"","format":"standard","meta":{"footnotes":""},"categories":[58],"tags":[],"class_list":{"0":"post-6549","1":"post","2":"type-post","3":"status-publish","4":"format-standard","5":"has-post-thumbnail","7":"category-societe"},"_links":{"self":[{"href":"https:\/\/conakrynews.org\/index.php\/wp-json\/wp\/v2\/posts\/6549","targetHints":{"allow":["GET"]}}],"collection":[{"href":"https:\/\/conakrynews.org\/index.php\/wp-json\/wp\/v2\/posts"}],"about":[{"href":"https:\/\/conakrynews.org\/index.php\/wp-json\/wp\/v2\/types\/post"}],"author":[{"embeddable":true,"href":"https:\/\/conakrynews.org\/index.php\/wp-json\/wp\/v2\/users\/2"}],"replies":[{"embeddable":true,"href":"https:\/\/conakrynews.org\/index.php\/wp-json\/wp\/v2\/comments?post=6549"}],"version-history":[{"count":0,"href":"https:\/\/conakrynews.org\/index.php\/wp-json\/wp\/v2\/posts\/6549\/revisions"}],"wp:featuredmedia":[{"embeddable":true,"href":"https:\/\/conakrynews.org\/index.php\/wp-json\/wp\/v2\/media\/6550"}],"wp:attachment":[{"href":"https:\/\/conakrynews.org\/index.php\/wp-json\/wp\/v2\/media?parent=6549"}],"wp:term":[{"taxonomy":"category","embeddable":true,"href":"https:\/\/conakrynews.org\/index.php\/wp-json\/wp\/v2\/categories?post=6549"},{"taxonomy":"post_tag","embeddable":true,"href":"https:\/\/conakrynews.org\/index.php\/wp-json\/wp\/v2\/tags?post=6549"}],"curies":[{"name":"wp","href":"https:\/\/api.w.org\/{rel}","templated":true}]}}