{"id":6560,"date":"2021-01-18T09:54:05","date_gmt":"2021-01-18T09:54:05","guid":{"rendered":"https:\/\/conakrynews.org\/?p=6560"},"modified":"2021-01-18T09:54:05","modified_gmt":"2021-01-18T09:54:05","slug":"le-gouvernement-guineen-la-bad-et-le-pnud-signent-des-accords-de-financement-pour-renforcer-lemploi-des-jeunes-et-la-mobilisation-des-ressources-internes","status":"publish","type":"post","link":"https:\/\/conakrynews.org\/index.php\/le-gouvernement-guineen-la-bad-et-le-pnud-signent-des-accords-de-financement-pour-renforcer-lemploi-des-jeunes-et-la-mobilisation-des-ressources-internes\/","title":{"rendered":"Le Gouvernement Guin\u00e9en, la BAD et le PNUD signent des Accords de financement pour renforcer l\u2019emploi des jeunes et la mobilisation des ressources internes"},"content":{"rendered":"<h1 class=\"name post-title entry-title\"><\/h1>\n<p class=\"post-meta\">\n<div class=\"clear\">L<img loading=\"lazy\" decoding=\"async\" class=\"alignright size-medium wp-image-6561\" src=\"https:\/\/conakrynews.org\/wp-content\/uploads\/2021\/01\/gbp-660x330-1-515x258.jpg\" alt=\"\" width=\"515\" height=\"258\" srcset=\"https:\/\/conakrynews.org\/wp-content\/uploads\/2021\/01\/gbp-660x330-1-515x258.jpg 515w, https:\/\/conakrynews.org\/wp-content\/uploads\/2021\/01\/gbp-660x330-1.jpg 660w\" sizes=\"auto, (max-width: 515px) 100vw, 515px\" \/>a Ministre du Plan et du D\u00e9veloppement \u00e9conomique, Mme Kanny Diallo, \u00a0le Repr\u00e9sentant Pays de la Banque Africaine de D\u00e9veloppement (BAD), M. L\u00e9andre Bassol\u00e9 et le Repr\u00e9sentant r\u00e9sident du Programme des Nations Unies pour le D\u00e9veloppement (PNUD) en Guin\u00e9e, M. Luc Jo\u00ebl Gr\u00e9goire ont proc\u00e9d\u00e9 hier Vendredi 15 Janvier 2021, \u00e0 la signature des Accords tripartites de financement et d\u2019ex\u00e9cution dans le cadre du projet d\u2019assistance technique \u00e0 l\u2019emploi des jeunes, financ\u00e9 par la BAD dans le cadre de l\u2019Initiative pour l\u2019entreprenariat et l\u2019innovation des jeunes.<\/div>\n<div class=\"entry\">\n<p>&nbsp;<\/p>\n<p>Cette c\u00e9r\u00e9monie a enregistr\u00e9 la pr\u00e9sence du Ministre de la Jeunesse et Emploi jeunes, M. Mouctar Diallo, du Ministre de l\u2019Economie et des Finances, M. Mamadi Camara et plusieurs Hauts Cadres de l\u2019Administration. Le Repr\u00e9sentant r\u00e9sident du PNUD \u00e9tait entour\u00e9 de l\u2019Economiste Principal et Responsable de l\u2019Unit\u00e9 Politiques et Strat\u00e9gies (UPS), M. Mohamed Abba et de la Team\u00a0 leader du Cluster Transformation Economique et D\u00e9veloppement durable Mme Naima Pages.<\/p>\n<p>&nbsp;<\/p>\n<p>Ainsi, \u00a0la c\u00e9r\u00e9monie porte sur deux projets, mais ce sont trois documents d\u2019accords de don qui ont l\u2019objet de signature, \u00e0 savoir\u00a0:<\/p>\n<p>&nbsp;<\/p>\n<ol>\n<li>Accord de don de pr\u00e8s de 12.8 millions de dollars pour le financement du Projet d\u2019appui \u00e0 la mobilisation des ressources internes et \u00e0 la formalisation des entreprises<\/li>\n<li>Accord de don de pr\u00e8s de 1.5 millions de dollars pour le financement de l\u2019assistance technique \u00e0 l\u2019emploi des jeunes<\/li>\n<li>Accord de don de 500 000 dollars au titre du Fonds fiduciaire, multidonnateurs pour l\u2019entreprenariat et l\u2019innovation des jeunes<\/li>\n<\/ol>\n<p>L\u2019objectif du Projet\u00a0d\u2019assistance technique \u00e0 l\u2019emploi des jeunes est de contribuer \u00e0 cr\u00e9er une croissance \u00e9conomique plus inclusive \u00e0 travers le renforcement de l\u2019employabilit\u00e9 des jeunes et la promotion de l\u2019entreprenariat en Guin\u00e9e.<\/p>\n<p>&nbsp;<\/p>\n<p>Les actions qui seront conduites dans le cadre des pr\u00e9sents Accords tripartites permettront notamment d\u2019assurer la centralit\u00e9 des questions d\u2019Emploi et plus sp\u00e9cifiquement d\u2019Emploi des Jeunes au sein du futur PNDES 2021-2025 conform\u00e9ment aux orientations des autorit\u00e9s guin\u00e9ennes et \u00e0 la vision Guin\u00e9e 2040 pour l\u2019inclusivit\u00e9, la croissance partag\u00e9e et l\u2019\u00e9mergence du pays.<\/p>\n<p>&nbsp;<\/p>\n<p><strong><u>Trois interventions, avec des messages forts et cl\u00e9s, ont \u00e9t\u00e9 prononc\u00e9es, pendant la c\u00e9r\u00e9monie de Signature\u00a0:<\/u><\/strong><\/p>\n<p>&nbsp;<\/p>\n<ol>\n<li><strong><u>Luc Jo\u00ebl Gr\u00e9goire Repr\u00e9sentant r\u00e9sident du PNUD\u00a0:<\/u><\/strong><em>La signature qui nous r\u00e9unit aujourd\u2019hui est une \u00e9tape nouvelle fond\u00e9e sur un partenariat triangulaire MPDE\/BAD\/PNUD d\u00e9but\u00e9 en 2012 et qui s\u2019est consolid\u00e9 au fil des ann\u00e9es avec pour objectif le renforcement du syst\u00e8me de planification strat\u00e9gique et de gestion pour le d\u00e9veloppement et l\u2019atteinte des ODD. C\u2019est ici l\u2019occasion pour le PNUD \u00e0 la fois de relever le r\u00f4le majeur du Minist\u00e8re du Plan et du D\u00e9veloppement \u00e9conomique en vous f\u00e9licitant Mme la Ministre et du D\u00e9veloppement \u00e9conomique pour la direction strat\u00e9gique et m\u00eame visionnaire que vous avez donn\u00e9e et de marquer notre satisfaction pour la pertinence, la qualit\u00e9 et l\u2019ampleur de ce partenariat. Je voudrais \u00e9galement remercier la BAD pour sa confiance et la qualit\u00e9 de ses orientations programmatiques mais aussi son Repr\u00e9sentant R\u00e9sident pour le management exemplaire qu\u2019il d\u00e9ploie et son engagement sans faille qui ont permis le partenariat strat\u00e9gique qui lie nos deux institutions au profit des chantiers prioritaires pour le d\u00e9veloppement de la Guin\u00e9e, conform\u00e9ment aux orientations et attentes d\u00e9finies par le Gouvernement.<\/em><\/li>\n<\/ol>\n<p>&nbsp;<\/p>\n<ol start=\"2016\">\n<li><strong><u>Leandre Bassol\u00e9 Repr\u00e9sentant Pays de la BAD\u00a0<\/u><\/strong>: \u00a0<em>Cette c\u00e9r\u00e9monie se d\u00e9roule dans un environnement mondial marqu\u00e9 par la COVID-19 qui a affect\u00e9 tous les pays du monde avec des impacts au niveau \u00e9conomique et social\u2026.La Banque Africaine de D\u00e9veloppement, votre Banque a toujours \u00e9t\u00e9 aupr\u00e8s du Gouvernement pour faire face \u00e0 la pand\u00e9mie et le restera pour \u00e9radiquer durablement la COVID-19 en Guin\u00e9e comme nous l\u2019avions fait pendant Ebola en 2014, 2015, 2016. En effet nous avons ajust\u00e9 notre programme de pr\u00eats en 2020 pour apporter un appui \u00e0 deux niveaux au Gouvernement.<\/em><\/li>\n<\/ol>\n<ol>\n<li><em>15 millions de dollars pour contribuer \u00e0 la r\u00e9ponse aux besoins les plus urgents dans les domaines sanitaire, social et agricole,<\/em><\/li>\n<li><em>34 millions dollars pour contribuer \u00e0 l\u2019effort de relance \u00e9conomique \u00e0 travers l\u2019appui budg\u00e9taire d\u2019urgence.<\/em><\/li>\n<\/ol>\n<p><em>Je salue le tandem fort entre le Minist\u00e8re du Plan et D\u00e9veloppement \u00e9conomique et la BAD dont vous \u00eates la Gouverneur et qui constitue un belle exemple de la bonne coordination entre les bailleurs pour amplifier la contribution pour le d\u00e9veloppement de la Guin\u00e9e.<\/em><\/p>\n<p>&nbsp;<\/p>\n<p><strong><u>Mme Kanny Diallo, Ministre du Plan et du D\u00e9veloppement Economique\u00a0:<\/u><\/strong>\u00a0<em>Le projet d\u2019assistance technique \u00e0 l\u2019emploi des jeunes e package vient soutenir les efforts du Gouvernement dans sa r\u00e9ponse aux besoins des jeunes pour leur insertion sur le march\u00e9 du travail \u00e0 travers trois composantes, \u00e0 savoir\u00a0: le renforcement du cadre r\u00e9glementaire et institutionnel pour l\u2019emploi et l\u2019entreprenariat des jeunes, l\u2019am\u00e9lioration de l\u2019employabilit\u00e9 et la gestion des projets. Le second projet \u00a0qui vise \u00e0 consolider le cadre macro\u00e9conomique \u00e0 travers une meilleure mobilisation des recettes fiscales et douani\u00e8res et la promotion du secteur priv\u00e9 national, se d\u00e9cline en trois composantes essentielles\u00a0: l\u2019appui \u00e0 la mobilisation des ressources internes, l\u2019appui \u00e0 la formalisation des entreprises et la gestion des projets.<\/em><\/p>\n<p><em>Ces deux projets inscrits dans le PNDES (2016-2020) \u00a0seront int\u00e9gr\u00e9s dans le nouveau PNDES (2021-2025) pour refl\u00e9ter les priorit\u00e9s que repr\u00e9sentent, pour les autorit\u00e9s, \u00a0les questions relatives \u00e0 l\u2019emploi des jeunes et la mobilisation des ressources internes. Je voudrais saisir cette occasion pour remercier, au nom du Gouvernement, la BAD et son Pr\u00e9sident, le PNUD ainsi que tous les partenaires au d\u00e9veloppement, pour les appuis constants qu\u2019ils ne cessent d\u2019apporter \u00e0 la Guin\u00e9e.<\/em><\/p>\n<p>&nbsp;<\/p>\n<p><strong>Avec PNUD-Guin\u00e9e<\/strong><\/p>\n<\/div>\n","protected":false},"excerpt":{"rendered":"<p>La Ministre du Plan et du D\u00e9veloppement \u00e9conomique, Mme Kanny Diallo, \u00a0le Repr\u00e9sentant Pays de la Banque Africaine de D\u00e9veloppement (BAD), M. L\u00e9andre Bassol\u00e9 et le Repr\u00e9sentant r\u00e9sident du Programme des Nations Unies pour le D\u00e9veloppement (PNUD) en Guin\u00e9e, M. Luc Jo\u00ebl Gr\u00e9goire ont proc\u00e9d\u00e9 hier Vendredi 15 Janvier 2021, \u00e0 la signature des Accords [&hellip;]<\/p>\n","protected":false},"author":2,"featured_media":6561,"comment_status":"open","ping_status":"open","sticky":false,"template":"","format":"standard","meta":{"footnotes":""},"categories":[58],"tags":[],"class_list":{"0":"post-6560","1":"post","2":"type-post","3":"status-publish","4":"format-standard","5":"has-post-thumbnail","7":"category-societe"},"_links":{"self":[{"href":"https:\/\/conakrynews.org\/index.php\/wp-json\/wp\/v2\/posts\/6560","targetHints":{"allow":["GET"]}}],"collection":[{"href":"https:\/\/conakrynews.org\/index.php\/wp-json\/wp\/v2\/posts"}],"about":[{"href":"https:\/\/conakrynews.org\/index.php\/wp-json\/wp\/v2\/types\/post"}],"author":[{"embeddable":true,"href":"https:\/\/conakrynews.org\/index.php\/wp-json\/wp\/v2\/users\/2"}],"replies":[{"embeddable":true,"href":"https:\/\/conakrynews.org\/index.php\/wp-json\/wp\/v2\/comments?post=6560"}],"version-history":[{"count":0,"href":"https:\/\/conakrynews.org\/index.php\/wp-json\/wp\/v2\/posts\/6560\/revisions"}],"wp:featuredmedia":[{"embeddable":true,"href":"https:\/\/conakrynews.org\/index.php\/wp-json\/wp\/v2\/media\/6561"}],"wp:attachment":[{"href":"https:\/\/conakrynews.org\/index.php\/wp-json\/wp\/v2\/media?parent=6560"}],"wp:term":[{"taxonomy":"category","embeddable":true,"href":"https:\/\/conakrynews.org\/index.php\/wp-json\/wp\/v2\/categories?post=6560"},{"taxonomy":"post_tag","embeddable":true,"href":"https:\/\/conakrynews.org\/index.php\/wp-json\/wp\/v2\/tags?post=6560"}],"curies":[{"name":"wp","href":"https:\/\/api.w.org\/{rel}","templated":true}]}}